{"id":41152,"date":"2024-04-10T11:59:20","date_gmt":"2024-04-10T14:59:20","guid":{"rendered":"https:\/\/radiorevelacionfm.cl\/?p=41152"},"modified":"2024-04-10T11:59:20","modified_gmt":"2024-04-10T14:59:20","slug":"seremis-invitan-a-discutir-lo-que-sera-la-primera-politica-nacional-de-apoyos-y-cuidados","status":"publish","type":"post","link":"https:\/\/radiorevelacionfm.cl\/?p=41152","title":{"rendered":"Seremis invitan a discutir lo que ser\u00e1 la primera pol\u00edtica nacional de apoyos y cuidados"},"content":{"rendered":"<div class=\"flex_column av_one_full  flex_column_div av-zero-column-padding first  avia-builder-el-0  el_before_av_one_full  avia-builder-el-first  \" style='border-radius:0px; '><div  class='avia-image-container  av-styling-    avia-builder-el-1  avia-builder-el-no-sibling  avia-align-center '  itemprop=\"image\" itemscope=\"itemscope\" itemtype=\"https:\/\/schema.org\/ImageObject\"  ><div class='avia-image-container-inner'><div class='avia-image-overlay-wrap'><img decoding=\"async\" class='wp-image-41153 avia-img-lazy-loading-not-41153 avia_image' src=\"https:\/\/radiorevelacionfm.cl\/wp-content\/uploads\/2024\/04\/seremis-cuidados-1-1_optimized-1.jpeg\" alt='' title='seremis-cuidados-(1)-(1)_optimized (1)' height=\"660\" width=\"800\"  itemprop=\"thumbnailUrl\" srcset=\"https:\/\/radiorevelacionfm.cl\/wp-content\/uploads\/2024\/04\/seremis-cuidados-1-1_optimized-1.jpeg 800w, https:\/\/radiorevelacionfm.cl\/wp-content\/uploads\/2024\/04\/seremis-cuidados-1-1_optimized-1-300x248.jpeg 300w, https:\/\/radiorevelacionfm.cl\/wp-content\/uploads\/2024\/04\/seremis-cuidados-1-1_optimized-1-768x634.jpeg 768w, https:\/\/radiorevelacionfm.cl\/wp-content\/uploads\/2024\/04\/seremis-cuidados-1-1_optimized-1-705x582.jpeg 705w, https:\/\/radiorevelacionfm.cl\/wp-content\/uploads\/2024\/04\/seremis-cuidados-1-1_optimized-1-450x371.jpeg 450w, https:\/\/radiorevelacionfm.cl\/wp-content\/uploads\/2024\/04\/seremis-cuidados-1-1_optimized-1-600x495.jpeg 600w\" sizes=\"(max-width: 800px) 100vw, 800px\" \/><\/div><\/div><\/div><\/div><div class=\"flex_column av_one_full  flex_column_div av-zero-column-padding first  avia-builder-el-2  el_after_av_one_full  el_before_av_one_full  column-top-margin\" style='border-radius:0px; '><section class=\"av_textblock_section \"  itemscope=\"itemscope\" itemtype=\"https:\/\/schema.org\/BlogPosting\" itemprop=\"blogPost\" ><div class='avia_textblock  '   itemprop=\"text\" ><p style=\"text-align: center;\"><strong><span style=\"font-size: 18pt;\">Seremis invitan a discutir lo que ser\u00e1 la primera pol\u00edtica nacional de apoyos y cuidados<\/span><\/strong><\/p>\n<div id=\"gtx-trans\" style=\"position: absolute; left: -50px; top: 4.31534px;\">\n<div class=\"gtx-trans-icon\"><\/div>\n<\/div>\n<\/div><\/section><\/div><div class=\"flex_column av_one_full  flex_column_div av-zero-column-padding first  avia-builder-el-4  el_after_av_one_full  el_before_av_hr  column-top-margin\" style='border-radius:0px; '><section class=\"av_textblock_section \"  itemscope=\"itemscope\" itemtype=\"https:\/\/schema.org\/BlogPosting\" itemprop=\"blogPost\" ><div class='avia_textblock  '   itemprop=\"text\" ><p class=\"v1elementToProof\" style=\"text-align: justify;\"><i>El encuentro de car\u00e1cter abierto ser\u00e1\u00a0 este\u00a0<\/i><i>jueves 11 de abril a las 15:00 horas en dependencias del Gobierno Regional en el Sal\u00f3n Padre Antonio Ronchi, ubicado en General Parra #101 de Coyhaique.<\/i><\/p>\n<p class=\"v1elementToProof\" style=\"text-align: justify;\">Con el objetivo de difundir y validar los lineamientos de la Pol\u00edtica Nacional de Apoyos y Cuidados, este jueves, las carteras de Desarrollo Social y Familia junto con Mujer y Equidad de G\u00e9nero de la regi\u00f3n de Ays\u00e9n, desarrollar\u00e1n en Coyhaique un taller este jueves 11 de abril a las 15:00 horas, que busca recoger las opiniones ciudadanas respecto a la consolidaci\u00f3n de la pol\u00edtica que est\u00e1 trabaj\u00e1ndose de forma paralela en todas las regiones del pa\u00eds.<\/p>\n<p class=\"v1elementToProof\" style=\"text-align: justify;\">Al respecto Karina Acevedo, Seremi de Desarrollo Social y Familia indic\u00f3 que\u00a0\u00abA inicios del Gobierno del presidente Gabriel\u00a0Boric nos encomend\u00f3 como Ministerio a construir una pol\u00edtica p\u00fablica destinada a un Sistema Nacional de Cuidados. Esta pol\u00edtica p\u00fablica se ha ido consolidando con la informaci\u00f3n que nos han dado las cuidadoras, con di\u00e1logos que realizamos en todo Chile, con conversaciones ciudadanas en nuestra regi\u00f3n. Queremos invitar a un taller para validar toda esta construcci\u00f3n de pol\u00edtica p\u00fablica y poder participar de ella, que ser\u00e1 el d\u00eda jueves\u00a011 de abril, en el sal\u00f3n Padre Antonio Ronchi del Gobierno Regional. Es muy importante esta acci\u00f3n porque es la primera pol\u00edtica p\u00fablica que ha participado la ciudadan\u00eda en todo su proceso y para nosotros como Gobierno, es tremendamente importante que nos acompa\u00f1en y que validemos juntas y juntos este proceso de que cuidar es un trabajo y que somos todos parte de aquello\u00bb.<\/p>\n<p class=\"v1elementToProof\" style=\"text-align: justify;\">La creaci\u00f3n de la mesa biministerial entre el Ministerio de Desarrollo Social y Familia y el Ministerio de la Mujer y la Equidad de G\u00e9nero, llev\u00f3 a los di\u00e1logos sociales \u00abhablemos de cuidado\u00bb realizados entre abril y octubre del 2023, en donde participaron 12.614 personas, en su mayor\u00eda mujeres, quienes destacaron las dificultades en cuando a cobertura y oferta de apoyos y cuidados, necesidad de autonom\u00eda econ\u00f3mica, la invisibilizaci\u00f3n de datos de cuidados, concientizaci\u00f3n y sensibilizaci\u00f3n del tema que permita el reconocimiento del trabajo de cuidados.<\/p>\n<p class=\"v1elementToProof\" style=\"text-align: justify;\">As\u00ed lo destac\u00f3 la Seremi de la Mujer y la Equidad de G\u00e9nero Andrea M\u00e9ndez \u00abEl trabajo de cuidados y dom\u00e9stico culturalmente ha sido impuesto como destino obligado de las mujeres, raz\u00f3n por cual son principalmente ellas quienes hist\u00f3ricamente se han dedicado a realizarlo. Como gobierno hemos comprendido que desde all\u00ed se inscribe una profunda desigualdad entre hombres y mujeres, pues el cuidado de otros y otras inhibe el acceso pleno a todos los derechos, es por ello que, la Pol\u00edtica Nacional de Cuidados es una primera y gran respuesta por parte del Estado en atender las necesidades de quienes cuidan\u00bb.<\/p>\n<p class=\"v1elementToProof\" style=\"text-align: justify;\">Las autoridades regionales enfatizaron en la necesidad de avanzar hacia una mayor corresponsabilidad social y de g\u00e9nero, as\u00ed como la adopci\u00f3n de medidas que permitan la educaci\u00f3n, formalizaci\u00f3n y conciliaci\u00f3n laboral de persona cuidadoras, as\u00ed como tambi\u00e9n de quienes requieren cuidados.<\/p>\n<p class=\"v1elementToProof\" style=\"text-align: justify;\">En este mismo contexto, el Consejo Asesor Presidencial Interministerial de Cuidados, lanz\u00f3 una consulta ciudadana sobre la Pol\u00edtica Nacional de Apoyos y Cuidados, para que las personas de todo el pa\u00eds puedan opinar sobre los objetivos estrat\u00e9gicas que se han definido para la creaci\u00f3n de esta pol\u00edtica, seg\u00fan indic\u00f3 Acevedo Auad \u00abEn la construcci\u00f3n de un Sistema Nacional de Cuidado, como gobierno creemos s\u00faper importante poder contar con la participaci\u00f3n y percepci\u00f3n ciudadana en todo este proceso. Por eso les quiero invitar a poder responder la consulta ciudadana virtual, que est\u00e1 en\u00a0<a id=\"v1OWA74d479dd-5ee7-67ec-0264-6393c44a991f\" class=\"v1OWAAutoLink\" href=\"http:\/\/www.desarrollosocialyfamilia.gob.cl\/\" target=\"_blank\" rel=\"noopener noreferrer\">www.desarrollosocialyfamilia.gob.cl<\/a>\u00a0y en\u00a0<a id=\"v1OWA736c7ca1-198e-7f5e-6322-892f063b168b\" class=\"v1OWAAutoLink\" href=\"http:\/\/www.chilecuida.cl\/\" target=\"_blank\" rel=\"noopener noreferrer\">www.chilecuida.cl<\/a>, la que estar\u00e1 abierta hasta el 13 de abril\u00bb.<\/p>\n<p class=\"v1elementToProof\" style=\"text-align: justify;\">Hay que recordar, que la Pol\u00edtica Nacional de Apoyos y Cuidados, busca organizar socialmente los cuidados, estableciendo deberes y derechos que logren mejorar el bienestar de las personas que requieren cuidados y quienes cuidan a trav\u00e9s de la instalaci\u00f3n del Sistema Nacional, Chile Cuida con un proceso de participaci\u00f3n y validaci\u00f3n ciudadana.<\/p>\n<\/div><\/section><\/div><div  style='height:50px' class='hr hr-invisible   avia-builder-el-6  el_after_av_one_full  el_before_av_social_share '><span class='hr-inner ' ><span class='hr-inner-style'><\/span><\/span><\/div><\/p>\n<div  class='av-social-sharing-box  avia-builder-el-7  el_after_av_hr  el_before_av_hr  '><div class='av-share-box'><h5 class='av-share-link-description av-no-toc '>Compartir esta noticia<\/h5><ul class='av-share-box-list noLightbox'><li class='av-share-link av-social-link-facebook' ><a target=\"_blank\" aria-label=\"Compartir en Facebook\" href='https:\/\/www.facebook.com\/sharer.php?u=https:\/\/radiorevelacionfm.cl\/?p=41152&#038;t=Seremis%20invitan%20a%20discutir%20lo%20que%20ser%C3%A1%20la%20primera%20pol%C3%ADtica%20nacional%20de%20apoyos%20y%20cuidados' aria-hidden='false' data-av_icon='\ue8f3' data-av_iconfont='entypo-fontello' title='' data-avia-related-tooltip='Compartir en Facebook' rel=\"noopener\"><span class='avia_hidden_link_text'>Compartir en Facebook<\/span><\/a><\/li><li class='av-share-link av-social-link-twitter' ><a target=\"_blank\" aria-label=\"Compartir en Twitter\" href='https:\/\/twitter.com\/share?text=Seremis%20invitan%20a%20discutir%20lo%20que%20ser%C3%A1%20la%20primera%20pol%C3%ADtica%20nacional%20de%20apoyos%20y%20cuidados&#038;url=https:\/\/radiorevelacionfm.cl\/?p=41152' aria-hidden='false' data-av_icon='\ue8f1' data-av_iconfont='entypo-fontello' title='' data-avia-related-tooltip='Compartir en Twitter' rel=\"noopener\"><span class='avia_hidden_link_text'>Compartir en Twitter<\/span><\/a><\/li><li class='av-share-link av-social-link-whatsapp' ><a target=\"_blank\" aria-label=\"Compartir en Whatsapp\" href='https:\/\/api.whatsapp.com\/send?text=https:\/\/radiorevelacionfm.cl\/?p=41152' aria-hidden='false' data-av_icon='\uf232' data-av_iconfont='entypo-fontello' title='' data-avia-related-tooltip='Compartir en Whatsapp' rel=\"noopener\"><span class='avia_hidden_link_text'>Compartir en Whatsapp<\/span><\/a><\/li><li class='av-share-link av-social-link-linkedin' ><a target=\"_blank\" aria-label=\"Compartir en LinkedIn\" href='https:\/\/linkedin.com\/shareArticle?mini=true&#038;title=Seremis%20invitan%20a%20discutir%20lo%20que%20ser%C3%A1%20la%20primera%20pol%C3%ADtica%20nacional%20de%20apoyos%20y%20cuidados&#038;url=https:\/\/radiorevelacionfm.cl\/?p=41152' aria-hidden='false' data-av_icon='\ue8fc' data-av_iconfont='entypo-fontello' title='' data-avia-related-tooltip='Compartir en LinkedIn' rel=\"noopener\"><span class='avia_hidden_link_text'>Compartir en LinkedIn<\/span><\/a><\/li><li class='av-share-link av-social-link-mail' ><a  aria-label=\"Compartir por correo\" href='mailto:?subject=Seremis%20invitan%20a%20discutir%20lo%20que%20ser%C3%A1%20la%20primera%20pol%C3%ADtica%20nacional%20de%20apoyos%20y%20cuidados&#038;body=https:\/\/radiorevelacionfm.cl\/?p=41152' aria-hidden='false' data-av_icon='\ue805' data-av_iconfont='entypo-fontello' title='' data-avia-related-tooltip='Compartir por correo'><span class='avia_hidden_link_text'>Compartir por correo<\/span><\/a><\/li><\/ul><\/div><\/div>\n<div  style='height:50px' class='hr hr-invisible   avia-builder-el-8  el_after_av_social_share  el_before_av_comments_list '><span class='hr-inner ' ><span class='hr-inner-style'><\/span><\/span><\/div>\n<div  class='av-buildercomment  av-blog-meta-html-info-disabled av-blog-meta-tag-disabled  '><\/div>\n","protected":false},"excerpt":{"rendered":"","protected":false},"author":1,"featured_media":41153,"comment_status":"open","ping_status":"open","sticky":false,"template":"","format":"standard","meta":{"footnotes":""},"categories":[38],"tags":[],"class_list":["post-41152","post","type-post","status-publish","format-standard","has-post-thumbnail","hentry","category-regional"],"jetpack_featured_media_url":"https:\/\/radiorevelacionfm.cl\/wp-content\/uploads\/2024\/04\/seremis-cuidados-1-1_optimized-1.jpeg","_links":{"self":[{"href":"https:\/\/radiorevelacionfm.cl\/index.php?rest_route=\/wp\/v2\/posts\/41152","targetHints":{"allow":["GET"]}}],"collection":[{"href":"https:\/\/radiorevelacionfm.cl\/index.php?rest_route=\/wp\/v2\/posts"}],"about":[{"href":"https:\/\/radiorevelacionfm.cl\/index.php?rest_route=\/wp\/v2\/types\/post"}],"author":[{"embeddable":true,"href":"https:\/\/radiorevelacionfm.cl\/index.php?rest_route=\/wp\/v2\/users\/1"}],"replies":[{"embeddable":true,"href":"https:\/\/radiorevelacionfm.cl\/index.php?rest_route=%2Fwp%2Fv2%2Fcomments&post=41152"}],"version-history":[{"count":1,"href":"https:\/\/radiorevelacionfm.cl\/index.php?rest_route=\/wp\/v2\/posts\/41152\/revisions"}],"predecessor-version":[{"id":41154,"href":"https:\/\/radiorevelacionfm.cl\/index.php?rest_route=\/wp\/v2\/posts\/41152\/revisions\/41154"}],"wp:featuredmedia":[{"embeddable":true,"href":"https:\/\/radiorevelacionfm.cl\/index.php?rest_route=\/wp\/v2\/media\/41153"}],"wp:attachment":[{"href":"https:\/\/radiorevelacionfm.cl\/index.php?rest_route=%2Fwp%2Fv2%2Fmedia&parent=41152"}],"wp:term":[{"taxonomy":"category","embeddable":true,"href":"https:\/\/radiorevelacionfm.cl\/index.php?rest_route=%2Fwp%2Fv2%2Fcategories&post=41152"},{"taxonomy":"post_tag","embeddable":true,"href":"https:\/\/radiorevelacionfm.cl\/index.php?rest_route=%2Fwp%2Fv2%2Ftags&post=41152"}],"curies":[{"name":"wp","href":"https:\/\/api.w.org\/{rel}","templated":true}]}}