{"id":41146,"date":"2024-04-09T22:37:44","date_gmt":"2024-04-10T01:37:44","guid":{"rendered":"https:\/\/radiorevelacionfm.cl\/?p=41146"},"modified":"2024-04-09T22:37:44","modified_gmt":"2024-04-10T01:37:44","slug":"en-coyhaique-familias-participan-de-talleres-de-salud-mental-y-autocuidado-gracias-a-iniciativas-locales-del-fosis","status":"publish","type":"post","link":"https:\/\/radiorevelacionfm.cl\/?p=41146","title":{"rendered":"En Coyhaique: Familias participan de talleres de salud mental y autocuidado, gracias a Iniciativas Locales del FOSIS"},"content":{"rendered":"<div class=\"flex_column av_one_full  flex_column_div av-zero-column-padding first  avia-builder-el-0  el_before_av_one_full  avia-builder-el-first  \" style='border-radius:0px; '><div  class='avia-image-container  av-styling-    avia-builder-el-1  avia-builder-el-no-sibling  avia-align-center '  itemprop=\"image\" itemscope=\"itemscope\" itemtype=\"https:\/\/schema.org\/ImageObject\"  ><div class='avia-image-container-inner'><div class='avia-image-overlay-wrap'><img decoding=\"async\" class='wp-image-41147 avia-img-lazy-loading-not-41147 avia_image' src=\"https:\/\/radiorevelacionfm.cl\/wp-content\/uploads\/2024\/04\/1-42-1_optimized.jpeg\" alt='' title='1-(42)-(1)_optimized' height=\"600\" width=\"1105\"  itemprop=\"thumbnailUrl\" srcset=\"https:\/\/radiorevelacionfm.cl\/wp-content\/uploads\/2024\/04\/1-42-1_optimized.jpeg 1105w, https:\/\/radiorevelacionfm.cl\/wp-content\/uploads\/2024\/04\/1-42-1_optimized-300x163.jpeg 300w, https:\/\/radiorevelacionfm.cl\/wp-content\/uploads\/2024\/04\/1-42-1_optimized-1030x559.jpeg 1030w, https:\/\/radiorevelacionfm.cl\/wp-content\/uploads\/2024\/04\/1-42-1_optimized-768x417.jpeg 768w, https:\/\/radiorevelacionfm.cl\/wp-content\/uploads\/2024\/04\/1-42-1_optimized-705x383.jpeg 705w, https:\/\/radiorevelacionfm.cl\/wp-content\/uploads\/2024\/04\/1-42-1_optimized-450x244.jpeg 450w, https:\/\/radiorevelacionfm.cl\/wp-content\/uploads\/2024\/04\/1-42-1_optimized-600x326.jpeg 600w\" sizes=\"(max-width: 1105px) 100vw, 1105px\" \/><\/div><\/div><\/div><\/div>\n<div class=\"flex_column av_one_full  flex_column_div av-zero-column-padding first  avia-builder-el-2  el_after_av_one_full  el_before_av_one_full  column-top-margin\" style='border-radius:0px; '><section class=\"av_textblock_section \"  itemscope=\"itemscope\" itemtype=\"https:\/\/schema.org\/BlogPosting\" itemprop=\"blogPost\" ><div class='avia_textblock  '   itemprop=\"text\" ><p style=\"text-align: center;\"><strong><span style=\"font-size: 18pt;\">En Coyhaique: Familias participan de talleres de salud mental y autocuidado, gracias a Iniciativas Locales del FOSIS<\/span><\/strong><\/p>\n<div id=\"gtx-trans\" style=\"position: absolute; left: -50px; top: 4.31534px;\">\n<div class=\"gtx-trans-icon\"><\/div>\n<\/div>\n<\/div><\/section><\/div><div class=\"flex_column av_one_full  flex_column_div av-zero-column-padding first  avia-builder-el-4  el_after_av_one_full  el_before_av_hr  column-top-margin\" style='border-radius:0px; '><section class=\"av_textblock_section \"  itemscope=\"itemscope\" itemtype=\"https:\/\/schema.org\/BlogPosting\" itemprop=\"blogPost\" ><div class='avia_textblock  '   itemprop=\"text\" ><p style=\"text-align: justify;\"><em>Los talleres, donde participaron 25 cuidadoras y cuidadores, fueron financiados por el FOSIS a trav\u00e9s del programa Familias y ejecutados por la Ilustre Municipalidad de Coyhaique.<\/em><\/p>\n<p style=\"text-align: justify;\">Los recursos que entrega el Fondo de Solidaridad e Inversi\u00f3n Social, FOSIS, a trav\u00e9s de las Iniciativas Locales, est\u00e1n orientados a impulsar proyectos innovadores que fortalezcan el acompa\u00f1amiento que realizan las Unidades de Intervenci\u00f3n Familiar de las Municipalidades que ejecuta el Programa Familias del Subsistema de Seguridad y Oportunidades del Ministerio de Desarrollo Social y Familia.<\/p>\n<p style=\"text-align: justify;\">Esta instancia permiti\u00f3 realizar cuatro talleres te\u00f3rico-pr\u00e1cticos, dirigidos a 25 cuidadoras y cuidadores, donde se abordaron conceptos fundamentales de la salud mental, s\u00edntomas detectables en las personas y formas de actuar ante eventuales situaciones de riesgo; entregando nociones de autocuidado para fortalecer recursos y estrategias orientadas a una buena calidad de vida.<\/p>\n<p style=\"text-align: justify;\">La usuaria del programa Familias, Ver\u00f3nica Aird, quien particip\u00f3 de estas Iniciativas Locales, destac\u00f3 que \u201clo mejor del taller es que te est\u00e1n entregando herramientas para ayudarte a ti mismo. La salud mental abarca demasiadas cosas, pero va en un proceso de yo conocerme para ayudar al resto, saber poner mis l\u00edmites. Me ha ayudado para tener un mayor autoconocimiento, que va a permitir relacionarme con mi circulo m\u00e1s cercano. Conoc\u00ed otras realidades y al final te das cuenta de que no s\u00f3lo eres tu la que est\u00e1 pasando por estas vivencias. Estos talleres nos ayudan a interactuar mejor\u201d.<\/p>\n<p style=\"text-align: justify;\">Fernanda Leiva, Directora Regional del FOSIS, manifest\u00f3 que \u201cson recursos que son bien aprovechados para poder apoyar a las familias , en este caso en particular, la tem\u00e1tica que se abord\u00f3 en estos talleres fue salud mental, autocuidado y adquirir herramientas para madres cuidadoras, sobre todo mujeres, padres cuidadores de ni\u00f1os, ni\u00f1as, adolescentes, adultos y adultos mayores; lo que nos parece fundamental en el marco de visibilizar el trabajo que hace el programa Familias, el trabajo colaborativo que se hace con las Municipalidades para poder entregar otro tipo de herramientas a nuestras usuarias y usuarios\u201d.<\/p>\n<p style=\"text-align: justify;\">Los talleres realizados permitieron entregar, a las y los asistentes, directrices te\u00f3ricas a trav\u00e9s de historias cl\u00ednicas y experiencias humanas en torno a la salud mental, causas, consecuencias e implicancias en la vida actual, junto con desarrollar de manera pr\u00e1ctica, situaciones de contenci\u00f3n de crisis, estr\u00e9s, estados de angustias y forma de manejar y\/o derivar.<\/p>\n<p style=\"text-align: justify;\">Este a\u00f1o tambi\u00e9n se est\u00e1n financiando y ejecutado Iniciativas Locales en las comunas de Chile Chico, Cochrane y Ays\u00e9n; instancias que, al igual que en Coyhaique, han sido orientadas al autocuidado y salud mental.<\/p>\n<\/div><\/section><\/div><\/p>\n<div  style='height:50px' class='hr hr-invisible   avia-builder-el-6  el_after_av_one_full  el_before_av_social_share '><span class='hr-inner ' ><span class='hr-inner-style'><\/span><\/span><\/div>\n<div  class='av-social-sharing-box  avia-builder-el-7  el_after_av_hr  el_before_av_hr  '><div class='av-share-box'><h5 class='av-share-link-description av-no-toc '>Compartir esta noticia<\/h5><ul class='av-share-box-list noLightbox'><li class='av-share-link av-social-link-facebook' ><a target=\"_blank\" aria-label=\"Compartir en Facebook\" href='https:\/\/www.facebook.com\/sharer.php?u=https:\/\/radiorevelacionfm.cl\/?p=41146&#038;t=En%20Coyhaique%3A%20Familias%20participan%20de%20talleres%20de%20salud%20mental%20y%20autocuidado%2C%20gracias%20a%20Iniciativas%20Locales%20del%20FOSIS' aria-hidden='false' data-av_icon='\ue8f3' data-av_iconfont='entypo-fontello' title='' data-avia-related-tooltip='Compartir en Facebook' rel=\"noopener\"><span class='avia_hidden_link_text'>Compartir en Facebook<\/span><\/a><\/li><li class='av-share-link av-social-link-twitter' ><a target=\"_blank\" aria-label=\"Compartir en Twitter\" href='https:\/\/twitter.com\/share?text=En%20Coyhaique%3A%20Familias%20participan%20de%20talleres%20de%20salud%20mental%20y%20autocuidado%2C%20gracias%20a%20Iniciativas%20Locales%20del%20FOSIS&#038;url=https:\/\/radiorevelacionfm.cl\/?p=41146' aria-hidden='false' data-av_icon='\ue8f1' data-av_iconfont='entypo-fontello' title='' data-avia-related-tooltip='Compartir en Twitter' rel=\"noopener\"><span class='avia_hidden_link_text'>Compartir en Twitter<\/span><\/a><\/li><li class='av-share-link av-social-link-whatsapp' ><a target=\"_blank\" aria-label=\"Compartir en Whatsapp\" href='https:\/\/api.whatsapp.com\/send?text=https:\/\/radiorevelacionfm.cl\/?p=41146' aria-hidden='false' data-av_icon='\uf232' data-av_iconfont='entypo-fontello' title='' data-avia-related-tooltip='Compartir en Whatsapp' rel=\"noopener\"><span class='avia_hidden_link_text'>Compartir en Whatsapp<\/span><\/a><\/li><li class='av-share-link av-social-link-linkedin' ><a target=\"_blank\" aria-label=\"Compartir en LinkedIn\" href='https:\/\/linkedin.com\/shareArticle?mini=true&#038;title=En%20Coyhaique%3A%20Familias%20participan%20de%20talleres%20de%20salud%20mental%20y%20autocuidado%2C%20gracias%20a%20Iniciativas%20Locales%20del%20FOSIS&#038;url=https:\/\/radiorevelacionfm.cl\/?p=41146' aria-hidden='false' data-av_icon='\ue8fc' data-av_iconfont='entypo-fontello' title='' data-avia-related-tooltip='Compartir en LinkedIn' rel=\"noopener\"><span class='avia_hidden_link_text'>Compartir en LinkedIn<\/span><\/a><\/li><li class='av-share-link av-social-link-mail' ><a  aria-label=\"Compartir por correo\" href='mailto:?subject=En%20Coyhaique%3A%20Familias%20participan%20de%20talleres%20de%20salud%20mental%20y%20autocuidado%2C%20gracias%20a%20Iniciativas%20Locales%20del%20FOSIS&#038;body=https:\/\/radiorevelacionfm.cl\/?p=41146' aria-hidden='false' data-av_icon='\ue805' data-av_iconfont='entypo-fontello' title='' data-avia-related-tooltip='Compartir por correo'><span class='avia_hidden_link_text'>Compartir por correo<\/span><\/a><\/li><\/ul><\/div><\/div>\n<div  style='height:50px' class='hr hr-invisible   avia-builder-el-8  el_after_av_social_share  el_before_av_comments_list '><span class='hr-inner ' ><span class='hr-inner-style'><\/span><\/span><\/div>\n<div  class='av-buildercomment  av-blog-meta-html-info-disabled av-blog-meta-tag-disabled  '><\/div>\n","protected":false},"excerpt":{"rendered":"","protected":false},"author":1,"featured_media":41147,"comment_status":"open","ping_status":"open","sticky":false,"template":"","format":"standard","meta":{"footnotes":""},"categories":[38],"tags":[],"class_list":["post-41146","post","type-post","status-publish","format-standard","has-post-thumbnail","hentry","category-regional"],"jetpack_featured_media_url":"https:\/\/radiorevelacionfm.cl\/wp-content\/uploads\/2024\/04\/1-42-1_optimized.jpeg","_links":{"self":[{"href":"https:\/\/radiorevelacionfm.cl\/index.php?rest_route=\/wp\/v2\/posts\/41146","targetHints":{"allow":["GET"]}}],"collection":[{"href":"https:\/\/radiorevelacionfm.cl\/index.php?rest_route=\/wp\/v2\/posts"}],"about":[{"href":"https:\/\/radiorevelacionfm.cl\/index.php?rest_route=\/wp\/v2\/types\/post"}],"author":[{"embeddable":true,"href":"https:\/\/radiorevelacionfm.cl\/index.php?rest_route=\/wp\/v2\/users\/1"}],"replies":[{"embeddable":true,"href":"https:\/\/radiorevelacionfm.cl\/index.php?rest_route=%2Fwp%2Fv2%2Fcomments&post=41146"}],"version-history":[{"count":2,"href":"https:\/\/radiorevelacionfm.cl\/index.php?rest_route=\/wp\/v2\/posts\/41146\/revisions"}],"predecessor-version":[{"id":41158,"href":"https:\/\/radiorevelacionfm.cl\/index.php?rest_route=\/wp\/v2\/posts\/41146\/revisions\/41158"}],"wp:featuredmedia":[{"embeddable":true,"href":"https:\/\/radiorevelacionfm.cl\/index.php?rest_route=\/wp\/v2\/media\/41147"}],"wp:attachment":[{"href":"https:\/\/radiorevelacionfm.cl\/index.php?rest_route=%2Fwp%2Fv2%2Fmedia&parent=41146"}],"wp:term":[{"taxonomy":"category","embeddable":true,"href":"https:\/\/radiorevelacionfm.cl\/index.php?rest_route=%2Fwp%2Fv2%2Fcategories&post=41146"},{"taxonomy":"post_tag","embeddable":true,"href":"https:\/\/radiorevelacionfm.cl\/index.php?rest_route=%2Fwp%2Fv2%2Ftags&post=41146"}],"curies":[{"name":"wp","href":"https:\/\/api.w.org\/{rel}","templated":true}]}}