{"id":41143,"date":"2024-04-09T22:11:08","date_gmt":"2024-04-10T01:11:08","guid":{"rendered":"https:\/\/radiorevelacionfm.cl\/?p=41143"},"modified":"2024-04-09T22:11:08","modified_gmt":"2024-04-10T01:11:08","slug":"en-el-dia-de-la-educacion-rural-seremi-isabel-garrido-destaca-politica-nacional-de-educacion-rural-impulsada-por-el-gobierno","status":"publish","type":"post","link":"https:\/\/radiorevelacionfm.cl\/?p=41143","title":{"rendered":"En el D\u00eda de la Educaci\u00f3n Rural: Seremi Isabel Garrido destaca Pol\u00edtica Nacional de Educaci\u00f3n Rural impulsada por el Gobierno"},"content":{"rendered":"<div class=\"flex_column av_one_full  flex_column_div av-zero-column-padding first  avia-builder-el-0  el_before_av_one_full  avia-builder-el-first  \" style='border-radius:0px; '><div  class='avia-image-container  av-styling-    avia-builder-el-1  avia-builder-el-no-sibling  avia-align-center '  itemprop=\"image\" itemscope=\"itemscope\" itemtype=\"https:\/\/schema.org\/ImageObject\"  ><div class='avia-image-container-inner'><div class='avia-image-overlay-wrap'><img decoding=\"async\" class='wp-image-41144 avia-img-lazy-loading-not-41144 avia_image' src=\"https:\/\/radiorevelacionfm.cl\/wp-content\/uploads\/2024\/04\/Educ-rural3-1-1.jpg\" alt='' title='Educ-rural3 (1) (1)' height=\"600\" width=\"900\"  itemprop=\"thumbnailUrl\" srcset=\"https:\/\/radiorevelacionfm.cl\/wp-content\/uploads\/2024\/04\/Educ-rural3-1-1.jpg 900w, https:\/\/radiorevelacionfm.cl\/wp-content\/uploads\/2024\/04\/Educ-rural3-1-1-300x200.jpg 300w, https:\/\/radiorevelacionfm.cl\/wp-content\/uploads\/2024\/04\/Educ-rural3-1-1-768x512.jpg 768w, https:\/\/radiorevelacionfm.cl\/wp-content\/uploads\/2024\/04\/Educ-rural3-1-1-705x470.jpg 705w, https:\/\/radiorevelacionfm.cl\/wp-content\/uploads\/2024\/04\/Educ-rural3-1-1-450x300.jpg 450w, https:\/\/radiorevelacionfm.cl\/wp-content\/uploads\/2024\/04\/Educ-rural3-1-1-600x400.jpg 600w\" sizes=\"(max-width: 900px) 100vw, 900px\" \/><\/div><\/div><\/div><\/div><div class=\"flex_column av_one_full  flex_column_div av-zero-column-padding first  avia-builder-el-2  el_after_av_one_full  el_before_av_one_full  column-top-margin\" style='border-radius:0px; '><section class=\"av_textblock_section \"  itemscope=\"itemscope\" itemtype=\"https:\/\/schema.org\/BlogPosting\" itemprop=\"blogPost\" ><div class='avia_textblock  '   itemprop=\"text\" ><p style=\"text-align: center;\"><strong><span style=\"font-size: 18pt;\">En el D\u00eda de la Educaci\u00f3n Rural: Seremi Isabel Garrido destaca Pol\u00edtica Nacional de Educaci\u00f3n Rural impulsada por el Gobierno<\/span><\/strong><\/p>\n<div id=\"gtx-trans\" style=\"position: absolute; left: -50px; top: 4.31534px;\">\n<div class=\"gtx-trans-icon\"><\/div>\n<\/div>\n<\/div><\/section><\/div><div class=\"flex_column av_one_full  flex_column_div av-zero-column-padding first  avia-builder-el-4  el_after_av_one_full  el_before_av_hr  column-top-margin\" style='border-radius:0px; '><section class=\"av_textblock_section \"  itemscope=\"itemscope\" itemtype=\"https:\/\/schema.org\/BlogPosting\" itemprop=\"blogPost\" ><div class='avia_textblock  '   itemprop=\"text\" ><p class=\"v1MsoNormal\" style=\"text-align: justify;\" align=\"center\"><i>Autoridad sectorial regional afirm\u00f3 que este proceso propiciar\u00e1 las condiciones para hacer que las escuelas, liceos, jardines infantiles insertos en espacios rurales se vuelvan modelos de innovaci\u00f3n y justicia educativa<\/i><\/p>\n<p class=\"v1MsoNormal\" style=\"text-align: justify;\">En el marco del D\u00eda de la Educaci\u00f3n Rural en Chile la Seremi de Educaci\u00f3n de Ays\u00e9n Isabel Garrido visit\u00f3 las escuelas rurales Pablo Cea V\u00e1squez de Villa Lago Atravesado y Valle de la Luna de \u00d1irehuao, de la comuna de Coyhaique, instancia en la destac\u00f3 la nueva Pol\u00edtica Nacional de Educaci\u00f3n Rural que impulsa el Gobierno del Presidente Gabriel Boric.<\/p>\n<p class=\"v1MsoNormal\" style=\"text-align: justify;\">En la oportunidad, Isabel Garrido afirm\u00f3 que: \u201cComo cada 7 de abril, conmemoramos el D\u00eda Nacional de la Educaci\u00f3n Rural por el natalicio de la poetisa,\u00a0 educadora rural y primera Premio Nobel de Chile Gabriela Mistral, que es un referente para todas las escuelas rurales; escuelas que permiten que el derecho a la educaci\u00f3n se garantice en todos los rincones del pa\u00eds. Estuvimos en la Escuela Rural Pablo Cea V\u00e1squez de Lago Atravesado y en la Escuela Valle de la Luna de \u00d1irehuao, saludando a los trabajadores, a las trabajadoras, a las y los estudiantes, celebrando el esp\u00edritu comunitario e innovador de nuestras escuelas rurales\u201d.<\/p>\n<p class=\"v1MsoNormal\" style=\"text-align: justify;\">La Seremi record\u00f3 que en la regi\u00f3n de Ays\u00e9n hay 35 establecimientos educacionales rurales con una matr\u00edcula total de 3.607 estudiantes. \u201cSi consideramos el total de las escuelas, el 40% de ellas son rurales y si miramos s\u00f3lo de las escuelas p\u00fablicas, el 60% de ellas son rurales, ese es el nivel de importancia que tiene la educaci\u00f3n rural en nuestra regi\u00f3n. Es por eso que el Presidente Gabriel Boric nos mandat\u00f3 al Ministerio de Educaci\u00f3n a dise\u00f1ar el Plan de Fortalecimiento de la Educaci\u00f3n Rural, el Plan Gabriela Mistral, que parti\u00f3 con procesos participativos, donde m\u00e1s de 12.000 personas fueron parte de mesas de di\u00e1logo y respondieron encuestas, y se celebraron en m\u00e1s de 1.300 encuentros a nivel nacional\u201d.<\/p>\n<p class=\"v1MsoNormal\" style=\"text-align: justify;\">La autoridad sectorial explic\u00f3 que el proceso participativo tiene el fin de construir un horizonte para la educaci\u00f3n rural que permita propiciar las condiciones para hacer que las escuelas, liceos y jardines infantiles rurales, se vuelvan modelos de innovaci\u00f3n y justicia educativa. \u201cTenemos notables ejemplos de educaci\u00f3n p\u00fablica, rural y de calidad en nuestra regi\u00f3n de Ays\u00e9n, pero tenemos que seguir resguardando las condiciones como Estado para que la innovaci\u00f3n y la calidad educativa sea la norma en todas nuestras escuelas rurales\u201d.<\/p>\n<p class=\"v1MsoNormal\" style=\"text-align: justify;\"><b>Nueva Pol\u00edtica de Educaci\u00f3n Rural<\/b><\/p>\n<p class=\"v1MsoNormal\" style=\"text-align: justify;\">El proceso participativo para definir la nueva Pol\u00edtica de Educaci\u00f3n Rural se desarroll\u00f3 entre octubre de 2023 y enero de 2024. En total, participaron 12.422 personas, entre estudiantes, docentes, asistentes de la educaci\u00f3n, apoderados y apoderadas y habitantes de localidades rurales Se incluyeron di\u00e1logos en escuelas, jardines infantiles y liceos rurales, mesas t\u00e9cnicas y locales y participaci\u00f3n individual.<\/p>\n<p class=\"v1MsoNormal\" style=\"text-align: justify;\">Entre los principales resultados de esta instancia se releva que las comunidades educativas destacaron el car\u00e1cter comunitario de la educaci\u00f3n rural y la necesidad de repensar la oferta educativa para que los ni\u00f1os y ni\u00f1as se mantengan en sus hogares cuando mientras avanzan en su trayectoria educativa.<\/p>\n<p class=\"v1MsoNormal\" style=\"text-align: justify;\">En cuanto a la situaci\u00f3n actual, hubo una evaluaci\u00f3n positiva de los hogares y residencias de la Junaeb, destinadas a los estudiantes que deben trasladarse al pasar de la educaci\u00f3n b\u00e1sica a la media, as\u00ed como desde la ense\u00f1anza media a educaci\u00f3n superior.<\/p>\n<p class=\"v1MsoNormal\" style=\"text-align: justify;\">Las y los participantes de los di\u00e1logos destacaron tambi\u00e9n la necesidad de mejorar la infraestructura, y el acceso a m\u00e1s y mejores recursos educativos, tecnol\u00f3gicos y talleres art\u00edsticos y deportivos. M\u00e1s detalles en rural.mineduc.cl.<\/p>\n<p class=\"v1MsoNormal\" style=\"text-align: justify;\">Este proceso participativo se enmarca en la creaci\u00f3n de una nueva Pol\u00edtica de Educaci\u00f3n Rural, iniciativa que forma parte del Plan Gabriela Mistral, cuyo objetivo es articular el trabajo intersectorial y las medidas que aborden los desaf\u00edos del sector, hacerse cargo de la invisibilizaci\u00f3n hist\u00f3rica respecto de este tipo de establecimientos, y propiciar las condiciones para hacer de estas escuelas, liceos y jardines infantiles modelos de innovaci\u00f3n y justicia educativa.<\/p>\n<\/div><\/section><\/div><div  style='height:50px' class='hr hr-invisible   avia-builder-el-6  el_after_av_one_full  el_before_av_social_share '><span class='hr-inner ' ><span class='hr-inner-style'><\/span><\/span><\/div><\/p>\n<div  class='av-social-sharing-box  avia-builder-el-7  el_after_av_hr  el_before_av_hr  '><div class='av-share-box'><h5 class='av-share-link-description av-no-toc '>Compartir esta noticia<\/h5><ul class='av-share-box-list noLightbox'><li class='av-share-link av-social-link-facebook' ><a target=\"_blank\" aria-label=\"Compartir en Facebook\" href='https:\/\/www.facebook.com\/sharer.php?u=https:\/\/radiorevelacionfm.cl\/?p=41143&#038;t=En%20el%20D%C3%ADa%20de%20la%20Educaci%C3%B3n%20Rural%3A%20Seremi%20Isabel%20Garrido%20destaca%20Pol%C3%ADtica%20Nacional%20de%20Educaci%C3%B3n%20Rural%20impulsada%20por%20el%20Gobierno' aria-hidden='false' data-av_icon='\ue8f3' data-av_iconfont='entypo-fontello' title='' data-avia-related-tooltip='Compartir en Facebook' rel=\"noopener\"><span class='avia_hidden_link_text'>Compartir en Facebook<\/span><\/a><\/li><li class='av-share-link av-social-link-twitter' ><a target=\"_blank\" aria-label=\"Compartir en Twitter\" href='https:\/\/twitter.com\/share?text=En%20el%20D%C3%ADa%20de%20la%20Educaci%C3%B3n%20Rural%3A%20Seremi%20Isabel%20Garrido%20destaca%20Pol%C3%ADtica%20Nacional%20de%20Educaci%C3%B3n%20Rural%20impulsada%20por%20el%20Gobierno&#038;url=https:\/\/radiorevelacionfm.cl\/?p=41143' aria-hidden='false' data-av_icon='\ue8f1' data-av_iconfont='entypo-fontello' title='' data-avia-related-tooltip='Compartir en Twitter' rel=\"noopener\"><span class='avia_hidden_link_text'>Compartir en Twitter<\/span><\/a><\/li><li class='av-share-link av-social-link-whatsapp' ><a target=\"_blank\" aria-label=\"Compartir en Whatsapp\" href='https:\/\/api.whatsapp.com\/send?text=https:\/\/radiorevelacionfm.cl\/?p=41143' aria-hidden='false' data-av_icon='\uf232' data-av_iconfont='entypo-fontello' title='' data-avia-related-tooltip='Compartir en Whatsapp' rel=\"noopener\"><span class='avia_hidden_link_text'>Compartir en Whatsapp<\/span><\/a><\/li><li class='av-share-link av-social-link-linkedin' ><a target=\"_blank\" aria-label=\"Compartir en LinkedIn\" href='https:\/\/linkedin.com\/shareArticle?mini=true&#038;title=En%20el%20D%C3%ADa%20de%20la%20Educaci%C3%B3n%20Rural%3A%20Seremi%20Isabel%20Garrido%20destaca%20Pol%C3%ADtica%20Nacional%20de%20Educaci%C3%B3n%20Rural%20impulsada%20por%20el%20Gobierno&#038;url=https:\/\/radiorevelacionfm.cl\/?p=41143' aria-hidden='false' data-av_icon='\ue8fc' data-av_iconfont='entypo-fontello' title='' data-avia-related-tooltip='Compartir en LinkedIn' rel=\"noopener\"><span class='avia_hidden_link_text'>Compartir en LinkedIn<\/span><\/a><\/li><li class='av-share-link av-social-link-mail' ><a  aria-label=\"Compartir por correo\" href='mailto:?subject=En%20el%20D%C3%ADa%20de%20la%20Educaci%C3%B3n%20Rural%3A%20Seremi%20Isabel%20Garrido%20destaca%20Pol%C3%ADtica%20Nacional%20de%20Educaci%C3%B3n%20Rural%20impulsada%20por%20el%20Gobierno&#038;body=https:\/\/radiorevelacionfm.cl\/?p=41143' aria-hidden='false' data-av_icon='\ue805' data-av_iconfont='entypo-fontello' title='' data-avia-related-tooltip='Compartir por correo'><span class='avia_hidden_link_text'>Compartir por correo<\/span><\/a><\/li><\/ul><\/div><\/div>\n<div  style='height:50px' class='hr hr-invisible   avia-builder-el-8  el_after_av_social_share  el_before_av_comments_list '><span class='hr-inner ' ><span class='hr-inner-style'><\/span><\/span><\/div>\n<div  class='av-buildercomment  av-blog-meta-html-info-disabled av-blog-meta-tag-disabled  '><\/div>\n","protected":false},"excerpt":{"rendered":"","protected":false},"author":1,"featured_media":41144,"comment_status":"open","ping_status":"open","sticky":false,"template":"","format":"standard","meta":{"footnotes":""},"categories":[49],"tags":[],"class_list":["post-41143","post","type-post","status-publish","format-standard","has-post-thumbnail","hentry","category-educacion"],"jetpack_featured_media_url":"https:\/\/radiorevelacionfm.cl\/wp-content\/uploads\/2024\/04\/Educ-rural3-1-1.jpg","_links":{"self":[{"href":"https:\/\/radiorevelacionfm.cl\/index.php?rest_route=\/wp\/v2\/posts\/41143","targetHints":{"allow":["GET"]}}],"collection":[{"href":"https:\/\/radiorevelacionfm.cl\/index.php?rest_route=\/wp\/v2\/posts"}],"about":[{"href":"https:\/\/radiorevelacionfm.cl\/index.php?rest_route=\/wp\/v2\/types\/post"}],"author":[{"embeddable":true,"href":"https:\/\/radiorevelacionfm.cl\/index.php?rest_route=\/wp\/v2\/users\/1"}],"replies":[{"embeddable":true,"href":"https:\/\/radiorevelacionfm.cl\/index.php?rest_route=%2Fwp%2Fv2%2Fcomments&post=41143"}],"version-history":[{"count":1,"href":"https:\/\/radiorevelacionfm.cl\/index.php?rest_route=\/wp\/v2\/posts\/41143\/revisions"}],"predecessor-version":[{"id":41145,"href":"https:\/\/radiorevelacionfm.cl\/index.php?rest_route=\/wp\/v2\/posts\/41143\/revisions\/41145"}],"wp:featuredmedia":[{"embeddable":true,"href":"https:\/\/radiorevelacionfm.cl\/index.php?rest_route=\/wp\/v2\/media\/41144"}],"wp:attachment":[{"href":"https:\/\/radiorevelacionfm.cl\/index.php?rest_route=%2Fwp%2Fv2%2Fmedia&parent=41143"}],"wp:term":[{"taxonomy":"category","embeddable":true,"href":"https:\/\/radiorevelacionfm.cl\/index.php?rest_route=%2Fwp%2Fv2%2Fcategories&post=41143"},{"taxonomy":"post_tag","embeddable":true,"href":"https:\/\/radiorevelacionfm.cl\/index.php?rest_route=%2Fwp%2Fv2%2Ftags&post=41143"}],"curies":[{"name":"wp","href":"https:\/\/api.w.org\/{rel}","templated":true}]}}