{"id":41141,"date":"2024-04-09T21:28:56","date_gmt":"2024-04-10T00:28:56","guid":{"rendered":"https:\/\/radiorevelacionfm.cl\/?p=41141"},"modified":"2024-04-09T21:28:56","modified_gmt":"2024-04-10T00:28:56","slug":"corte-de-coyhaique-rechaza-recurso-de-proteccion-contra-universidad-por-no-renovacion-de-contratas","status":"publish","type":"post","link":"https:\/\/radiorevelacionfm.cl\/?p=41141","title":{"rendered":"Corte de Coyhaique rechaza recurso de protecci\u00f3n contra Universidad por no renovaci\u00f3n de contratas"},"content":{"rendered":"<div class=\"flex_column av_one_full  flex_column_div av-zero-column-padding first  avia-builder-el-0  el_before_av_one_full  avia-builder-el-first  \" style='border-radius:0px; '><div  class='avia-image-container  av-styling-    avia-builder-el-1  avia-builder-el-no-sibling  avia-align-center '  itemprop=\"image\" itemscope=\"itemscope\" itemtype=\"https:\/\/schema.org\/ImageObject\"  ><div class='avia-image-container-inner'><div class='avia-image-overlay-wrap'><img decoding=\"async\" class='wp-image-34064 avia-img-lazy-loading-not-34064 avia_image' src=\"https:\/\/radiorevelacionfm.cl\/wp-content\/uploads\/2023\/08\/Foto-8-Corte-Coyhaique-1-1.jpg\" alt='' title='Foto 8 Corte Coyhaique (1) (1)' height=\"600\" width=\"772\"  itemprop=\"thumbnailUrl\" srcset=\"https:\/\/radiorevelacionfm.cl\/wp-content\/uploads\/2023\/08\/Foto-8-Corte-Coyhaique-1-1.jpg 772w, https:\/\/radiorevelacionfm.cl\/wp-content\/uploads\/2023\/08\/Foto-8-Corte-Coyhaique-1-1-300x233.jpg 300w, https:\/\/radiorevelacionfm.cl\/wp-content\/uploads\/2023\/08\/Foto-8-Corte-Coyhaique-1-1-768x597.jpg 768w, https:\/\/radiorevelacionfm.cl\/wp-content\/uploads\/2023\/08\/Foto-8-Corte-Coyhaique-1-1-705x548.jpg 705w, https:\/\/radiorevelacionfm.cl\/wp-content\/uploads\/2023\/08\/Foto-8-Corte-Coyhaique-1-1-450x350.jpg 450w, https:\/\/radiorevelacionfm.cl\/wp-content\/uploads\/2023\/08\/Foto-8-Corte-Coyhaique-1-1-600x466.jpg 600w\" sizes=\"(max-width: 772px) 100vw, 772px\" \/><\/div><\/div><\/div><\/div><div class=\"flex_column av_one_full  flex_column_div av-zero-column-padding first  avia-builder-el-2  el_after_av_one_full  el_before_av_one_full  column-top-margin\" style='border-radius:0px; '><section class=\"av_textblock_section \"  itemscope=\"itemscope\" itemtype=\"https:\/\/schema.org\/BlogPosting\" itemprop=\"blogPost\" ><div class='avia_textblock  '   itemprop=\"text\" ><p style=\"text-align: center;\"><span style=\"font-size: 18pt;\"><b>Corte de Coyhaique rechaza recurso de protecci\u00f3n contra Universidad por no renovaci\u00f3n de contratas<\/b><\/span><\/p>\n<div id=\"gtx-trans\" style=\"position: absolute; left: -50px; top: 4.31534px;\">\n<div class=\"gtx-trans-icon\"><\/div>\n<\/div>\n<\/div><\/section><\/div><div class=\"flex_column av_one_full  flex_column_div av-zero-column-padding first  avia-builder-el-4  el_after_av_one_full  el_before_av_hr  column-top-margin\" style='border-radius:0px; '><section class=\"av_textblock_section \"  itemscope=\"itemscope\" itemtype=\"https:\/\/schema.org\/BlogPosting\" itemprop=\"blogPost\" ><div class='avia_textblock  '   itemprop=\"text\" ><p class=\"v1MsoNormal\" style=\"text-align: justify;\">La Corte de Apelaciones de Coyhaique rechaz\u00f3 el recurso de protecci\u00f3n interpuesto en contra de la Universidad de Ays\u00e9n, por la no renovaci\u00f3n de contratas de cuatro funcionarios para el a\u00f1o lectivo 2024.<\/p>\n<p class=\"v1MsoNormal\" style=\"text-align: justify;\">En fallo un\u00e1nime (causa rol 363-2023), la Primera Sala del tribunal de alzada \u2013integrada por los ministros Luis Aedo Mora, Natalia Rencoret Oliva y el fiscal judicial Gerardo Rojas Donat\u2013\u00a0desestim\u00f3 la procedencia del recurso, al estar\u00a0acreditada\u00a0la crisis financiera que afecta a la casa de estudios, derivada de una sobredotaci\u00f3n de funcionarios que oblig\u00f3 al cierre de unidades y a la disminuci\u00f3n del trabajadores.<\/p>\n<p class=\"v1MsoNormal\" style=\"text-align: justify;\">\u00abQue, en consecuencia, si por la crisis financiera generada por una mala administraci\u00f3n se ha procedido a suprimir la Unidad de Comunicaciones, a la que pertenec\u00eda Jeimy Linda Fontecha Jim\u00e9nez, la Unidad de Innovaci\u00f3n, Tecnolog\u00eda y Transferencia, a la que pertenec\u00eda Andrea Joanna Foessel Bunting, el \u00c1rea de Infraestructura, a la que pertenec\u00eda Sergio Francisco Villablanca Toro \u2013quien no goza de confianza leg\u00edtima\u2013 y la Unidad de Desarrollo de Tecnolog\u00edas y Gesti\u00f3n de Informaci\u00f3n, a la que adscrib\u00eda Sebasti\u00e1n Ignacio Carrasco Colima, no se divisa ilegalidad \u2013al cumplirse exigencias del art\u00edculo 11 y 41 de la Ley 19.880\u2013 y tampoco arbitrariedad al basarse en una situaci\u00f3n demostrada\u00bb, sostiene el fallo.<\/p>\n<p class=\"v1MsoNormal\" style=\"text-align: justify;\">La resoluci\u00f3n agrega\u00a0que: \u00abFinalmente, no se afecta ni la igualdad ante la ley, al no divisar discriminaci\u00f3n arbitraria, como tampoco el derecho de propiedad, pues pese a la estabilidad en el empleo asociada a la confianza leg\u00edtima, como en el caso de 3 de los recurrentes, ello no obsta a que la Administraci\u00f3n decida no perseverar con dichas contrataciones, como ya se explic\u00f3, por lo que, habi\u00e9ndose motivado con suficiencia en torno las razones de la no renovaci\u00f3n de las contratas, tal cual exige la jurisprudencia administrativa, el presente arbitrio se debe rechazar, como se declarar\u00e1\u00bb.<\/p>\n<p class=\"v1MsoNormal\" style=\"text-align: justify;\">Por tanto, se resuelve que: \u00ab<b>SE RECHAZA<\/b>, el recurso de protecci\u00f3n interpuesto por Jeimy Linda Fontecha Jim\u00e9nez, Andrea Joanna Foessel Bunting, Sergio Francisco Villablanca Toro y Sebasti\u00e1n Ignacio Carrasco Colima, deducido en contra de la Universidad de Ays\u00e9n, representada legalmente por su rector, Enrique Urra Coloma, sin costas, por haber tenido motivo plausible para recurrir\u00bb.<\/p>\n<\/div><\/section><\/div><div  style='height:50px' class='hr hr-invisible   avia-builder-el-6  el_after_av_one_full  el_before_av_social_share '><span class='hr-inner ' ><span class='hr-inner-style'><\/span><\/span><\/div><\/p>\n<div  class='av-social-sharing-box  avia-builder-el-7  el_after_av_hr  el_before_av_hr  '><div class='av-share-box'><h5 class='av-share-link-description av-no-toc '>Compartir esta noticia<\/h5><ul class='av-share-box-list noLightbox'><li class='av-share-link av-social-link-facebook' ><a target=\"_blank\" aria-label=\"Compartir en Facebook\" href='https:\/\/www.facebook.com\/sharer.php?u=https:\/\/radiorevelacionfm.cl\/?p=41141&#038;t=Corte%20de%20Coyhaique%20rechaza%20recurso%20de%20protecci%C3%B3n%20contra%20Universidad%20por%20no%20renovaci%C3%B3n%20de%20contratas' aria-hidden='false' data-av_icon='\ue8f3' data-av_iconfont='entypo-fontello' title='' data-avia-related-tooltip='Compartir en Facebook' rel=\"noopener\"><span class='avia_hidden_link_text'>Compartir en Facebook<\/span><\/a><\/li><li class='av-share-link av-social-link-twitter' ><a target=\"_blank\" aria-label=\"Compartir en Twitter\" href='https:\/\/twitter.com\/share?text=Corte%20de%20Coyhaique%20rechaza%20recurso%20de%20protecci%C3%B3n%20contra%20Universidad%20por%20no%20renovaci%C3%B3n%20de%20contratas&#038;url=https:\/\/radiorevelacionfm.cl\/?p=41141' aria-hidden='false' data-av_icon='\ue8f1' data-av_iconfont='entypo-fontello' title='' data-avia-related-tooltip='Compartir en Twitter' rel=\"noopener\"><span class='avia_hidden_link_text'>Compartir en Twitter<\/span><\/a><\/li><li class='av-share-link av-social-link-whatsapp' ><a target=\"_blank\" aria-label=\"Compartir en Whatsapp\" href='https:\/\/api.whatsapp.com\/send?text=https:\/\/radiorevelacionfm.cl\/?p=41141' aria-hidden='false' data-av_icon='\uf232' data-av_iconfont='entypo-fontello' title='' data-avia-related-tooltip='Compartir en Whatsapp' rel=\"noopener\"><span class='avia_hidden_link_text'>Compartir en Whatsapp<\/span><\/a><\/li><li class='av-share-link av-social-link-linkedin' ><a target=\"_blank\" aria-label=\"Compartir en LinkedIn\" href='https:\/\/linkedin.com\/shareArticle?mini=true&#038;title=Corte%20de%20Coyhaique%20rechaza%20recurso%20de%20protecci%C3%B3n%20contra%20Universidad%20por%20no%20renovaci%C3%B3n%20de%20contratas&#038;url=https:\/\/radiorevelacionfm.cl\/?p=41141' aria-hidden='false' data-av_icon='\ue8fc' data-av_iconfont='entypo-fontello' title='' data-avia-related-tooltip='Compartir en LinkedIn' rel=\"noopener\"><span class='avia_hidden_link_text'>Compartir en LinkedIn<\/span><\/a><\/li><li class='av-share-link av-social-link-mail' ><a  aria-label=\"Compartir por correo\" href='mailto:?subject=Corte%20de%20Coyhaique%20rechaza%20recurso%20de%20protecci%C3%B3n%20contra%20Universidad%20por%20no%20renovaci%C3%B3n%20de%20contratas&#038;body=https:\/\/radiorevelacionfm.cl\/?p=41141' aria-hidden='false' data-av_icon='\ue805' data-av_iconfont='entypo-fontello' title='' data-avia-related-tooltip='Compartir por correo'><span class='avia_hidden_link_text'>Compartir por correo<\/span><\/a><\/li><\/ul><\/div><\/div>\n<div  style='height:50px' class='hr hr-invisible   avia-builder-el-8  el_after_av_social_share  el_before_av_comments_list '><span class='hr-inner ' ><span class='hr-inner-style'><\/span><\/span><\/div>\n<div  class='av-buildercomment  av-blog-meta-html-info-disabled av-blog-meta-tag-disabled  '><\/div>\n","protected":false},"excerpt":{"rendered":"","protected":false},"author":1,"featured_media":34064,"comment_status":"open","ping_status":"open","sticky":false,"template":"","format":"standard","meta":{"footnotes":""},"categories":[55],"tags":[],"class_list":["post-41141","post","type-post","status-publish","format-standard","has-post-thumbnail","hentry","category-justicia"],"jetpack_featured_media_url":"https:\/\/radiorevelacionfm.cl\/wp-content\/uploads\/2023\/08\/Foto-8-Corte-Coyhaique-1-1.jpg","_links":{"self":[{"href":"https:\/\/radiorevelacionfm.cl\/index.php?rest_route=\/wp\/v2\/posts\/41141","targetHints":{"allow":["GET"]}}],"collection":[{"href":"https:\/\/radiorevelacionfm.cl\/index.php?rest_route=\/wp\/v2\/posts"}],"about":[{"href":"https:\/\/radiorevelacionfm.cl\/index.php?rest_route=\/wp\/v2\/types\/post"}],"author":[{"embeddable":true,"href":"https:\/\/radiorevelacionfm.cl\/index.php?rest_route=\/wp\/v2\/users\/1"}],"replies":[{"embeddable":true,"href":"https:\/\/radiorevelacionfm.cl\/index.php?rest_route=%2Fwp%2Fv2%2Fcomments&post=41141"}],"version-history":[{"count":1,"href":"https:\/\/radiorevelacionfm.cl\/index.php?rest_route=\/wp\/v2\/posts\/41141\/revisions"}],"predecessor-version":[{"id":41142,"href":"https:\/\/radiorevelacionfm.cl\/index.php?rest_route=\/wp\/v2\/posts\/41141\/revisions\/41142"}],"wp:featuredmedia":[{"embeddable":true,"href":"https:\/\/radiorevelacionfm.cl\/index.php?rest_route=\/wp\/v2\/media\/34064"}],"wp:attachment":[{"href":"https:\/\/radiorevelacionfm.cl\/index.php?rest_route=%2Fwp%2Fv2%2Fmedia&parent=41141"}],"wp:term":[{"taxonomy":"category","embeddable":true,"href":"https:\/\/radiorevelacionfm.cl\/index.php?rest_route=%2Fwp%2Fv2%2Fcategories&post=41141"},{"taxonomy":"post_tag","embeddable":true,"href":"https:\/\/radiorevelacionfm.cl\/index.php?rest_route=%2Fwp%2Fv2%2Ftags&post=41141"}],"curies":[{"name":"wp","href":"https:\/\/api.w.org\/{rel}","templated":true}]}}