{"id":41135,"date":"2024-04-09T20:43:46","date_gmt":"2024-04-09T23:43:46","guid":{"rendered":"https:\/\/radiorevelacionfm.cl\/?p=41135"},"modified":"2024-04-09T20:43:46","modified_gmt":"2024-04-09T23:43:46","slug":"anuncian-extension-de-red-electrica-para-la-comuna-de-rio-ibanez","status":"publish","type":"post","link":"https:\/\/radiorevelacionfm.cl\/?p=41135","title":{"rendered":"Anuncian extensi\u00f3n de red el\u00e9ctrica para la comuna de R\u00edo Ib\u00e1\u00f1ez"},"content":{"rendered":"<div class=\"flex_column av_one_full  flex_column_div av-zero-column-padding first  avia-builder-el-0  el_before_av_one_full  avia-builder-el-first  \" style='border-radius:0px; '><div  class='avia-image-container  av-styling-    avia-builder-el-1  avia-builder-el-no-sibling  avia-align-center '  itemprop=\"image\" itemscope=\"itemscope\" itemtype=\"https:\/\/schema.org\/ImageObject\"  ><div class='avia-image-container-inner'><div class='avia-image-overlay-wrap'><img decoding=\"async\" class='wp-image-41136 avia-img-lazy-loading-not-41136 avia_image' src=\"https:\/\/radiorevelacionfm.cl\/wp-content\/uploads\/2024\/04\/Trabajos-PtoIbanez1-1-1.jpg\" alt='' title='Trabajos PtoIba\u00f1ez1 (1) (1)' height=\"610\" width=\"803\"  itemprop=\"thumbnailUrl\" srcset=\"https:\/\/radiorevelacionfm.cl\/wp-content\/uploads\/2024\/04\/Trabajos-PtoIbanez1-1-1.jpg 803w, https:\/\/radiorevelacionfm.cl\/wp-content\/uploads\/2024\/04\/Trabajos-PtoIbanez1-1-1-300x228.jpg 300w, https:\/\/radiorevelacionfm.cl\/wp-content\/uploads\/2024\/04\/Trabajos-PtoIbanez1-1-1-768x583.jpg 768w, https:\/\/radiorevelacionfm.cl\/wp-content\/uploads\/2024\/04\/Trabajos-PtoIbanez1-1-1-705x536.jpg 705w, https:\/\/radiorevelacionfm.cl\/wp-content\/uploads\/2024\/04\/Trabajos-PtoIbanez1-1-1-450x342.jpg 450w, https:\/\/radiorevelacionfm.cl\/wp-content\/uploads\/2024\/04\/Trabajos-PtoIbanez1-1-1-600x456.jpg 600w\" sizes=\"(max-width: 803px) 100vw, 803px\" \/><\/div><\/div><\/div><\/div><div class=\"flex_column av_one_full  flex_column_div av-zero-column-padding first  avia-builder-el-2  el_after_av_one_full  el_before_av_one_full  column-top-margin\" style='border-radius:0px; '><section class=\"av_textblock_section \"  itemscope=\"itemscope\" itemtype=\"https:\/\/schema.org\/BlogPosting\" itemprop=\"blogPost\" ><div class='avia_textblock  '   itemprop=\"text\" ><p style=\"text-align: center;\"><strong><span style=\"font-size: 18pt;\">Anuncian extensi\u00f3n de red el\u00e9ctrica para la comuna de R\u00edo Ib\u00e1\u00f1ez<\/span><\/strong><\/p>\n<div id=\"gtx-trans\" style=\"position: absolute; left: -50px; top: 4.31534px;\">\n<div class=\"gtx-trans-icon\"><\/div>\n<\/div>\n<\/div><\/section><\/div><div class=\"flex_column av_one_full  flex_column_div av-zero-column-padding first  avia-builder-el-4  el_after_av_one_full  el_before_av_hr  column-top-margin\" style='border-radius:0px; '><section class=\"av_textblock_section \"  itemscope=\"itemscope\" itemtype=\"https:\/\/schema.org\/BlogPosting\" itemprop=\"blogPost\" ><div class='avia_textblock  '   itemprop=\"text\" ><p style=\"text-align: justify;\"><em>Estos trabajos adem\u00e1s permitir\u00e1n una mejora en la distribuci\u00f3n de la energ\u00eda para la comuna y la conexi\u00f3n de nuevas viviendas y mejorar la calidad de vida de los vecinos del sector el salto Ib\u00e1\u00f1ez<\/em><\/p>\n<p style=\"text-align: justify;\">Tras diversas reuniones con la Municipalidad de Rio Ib\u00e1\u00f1ez a solicitud de los vecinos de la comuna, Edelaysen dio a conocer una importante obra en la localidad con la extensi\u00f3n de su red el\u00e9ctrica. Esta iniciativa, que se espera comience durante la segunda semana de abril, permitir\u00e1 la conexi\u00f3n a la energ\u00eda el\u00e9ctrica, para nuevas viviendas de Rio Ib\u00e1\u00f1ez.<\/p>\n<p style=\"text-align: justify;\">De acuerdo con ello, la solicitud expuesta por la Municipalidad de Rio Ib\u00e1\u00f1ez, tiene por objetivo satisfacer las crecientes necesidades de energ\u00eda de la comunidad. En respuesta de ello, y con la intensi\u00f3n de trabar conjuntamente por el bienestar de la comunidad es que desde la distribuidora se determin\u00f3 otorgar el financiamiento total para estas obras. Esta colaboraci\u00f3n entre la administraci\u00f3n local y Edelaysen buscan ampliar la infraestructura el\u00e9ctrica y proporcionar un servicio confiable a los habitantes del sector Camino al Salto Ib\u00e1\u00f1ez.<\/p>\n<p style=\"text-align: justify;\">Patricio Raimilla, jefe de Servicio al Cliente de Edelaysen destac\u00f3 \u201cGratamente anunciamos esta importante extensi\u00f3n de nuestra red en la comuna de R\u00edo Ib\u00e1\u00f1ez. Iniciativa que no solo mejorar\u00e1 la distribuci\u00f3n de la energ\u00eda, sino que tambi\u00e9n demuestra nuestro compromiso con la escucha permanente de las necesidades de nuestras comunidades y desde ah\u00ed, nuestra disposici\u00f3n para colaborar en soluciones que beneficien a todos\u201d.<\/p>\n<p style=\"text-align: justify;\">Por su parte, el alcalde de R\u00edo Ib\u00e1\u00f1ez Juan Saldivia mencion\u00f3 \u201cQueremos expresar nuestros agradecimientos a la empresa Edelaysen que ha tenido una mirada de proyecci\u00f3n tambi\u00e9n en el sentido de poder extender la red el\u00e9ctrica en la ruta X723 que comprende desde el sector El Cacharro hasta el Sector La Balsa, un tramo importante que beneficia a los vecinos del Comit\u00e9 Las Bandurrias y que va a permitir ir generando una mejor calidad de vida en el sentido de contar con un servicio b\u00e1sico por tanto reiterar nuestros agradecimientos a la empresa por realizar esta extensi\u00f3n de manera gratuita que va a beneficiar a nuestros vecinos\u201d.<\/p>\n<p style=\"text-align: justify;\">De esta manera, estos trabajos en R\u00edo Ib\u00e1\u00f1ez representan un paso significativo en el fortalecimiento de la infraestructura el\u00e9ctrica local\u00a0 y el apoyo al crecimiento de la comuna a trav\u00e9s de mejoras en su calidad de vida.<\/p>\n<\/div><\/section><\/div><div  style='height:50px' class='hr hr-invisible   avia-builder-el-6  el_after_av_one_full  el_before_av_social_share '><span class='hr-inner ' ><span class='hr-inner-style'><\/span><\/span><\/div><\/p>\n<div  class='av-social-sharing-box  avia-builder-el-7  el_after_av_hr  el_before_av_hr  '><div class='av-share-box'><h5 class='av-share-link-description av-no-toc '>Compartir esta noticia<\/h5><ul class='av-share-box-list noLightbox'><li class='av-share-link av-social-link-facebook' ><a target=\"_blank\" aria-label=\"Compartir en Facebook\" href='https:\/\/www.facebook.com\/sharer.php?u=https:\/\/radiorevelacionfm.cl\/?p=41135&#038;t=Anuncian%20extensi%C3%B3n%20de%20red%20el%C3%A9ctrica%20para%20la%20comuna%20de%20R%C3%ADo%20Ib%C3%A1%C3%B1ez' aria-hidden='false' data-av_icon='\ue8f3' data-av_iconfont='entypo-fontello' title='' data-avia-related-tooltip='Compartir en Facebook' rel=\"noopener\"><span class='avia_hidden_link_text'>Compartir en Facebook<\/span><\/a><\/li><li class='av-share-link av-social-link-twitter' ><a target=\"_blank\" aria-label=\"Compartir en Twitter\" href='https:\/\/twitter.com\/share?text=Anuncian%20extensi%C3%B3n%20de%20red%20el%C3%A9ctrica%20para%20la%20comuna%20de%20R%C3%ADo%20Ib%C3%A1%C3%B1ez&#038;url=https:\/\/radiorevelacionfm.cl\/?p=41135' aria-hidden='false' data-av_icon='\ue8f1' data-av_iconfont='entypo-fontello' title='' data-avia-related-tooltip='Compartir en Twitter' rel=\"noopener\"><span class='avia_hidden_link_text'>Compartir en Twitter<\/span><\/a><\/li><li class='av-share-link av-social-link-whatsapp' ><a target=\"_blank\" aria-label=\"Compartir en Whatsapp\" href='https:\/\/api.whatsapp.com\/send?text=https:\/\/radiorevelacionfm.cl\/?p=41135' aria-hidden='false' data-av_icon='\uf232' data-av_iconfont='entypo-fontello' title='' data-avia-related-tooltip='Compartir en Whatsapp' rel=\"noopener\"><span class='avia_hidden_link_text'>Compartir en Whatsapp<\/span><\/a><\/li><li class='av-share-link av-social-link-linkedin' ><a target=\"_blank\" aria-label=\"Compartir en LinkedIn\" href='https:\/\/linkedin.com\/shareArticle?mini=true&#038;title=Anuncian%20extensi%C3%B3n%20de%20red%20el%C3%A9ctrica%20para%20la%20comuna%20de%20R%C3%ADo%20Ib%C3%A1%C3%B1ez&#038;url=https:\/\/radiorevelacionfm.cl\/?p=41135' aria-hidden='false' data-av_icon='\ue8fc' data-av_iconfont='entypo-fontello' title='' data-avia-related-tooltip='Compartir en LinkedIn' rel=\"noopener\"><span class='avia_hidden_link_text'>Compartir en LinkedIn<\/span><\/a><\/li><li class='av-share-link av-social-link-mail' ><a  aria-label=\"Compartir por correo\" href='mailto:?subject=Anuncian%20extensi%C3%B3n%20de%20red%20el%C3%A9ctrica%20para%20la%20comuna%20de%20R%C3%ADo%20Ib%C3%A1%C3%B1ez&#038;body=https:\/\/radiorevelacionfm.cl\/?p=41135' aria-hidden='false' data-av_icon='\ue805' data-av_iconfont='entypo-fontello' title='' data-avia-related-tooltip='Compartir por correo'><span class='avia_hidden_link_text'>Compartir por correo<\/span><\/a><\/li><\/ul><\/div><\/div>\n<div  style='height:50px' class='hr hr-invisible   avia-builder-el-8  el_after_av_social_share  el_before_av_comments_list '><span class='hr-inner ' ><span class='hr-inner-style'><\/span><\/span><\/div>\n<div  class='av-buildercomment  av-blog-meta-html-info-disabled av-blog-meta-tag-disabled  '><\/div>\n","protected":false},"excerpt":{"rendered":"","protected":false},"author":1,"featured_media":41136,"comment_status":"open","ping_status":"open","sticky":false,"template":"","format":"standard","meta":{"footnotes":""},"categories":[38],"tags":[],"class_list":["post-41135","post","type-post","status-publish","format-standard","has-post-thumbnail","hentry","category-regional"],"jetpack_featured_media_url":"https:\/\/radiorevelacionfm.cl\/wp-content\/uploads\/2024\/04\/Trabajos-PtoIbanez1-1-1.jpg","_links":{"self":[{"href":"https:\/\/radiorevelacionfm.cl\/index.php?rest_route=\/wp\/v2\/posts\/41135","targetHints":{"allow":["GET"]}}],"collection":[{"href":"https:\/\/radiorevelacionfm.cl\/index.php?rest_route=\/wp\/v2\/posts"}],"about":[{"href":"https:\/\/radiorevelacionfm.cl\/index.php?rest_route=\/wp\/v2\/types\/post"}],"author":[{"embeddable":true,"href":"https:\/\/radiorevelacionfm.cl\/index.php?rest_route=\/wp\/v2\/users\/1"}],"replies":[{"embeddable":true,"href":"https:\/\/radiorevelacionfm.cl\/index.php?rest_route=%2Fwp%2Fv2%2Fcomments&post=41135"}],"version-history":[{"count":1,"href":"https:\/\/radiorevelacionfm.cl\/index.php?rest_route=\/wp\/v2\/posts\/41135\/revisions"}],"predecessor-version":[{"id":41137,"href":"https:\/\/radiorevelacionfm.cl\/index.php?rest_route=\/wp\/v2\/posts\/41135\/revisions\/41137"}],"wp:featuredmedia":[{"embeddable":true,"href":"https:\/\/radiorevelacionfm.cl\/index.php?rest_route=\/wp\/v2\/media\/41136"}],"wp:attachment":[{"href":"https:\/\/radiorevelacionfm.cl\/index.php?rest_route=%2Fwp%2Fv2%2Fmedia&parent=41135"}],"wp:term":[{"taxonomy":"category","embeddable":true,"href":"https:\/\/radiorevelacionfm.cl\/index.php?rest_route=%2Fwp%2Fv2%2Fcategories&post=41135"},{"taxonomy":"post_tag","embeddable":true,"href":"https:\/\/radiorevelacionfm.cl\/index.php?rest_route=%2Fwp%2Fv2%2Ftags&post=41135"}],"curies":[{"name":"wp","href":"https:\/\/api.w.org\/{rel}","templated":true}]}}