{"id":41132,"date":"2024-04-09T16:04:42","date_gmt":"2024-04-09T19:04:42","guid":{"rendered":"https:\/\/radiorevelacionfm.cl\/?p=41132"},"modified":"2024-04-09T16:04:42","modified_gmt":"2024-04-09T19:04:42","slug":"injuv-promueve-participacion-juvenil-y-la-vinculacion-pedagogica-con-la-naturaleza","status":"publish","type":"post","link":"https:\/\/radiorevelacionfm.cl\/?p=41132","title":{"rendered":"INJUV promueve participaci\u00f3n juvenil y la vinculaci\u00f3n pedag\u00f3gica con la naturaleza"},"content":{"rendered":"<div class=\"flex_column av_one_full  flex_column_div av-zero-column-padding first  avia-builder-el-0  el_before_av_one_full  avia-builder-el-first  \" style='border-radius:0px; '><div  class='avia-image-container  av-styling-    avia-builder-el-1  avia-builder-el-no-sibling  avia-align-center '  itemprop=\"image\" itemscope=\"itemscope\" itemtype=\"https:\/\/schema.org\/ImageObject\"  ><div class='avia-image-container-inner'><div class='avia-image-overlay-wrap'><img decoding=\"async\" class='wp-image-41133 avia-img-lazy-loading-not-41133 avia_image' src=\"https:\/\/radiorevelacionfm.cl\/wp-content\/uploads\/2024\/04\/foto-6-1-1_optimized-1.jpg\" alt='' title='foto-(6)-(1)-(1)_optimized (1)' height=\"600\" width=\"733\"  itemprop=\"thumbnailUrl\" srcset=\"https:\/\/radiorevelacionfm.cl\/wp-content\/uploads\/2024\/04\/foto-6-1-1_optimized-1.jpg 733w, https:\/\/radiorevelacionfm.cl\/wp-content\/uploads\/2024\/04\/foto-6-1-1_optimized-1-300x246.jpg 300w, https:\/\/radiorevelacionfm.cl\/wp-content\/uploads\/2024\/04\/foto-6-1-1_optimized-1-705x577.jpg 705w, https:\/\/radiorevelacionfm.cl\/wp-content\/uploads\/2024\/04\/foto-6-1-1_optimized-1-450x368.jpg 450w, https:\/\/radiorevelacionfm.cl\/wp-content\/uploads\/2024\/04\/foto-6-1-1_optimized-1-600x491.jpg 600w\" sizes=\"(max-width: 733px) 100vw, 733px\" \/><\/div><\/div><\/div><\/div><div class=\"flex_column av_one_full  flex_column_div av-zero-column-padding first  avia-builder-el-2  el_after_av_one_full  el_before_av_one_full  column-top-margin\" style='border-radius:0px; '><section class=\"av_textblock_section \"  itemscope=\"itemscope\" itemtype=\"https:\/\/schema.org\/BlogPosting\" itemprop=\"blogPost\" ><div class='avia_textblock  '   itemprop=\"text\" ><p style=\"text-align: center;\"><strong><span style=\"font-size: 18pt;\">INJUV promueve participaci\u00f3n juvenil y la vinculaci\u00f3n pedag\u00f3gica con la naturaleza<\/span><\/strong><\/p>\n<div id=\"gtx-trans\" style=\"position: absolute; left: -50px; top: 4.31534px;\">\n<div class=\"gtx-trans-icon\"><\/div>\n<\/div>\n<\/div><\/section><\/div><div class=\"flex_column av_one_full  flex_column_div av-zero-column-padding first  avia-builder-el-4  el_after_av_one_full  el_before_av_hr  column-top-margin\" style='border-radius:0px; '><section class=\"av_textblock_section \"  itemscope=\"itemscope\" itemtype=\"https:\/\/schema.org\/BlogPosting\" itemprop=\"blogPost\" ><div class='avia_textblock  '   itemprop=\"text\" ><p style=\"text-align: justify;\">Con el objetivo de promover el trabajo colaborativo y establecer mecanismos de vinculaci\u00f3n y cooperaci\u00f3n mutua en actividades enfocadas al potenciamiento de la participaci\u00f3n de la comunidad juvenil y su vinculaci\u00f3n pedag\u00f3gica con la naturaleza, el Instituto Nacional de la Juventud (INJUV) y Fundaci\u00f3n Nativos, firman importante convenio de colaboraci\u00f3n dirigido a \u00a0las juventudes de la regi\u00f3n de Ays\u00e9n.<\/p>\n<p style=\"text-align: justify;\">El convenio firmado por ambas entidades busca tambi\u00e9n que las juventudes tengan acceso a experiencias democr\u00e1ticas y significativas con la naturaleza profunda durante su etapa escolar, fomentar procesos de co-creaci\u00f3n de actividades, desarrollar distintas iniciativas en colaboraci\u00f3n mutua y reciproco inter\u00e9s de ambas instituciones para fomentar las culturas, las artes y el patrimonio, dise\u00f1ar en conjunto y\/o colaborar en distintos proyectos que se lleven a cabo, trabajar en propender al apoyo t\u00e9cnico y desarrollo de procesos tendientes a facilitar y promover el avance integral de la comunidad juvenil regional, aportar en el dise\u00f1o, planificaci\u00f3n, ejecuci\u00f3n y monitoreo de las actividades y\/o acciones de cooperaci\u00f3n que se lleven a cabo, adem\u00e1s del compromiso de \u00a0ambas instituciones en respetar y promover el principio de igualdad y no discriminaci\u00f3n de sexo y\/o g\u00e9nero.<\/p>\n<p style=\"text-align: justify;\">Respecto a la iniciativa, el director regional de INJUV Ays\u00e9n, camilo Trivi\u00f1o Urtubia, sostuvo que \u201ccrecer y desarrollarse en un medio ambiente \u00f3ptimo tiene una repercusi\u00f3n inmediata en la formaci\u00f3n y aprendizaje de las personas. En nuestro trabajo con las juventudes de la regi\u00f3n hemos recogido el testimonio y necesidad de poder generar una vinculaci\u00f3n entre sus procesos formativos y la relaci\u00f3n con el medio ambiente, por lo que este convenio viene a ofrecer una alternativa concreta ante la demanda planteada.<\/p>\n<p style=\"text-align: justify;\">En tanto el director ejecutivo de Fundaci\u00f3n Nativos, Cristian Fern\u00e1ndez Soublette, indic\u00f3 que \u201ceste es un paso m\u00e1s para que la naturaleza sea un pilar fundamental en la etapa de formaci\u00f3n de los j\u00f3venes de la regi\u00f3n, queremos que Parque Escuela Kaiken sirva como escuela para las futuras generaciones y sea un pilar para el desarrollo del buen vivir\u201d.<\/p>\n<\/div><\/section><\/div><div  style='height:50px' class='hr hr-invisible   avia-builder-el-6  el_after_av_one_full  el_before_av_social_share '><span class='hr-inner ' ><span class='hr-inner-style'><\/span><\/span><\/div><\/p>\n<div  class='av-social-sharing-box  avia-builder-el-7  el_after_av_hr  el_before_av_hr  '><div class='av-share-box'><h5 class='av-share-link-description av-no-toc '>Compartir esta noticia<\/h5><ul class='av-share-box-list noLightbox'><li class='av-share-link av-social-link-facebook' ><a target=\"_blank\" aria-label=\"Compartir en Facebook\" href='https:\/\/www.facebook.com\/sharer.php?u=https:\/\/radiorevelacionfm.cl\/?p=41132&#038;t=INJUV%20promueve%20participaci%C3%B3n%20juvenil%20y%20la%20vinculaci%C3%B3n%20pedag%C3%B3gica%20con%20la%20naturaleza' aria-hidden='false' data-av_icon='\ue8f3' data-av_iconfont='entypo-fontello' title='' data-avia-related-tooltip='Compartir en Facebook' rel=\"noopener\"><span class='avia_hidden_link_text'>Compartir en Facebook<\/span><\/a><\/li><li class='av-share-link av-social-link-twitter' ><a target=\"_blank\" aria-label=\"Compartir en Twitter\" href='https:\/\/twitter.com\/share?text=INJUV%20promueve%20participaci%C3%B3n%20juvenil%20y%20la%20vinculaci%C3%B3n%20pedag%C3%B3gica%20con%20la%20naturaleza&#038;url=https:\/\/radiorevelacionfm.cl\/?p=41132' aria-hidden='false' data-av_icon='\ue8f1' data-av_iconfont='entypo-fontello' title='' data-avia-related-tooltip='Compartir en Twitter' rel=\"noopener\"><span class='avia_hidden_link_text'>Compartir en Twitter<\/span><\/a><\/li><li class='av-share-link av-social-link-whatsapp' ><a target=\"_blank\" aria-label=\"Compartir en Whatsapp\" href='https:\/\/api.whatsapp.com\/send?text=https:\/\/radiorevelacionfm.cl\/?p=41132' aria-hidden='false' data-av_icon='\uf232' data-av_iconfont='entypo-fontello' title='' data-avia-related-tooltip='Compartir en Whatsapp' rel=\"noopener\"><span class='avia_hidden_link_text'>Compartir en Whatsapp<\/span><\/a><\/li><li class='av-share-link av-social-link-linkedin' ><a target=\"_blank\" aria-label=\"Compartir en LinkedIn\" href='https:\/\/linkedin.com\/shareArticle?mini=true&#038;title=INJUV%20promueve%20participaci%C3%B3n%20juvenil%20y%20la%20vinculaci%C3%B3n%20pedag%C3%B3gica%20con%20la%20naturaleza&#038;url=https:\/\/radiorevelacionfm.cl\/?p=41132' aria-hidden='false' data-av_icon='\ue8fc' data-av_iconfont='entypo-fontello' title='' data-avia-related-tooltip='Compartir en LinkedIn' rel=\"noopener\"><span class='avia_hidden_link_text'>Compartir en LinkedIn<\/span><\/a><\/li><li class='av-share-link av-social-link-mail' ><a  aria-label=\"Compartir por correo\" href='mailto:?subject=INJUV%20promueve%20participaci%C3%B3n%20juvenil%20y%20la%20vinculaci%C3%B3n%20pedag%C3%B3gica%20con%20la%20naturaleza&#038;body=https:\/\/radiorevelacionfm.cl\/?p=41132' aria-hidden='false' data-av_icon='\ue805' data-av_iconfont='entypo-fontello' title='' data-avia-related-tooltip='Compartir por correo'><span class='avia_hidden_link_text'>Compartir por correo<\/span><\/a><\/li><\/ul><\/div><\/div>\n<div  style='height:50px' class='hr hr-invisible   avia-builder-el-8  el_after_av_social_share  el_before_av_comments_list '><span class='hr-inner ' ><span class='hr-inner-style'><\/span><\/span><\/div>\n<div  class='av-buildercomment  av-blog-meta-html-info-disabled av-blog-meta-tag-disabled  '><\/div>\n","protected":false},"excerpt":{"rendered":"","protected":false},"author":1,"featured_media":41133,"comment_status":"open","ping_status":"open","sticky":false,"template":"","format":"standard","meta":{"footnotes":""},"categories":[38],"tags":[],"class_list":["post-41132","post","type-post","status-publish","format-standard","has-post-thumbnail","hentry","category-regional"],"jetpack_featured_media_url":"https:\/\/radiorevelacionfm.cl\/wp-content\/uploads\/2024\/04\/foto-6-1-1_optimized-1.jpg","_links":{"self":[{"href":"https:\/\/radiorevelacionfm.cl\/index.php?rest_route=\/wp\/v2\/posts\/41132","targetHints":{"allow":["GET"]}}],"collection":[{"href":"https:\/\/radiorevelacionfm.cl\/index.php?rest_route=\/wp\/v2\/posts"}],"about":[{"href":"https:\/\/radiorevelacionfm.cl\/index.php?rest_route=\/wp\/v2\/types\/post"}],"author":[{"embeddable":true,"href":"https:\/\/radiorevelacionfm.cl\/index.php?rest_route=\/wp\/v2\/users\/1"}],"replies":[{"embeddable":true,"href":"https:\/\/radiorevelacionfm.cl\/index.php?rest_route=%2Fwp%2Fv2%2Fcomments&post=41132"}],"version-history":[{"count":1,"href":"https:\/\/radiorevelacionfm.cl\/index.php?rest_route=\/wp\/v2\/posts\/41132\/revisions"}],"predecessor-version":[{"id":41134,"href":"https:\/\/radiorevelacionfm.cl\/index.php?rest_route=\/wp\/v2\/posts\/41132\/revisions\/41134"}],"wp:featuredmedia":[{"embeddable":true,"href":"https:\/\/radiorevelacionfm.cl\/index.php?rest_route=\/wp\/v2\/media\/41133"}],"wp:attachment":[{"href":"https:\/\/radiorevelacionfm.cl\/index.php?rest_route=%2Fwp%2Fv2%2Fmedia&parent=41132"}],"wp:term":[{"taxonomy":"category","embeddable":true,"href":"https:\/\/radiorevelacionfm.cl\/index.php?rest_route=%2Fwp%2Fv2%2Fcategories&post=41132"},{"taxonomy":"post_tag","embeddable":true,"href":"https:\/\/radiorevelacionfm.cl\/index.php?rest_route=%2Fwp%2Fv2%2Ftags&post=41132"}],"curies":[{"name":"wp","href":"https:\/\/api.w.org\/{rel}","templated":true}]}}