{"id":41129,"date":"2024-04-09T12:00:45","date_gmt":"2024-04-09T15:00:45","guid":{"rendered":"https:\/\/radiorevelacionfm.cl\/?p=41129"},"modified":"2024-04-09T12:00:45","modified_gmt":"2024-04-09T15:00:45","slug":"gobernadora-macias-y-modificacion-a-ley-de-sistemas-medianos-puede-llegar-a-tener-un-impacto-tremendamente-positivo-en-la-region","status":"publish","type":"post","link":"https:\/\/radiorevelacionfm.cl\/?p=41129","title":{"rendered":"Gobernadora Mac\u00edas y modificaci\u00f3n a Ley de Sistemas Medianos: \u00abPuede llegar a tener un impacto tremendamente positivo en la Regi\u00f3n\u00bb"},"content":{"rendered":"<div class=\"flex_column av_one_full  flex_column_div av-zero-column-padding first  avia-builder-el-0  el_before_av_one_full  avia-builder-el-first  \" style='border-radius:0px; '><div  class='avia-image-container  av-styling-    avia-builder-el-1  avia-builder-el-no-sibling  avia-align-center '  itemprop=\"image\" itemscope=\"itemscope\" itemtype=\"https:\/\/schema.org\/ImageObject\"  ><div class='avia-image-container-inner'><div class='avia-image-overlay-wrap'><img decoding=\"async\" class='wp-image-41130 avia-img-lazy-loading-not-41130 avia_image' src=\"https:\/\/radiorevelacionfm.cl\/wp-content\/uploads\/2024\/04\/WhatsApp-Image-2024-04-09-at-10.00.36-AM-1-1.jpeg\" alt='' title='WhatsApp Image 2024-04-09 at 10.00.36 AM (1) (1)' height=\"600\" width=\"800\"  itemprop=\"thumbnailUrl\" srcset=\"https:\/\/radiorevelacionfm.cl\/wp-content\/uploads\/2024\/04\/WhatsApp-Image-2024-04-09-at-10.00.36-AM-1-1.jpeg 800w, https:\/\/radiorevelacionfm.cl\/wp-content\/uploads\/2024\/04\/WhatsApp-Image-2024-04-09-at-10.00.36-AM-1-1-300x225.jpeg 300w, https:\/\/radiorevelacionfm.cl\/wp-content\/uploads\/2024\/04\/WhatsApp-Image-2024-04-09-at-10.00.36-AM-1-1-768x576.jpeg 768w, https:\/\/radiorevelacionfm.cl\/wp-content\/uploads\/2024\/04\/WhatsApp-Image-2024-04-09-at-10.00.36-AM-1-1-705x529.jpeg 705w, https:\/\/radiorevelacionfm.cl\/wp-content\/uploads\/2024\/04\/WhatsApp-Image-2024-04-09-at-10.00.36-AM-1-1-450x338.jpeg 450w, https:\/\/radiorevelacionfm.cl\/wp-content\/uploads\/2024\/04\/WhatsApp-Image-2024-04-09-at-10.00.36-AM-1-1-600x450.jpeg 600w\" sizes=\"(max-width: 800px) 100vw, 800px\" \/><\/div><\/div><\/div><\/div><div class=\"flex_column av_one_full  flex_column_div av-zero-column-padding first  avia-builder-el-2  el_after_av_one_full  el_before_av_one_full  column-top-margin\" style='border-radius:0px; '><section class=\"av_textblock_section \"  itemscope=\"itemscope\" itemtype=\"https:\/\/schema.org\/BlogPosting\" itemprop=\"blogPost\" ><div class='avia_textblock  '   itemprop=\"text\" ><p style=\"text-align: center;\"><strong><span style=\"font-size: 18pt;\">Gobernadora Mac\u00edas y modificaci\u00f3n a Ley de Sistemas Medianos: \u00abPuede llegar a tener un impacto tremendamente positivo en la Regi\u00f3n\u00bb<\/span><\/strong><\/p>\n<div id=\"gtx-trans\" style=\"position: absolute; left: -50px; top: 4.31534px;\">\n<div class=\"gtx-trans-icon\"><\/div>\n<\/div>\n<\/div><\/section><\/div><div class=\"flex_column av_one_full  flex_column_div av-zero-column-padding first  avia-builder-el-4  el_after_av_one_full  el_before_av_hr  column-top-margin\" style='border-radius:0px; '><section class=\"av_textblock_section \"  itemscope=\"itemscope\" itemtype=\"https:\/\/schema.org\/BlogPosting\" itemprop=\"blogPost\" ><div class='avia_textblock  '   itemprop=\"text\" ><p dir=\"ltr\" style=\"text-align: justify;\">La Gobernadora Regional Andrea Mac\u00edas Palma recibi\u00f3 en audiencia al subsecretario de Energ\u00eda Luis Felipe Ramos, con quien sostuvo una reuni\u00f3n en la que abordaron los desaf\u00edos en materia energ\u00e9tica para la Regi\u00f3n de Ays\u00e9n.<\/p>\n<p dir=\"ltr\" style=\"text-align: justify;\">En lo inmediato, la primera autoridad regional se refiri\u00f3 a la modificaci\u00f3n a la Ley que regula los sistemas el\u00e9ctricos medianos, como el que opera en gran parte de la Regi\u00f3n de Ays\u00e9n, proyecto impulsado por el Gobierno que podr\u00eda significar una mejora tarifaria para los clientes de la Patagonia.<\/p>\n<p dir=\"ltr\" style=\"text-align: justify;\">\u00abEso para el caso de la regi\u00f3n de Ays\u00e9n puede llegar a tener un impacto tremendamente positivo si es que logramos articular este trabajo que nos permita generar algunas indicaciones espec\u00edficas para nuestra regi\u00f3n\u00bb, asegur\u00f3 la Gobernadora Mac\u00edas.<\/p>\n<p dir=\"ltr\" style=\"text-align: justify;\">En ese sentido, la Gobernadora de Ays\u00e9n record\u00f3 que a trav\u00e9s del CIEP, se est\u00e1 desarrollando un estudio que derivar\u00e1 en propuestas de indicaciones para la iniciativa del Ejecutivo, por lo que valor\u00f3 la conversaci\u00f3n con el Subsecretario, ya que tambi\u00e9n pudo plantear el desaf\u00edo pr\u00f3ximo de abordar y mejorar los sistemas aislados que operan en Melimoyu, Tortel, Melinka-Repollal, Puerto Gaviota, y Puerto Gala.<\/p>\n<p dir=\"ltr\" style=\"text-align: justify;\">\u00abHemos comentado al subsecretario las necesidades que tenemos como regi\u00f3n, las brechas que significa esto en materia de energ\u00eda, pero tambi\u00e9n las oportunidades que vemos en este trabajo que se pueda realizar\u00bb, concluy\u00f3.<\/p>\n<p dir=\"ltr\" style=\"text-align: justify;\">Por su parte, el Subsecretario Luis Felipe Ramos, manifest\u00f3 que fue \u00abuna reuni\u00f3n muy productiva donde hemos podido conversar de distintas materias respecto de la energ\u00eda en la regi\u00f3n y esperamos que podamos seguir trabajando en una serie de asuntos, entre ellos algunos que tienen que ver con proyectos de energ\u00eda en la regi\u00f3n, con los sistemas medianos\u00bb.<\/p>\n<div style=\"text-align: justify;\"><\/div>\n<\/div><\/section><\/div><div  style='height:50px' class='hr hr-invisible   avia-builder-el-6  el_after_av_one_full  el_before_av_social_share '><span class='hr-inner ' ><span class='hr-inner-style'><\/span><\/span><\/div><\/p>\n<div  class='av-social-sharing-box  avia-builder-el-7  el_after_av_hr  el_before_av_hr  '><div class='av-share-box'><h5 class='av-share-link-description av-no-toc '>Compartir esta noticia<\/h5><ul class='av-share-box-list noLightbox'><li class='av-share-link av-social-link-facebook' ><a target=\"_blank\" aria-label=\"Compartir en Facebook\" href='https:\/\/www.facebook.com\/sharer.php?u=https:\/\/radiorevelacionfm.cl\/?p=41129&#038;t=Gobernadora%20Mac%C3%ADas%20y%20modificaci%C3%B3n%20a%20Ley%20de%20Sistemas%20Medianos%3A%20%C2%ABPuede%20llegar%20a%20tener%20un%20impacto%20tremendamente%20positivo%20en%20la%20Regi%C3%B3n%C2%BB' aria-hidden='false' data-av_icon='\ue8f3' data-av_iconfont='entypo-fontello' title='' data-avia-related-tooltip='Compartir en Facebook' rel=\"noopener\"><span class='avia_hidden_link_text'>Compartir en Facebook<\/span><\/a><\/li><li class='av-share-link av-social-link-twitter' ><a target=\"_blank\" aria-label=\"Compartir en Twitter\" href='https:\/\/twitter.com\/share?text=Gobernadora%20Mac%C3%ADas%20y%20modificaci%C3%B3n%20a%20Ley%20de%20Sistemas%20Medianos%3A%20%C2%ABPuede%20llegar%20a%20tener%20un%20impacto%20tremendamente%20positivo%20en%20la%20Regi%C3%B3n%C2%BB&#038;url=https:\/\/radiorevelacionfm.cl\/?p=41129' aria-hidden='false' data-av_icon='\ue8f1' data-av_iconfont='entypo-fontello' title='' data-avia-related-tooltip='Compartir en Twitter' rel=\"noopener\"><span class='avia_hidden_link_text'>Compartir en Twitter<\/span><\/a><\/li><li class='av-share-link av-social-link-whatsapp' ><a target=\"_blank\" aria-label=\"Compartir en Whatsapp\" href='https:\/\/api.whatsapp.com\/send?text=https:\/\/radiorevelacionfm.cl\/?p=41129' aria-hidden='false' data-av_icon='\uf232' data-av_iconfont='entypo-fontello' title='' data-avia-related-tooltip='Compartir en Whatsapp' rel=\"noopener\"><span class='avia_hidden_link_text'>Compartir en Whatsapp<\/span><\/a><\/li><li class='av-share-link av-social-link-linkedin' ><a target=\"_blank\" aria-label=\"Compartir en LinkedIn\" href='https:\/\/linkedin.com\/shareArticle?mini=true&#038;title=Gobernadora%20Mac%C3%ADas%20y%20modificaci%C3%B3n%20a%20Ley%20de%20Sistemas%20Medianos%3A%20%C2%ABPuede%20llegar%20a%20tener%20un%20impacto%20tremendamente%20positivo%20en%20la%20Regi%C3%B3n%C2%BB&#038;url=https:\/\/radiorevelacionfm.cl\/?p=41129' aria-hidden='false' data-av_icon='\ue8fc' data-av_iconfont='entypo-fontello' title='' data-avia-related-tooltip='Compartir en LinkedIn' rel=\"noopener\"><span class='avia_hidden_link_text'>Compartir en LinkedIn<\/span><\/a><\/li><li class='av-share-link av-social-link-mail' ><a  aria-label=\"Compartir por correo\" href='mailto:?subject=Gobernadora%20Mac%C3%ADas%20y%20modificaci%C3%B3n%20a%20Ley%20de%20Sistemas%20Medianos%3A%20%C2%ABPuede%20llegar%20a%20tener%20un%20impacto%20tremendamente%20positivo%20en%20la%20Regi%C3%B3n%C2%BB&#038;body=https:\/\/radiorevelacionfm.cl\/?p=41129' aria-hidden='false' data-av_icon='\ue805' data-av_iconfont='entypo-fontello' title='' data-avia-related-tooltip='Compartir por correo'><span class='avia_hidden_link_text'>Compartir por correo<\/span><\/a><\/li><\/ul><\/div><\/div>\n<div  style='height:50px' class='hr hr-invisible   avia-builder-el-8  el_after_av_social_share  el_before_av_comments_list '><span class='hr-inner ' ><span class='hr-inner-style'><\/span><\/span><\/div>\n<div  class='av-buildercomment  av-blog-meta-html-info-disabled av-blog-meta-tag-disabled  '><\/div>\n","protected":false},"excerpt":{"rendered":"","protected":false},"author":1,"featured_media":41130,"comment_status":"open","ping_status":"open","sticky":false,"template":"","format":"standard","meta":{"footnotes":""},"categories":[38],"tags":[],"class_list":["post-41129","post","type-post","status-publish","format-standard","has-post-thumbnail","hentry","category-regional"],"jetpack_featured_media_url":"https:\/\/radiorevelacionfm.cl\/wp-content\/uploads\/2024\/04\/WhatsApp-Image-2024-04-09-at-10.00.36-AM-1-1.jpeg","_links":{"self":[{"href":"https:\/\/radiorevelacionfm.cl\/index.php?rest_route=\/wp\/v2\/posts\/41129","targetHints":{"allow":["GET"]}}],"collection":[{"href":"https:\/\/radiorevelacionfm.cl\/index.php?rest_route=\/wp\/v2\/posts"}],"about":[{"href":"https:\/\/radiorevelacionfm.cl\/index.php?rest_route=\/wp\/v2\/types\/post"}],"author":[{"embeddable":true,"href":"https:\/\/radiorevelacionfm.cl\/index.php?rest_route=\/wp\/v2\/users\/1"}],"replies":[{"embeddable":true,"href":"https:\/\/radiorevelacionfm.cl\/index.php?rest_route=%2Fwp%2Fv2%2Fcomments&post=41129"}],"version-history":[{"count":1,"href":"https:\/\/radiorevelacionfm.cl\/index.php?rest_route=\/wp\/v2\/posts\/41129\/revisions"}],"predecessor-version":[{"id":41131,"href":"https:\/\/radiorevelacionfm.cl\/index.php?rest_route=\/wp\/v2\/posts\/41129\/revisions\/41131"}],"wp:featuredmedia":[{"embeddable":true,"href":"https:\/\/radiorevelacionfm.cl\/index.php?rest_route=\/wp\/v2\/media\/41130"}],"wp:attachment":[{"href":"https:\/\/radiorevelacionfm.cl\/index.php?rest_route=%2Fwp%2Fv2%2Fmedia&parent=41129"}],"wp:term":[{"taxonomy":"category","embeddable":true,"href":"https:\/\/radiorevelacionfm.cl\/index.php?rest_route=%2Fwp%2Fv2%2Fcategories&post=41129"},{"taxonomy":"post_tag","embeddable":true,"href":"https:\/\/radiorevelacionfm.cl\/index.php?rest_route=%2Fwp%2Fv2%2Ftags&post=41129"}],"curies":[{"name":"wp","href":"https:\/\/api.w.org\/{rel}","templated":true}]}}