{"id":41126,"date":"2024-04-09T13:42:17","date_gmt":"2024-04-09T16:42:17","guid":{"rendered":"https:\/\/radiorevelacionfm.cl\/?p=41126"},"modified":"2024-04-09T13:42:17","modified_gmt":"2024-04-09T16:42:17","slug":"invitan-al-lanzamiento-de-la-plataforma-geoportal-ciencia-austral-en-aysen-y-magallanes","status":"publish","type":"post","link":"https:\/\/radiorevelacionfm.cl\/?p=41126","title":{"rendered":"Invitan al lanzamiento de la plataforma Geoportal Ciencia Austral en Ays\u00e9n y Magallanes"},"content":{"rendered":"<div class=\"flex_column av_one_full  flex_column_div av-zero-column-padding first  avia-builder-el-0  el_before_av_one_full  avia-builder-el-first  \" style='border-radius:0px; '><div  class='avia-image-container  av-styling-    avia-builder-el-1  avia-builder-el-no-sibling  avia-align-center '  itemprop=\"image\" itemscope=\"itemscope\" itemtype=\"https:\/\/schema.org\/ImageObject\"  ><div class='avia-image-container-inner'><div class='avia-image-overlay-wrap'><img decoding=\"async\" class='wp-image-41127 avia-img-lazy-loading-not-41127 avia_image' src=\"https:\/\/radiorevelacionfm.cl\/wp-content\/uploads\/2024\/04\/imagen-de-contexto-ctci-ii-1_optimized-1.jpg\" alt='' title='imagen-de-contexto-ctci-ii-(1)_optimized (1)' height=\"600\" width=\"900\"  itemprop=\"thumbnailUrl\" srcset=\"https:\/\/radiorevelacionfm.cl\/wp-content\/uploads\/2024\/04\/imagen-de-contexto-ctci-ii-1_optimized-1.jpg 900w, https:\/\/radiorevelacionfm.cl\/wp-content\/uploads\/2024\/04\/imagen-de-contexto-ctci-ii-1_optimized-1-300x200.jpg 300w, https:\/\/radiorevelacionfm.cl\/wp-content\/uploads\/2024\/04\/imagen-de-contexto-ctci-ii-1_optimized-1-768x512.jpg 768w, https:\/\/radiorevelacionfm.cl\/wp-content\/uploads\/2024\/04\/imagen-de-contexto-ctci-ii-1_optimized-1-705x470.jpg 705w, https:\/\/radiorevelacionfm.cl\/wp-content\/uploads\/2024\/04\/imagen-de-contexto-ctci-ii-1_optimized-1-450x300.jpg 450w, https:\/\/radiorevelacionfm.cl\/wp-content\/uploads\/2024\/04\/imagen-de-contexto-ctci-ii-1_optimized-1-600x400.jpg 600w\" sizes=\"(max-width: 900px) 100vw, 900px\" \/><\/div><\/div><\/div><\/div><div class=\"flex_column av_one_full  flex_column_div av-zero-column-padding first  avia-builder-el-2  el_after_av_one_full  el_before_av_one_full  column-top-margin\" style='border-radius:0px; '><section class=\"av_textblock_section \"  itemscope=\"itemscope\" itemtype=\"https:\/\/schema.org\/BlogPosting\" itemprop=\"blogPost\" ><div class='avia_textblock  '   itemprop=\"text\" ><p style=\"text-align: center;\"><strong><span style=\"font-size: 18pt;\">Invitan al lanzamiento de la plataforma Geoportal Ciencia Austral en Ays\u00e9n y Magallanes<\/span><\/strong><\/p>\n<div id=\"gtx-trans\" style=\"position: absolute; left: -50px; top: 4.31534px;\">\n<div class=\"gtx-trans-icon\"><\/div>\n<\/div>\n<\/div><\/section><\/div><div class=\"flex_column av_one_full  flex_column_div av-zero-column-padding first  avia-builder-el-4  el_after_av_one_full  el_before_av_hr  column-top-margin\" style='border-radius:0px; '><section class=\"av_textblock_section \"  itemscope=\"itemscope\" itemtype=\"https:\/\/schema.org\/BlogPosting\" itemprop=\"blogPost\" ><div class='avia_textblock  '   itemprop=\"text\" ><p dir=\"ltr\" style=\"text-align: justify;\">El mi\u00e9rcoles 10 de abril en Coyhaique y el 17 de abril en Punta Arenas se realizar\u00e1 el estreno de esta innovadora herramienta digital que promueve la colaboraci\u00f3n entre la comunidad cient\u00edfica y los ciudadanos de la Macrozona Austral. Una iniciativa de Nodo Ciencia Austral y Nodo Laboratorios Naturales Subant\u00e1rticos.<\/p>\n<p dir=\"ltr\" style=\"text-align: justify;\">Una de las problem\u00e1ticas m\u00e1s sensibles para las regiones australes de Chile es la dificultad para establecer di\u00e1logos colaborativos, efectivos y con impacto entre las instituciones que generan conocimiento cient\u00edfico y el resto de la sociedad. Esto incluye la incidencia en pol\u00edticas p\u00fablicas, la cooperaci\u00f3n con el sector privado y la participaci\u00f3n de las comunidades locales tanto en el acceso como en la generaci\u00f3n de conocimiento.<\/p>\n<p dir=\"ltr\" style=\"text-align: justify;\">En ese contexto, los equipos de Nodo Ciencia Austral y Nodo Laboratorios Naturales Subant\u00e1rticos, en colaboraci\u00f3n con el Centro de Investigaci\u00f3n en Ecosistemas de la Patagonia (CIEP), impulsaron la plataforma colaborativa Geoportal Ciencia Austral, buscando transformar la interfaz ciencia-sociedad en la Macrozona Austral. Una herramienta que facilitar\u00e1 tanto el acceso a informaci\u00f3n cient\u00edfica, como la co-construcci\u00f3n de conocimiento en torno las problem\u00e1ticas relevantes para estos territorios como el cambio clim\u00e1tico y la conservaci\u00f3n biocultural.<\/p>\n<p dir=\"ltr\" style=\"text-align: justify;\">En ese contexto, el Director de Nodo Ciencia Austral, Juan Carlos Aravena, destac\u00f3 que \u201cel lanzamiento del Geoportal Ciencia Austral en Ays\u00e9n y Magallanes es un hito muy importante para la vinculaci\u00f3n y la articulaci\u00f3n en materia de ciencia y tecnolog\u00eda y de las comunidades interesadas en estas tem\u00e1ticas en la Macrozona Austral. Invitamos a todos los interesados a sumarse a esta actividad desarrollada por ambos Nodos\u201d.<\/p>\n<p dir=\"ltr\" style=\"text-align: justify;\">El estreno de la plataforma, despu\u00e9s de un a\u00f1o de trabajo, se realizar\u00e1 en dos jornadas abiertas al p\u00fablico (previa inscripci\u00f3n)\u00a0 que se desarrollar\u00e1n en las capitales regionales. En Coyhaique, se llevar\u00e1 a cabo el d\u00eda mi\u00e9rcoles 10 de abril de 2024 en el hall del Gobierno Regional de Ays\u00e9n, ubicado en calle Ej\u00e9rcito 405. Mientras que en Punta Arenas, se realizar\u00e1 el d\u00eda mi\u00e9rcoles 17 de abril de 2024 en el sal\u00f3n de la Divisi\u00f3n de Planificaci\u00f3n y Desarrollo Regional del Gobierno Regional de Magallanes, ubicado en calle Col\u00f3n 424.<\/p>\n<p dir=\"ltr\" style=\"text-align: justify;\">La jornada de lanzamiento del Geoportal Ciencia Austral contempla actividades durante todo el d\u00eda. En la ma\u00f1ana, entre las 10:30 y las 12:45 horas, se realizar\u00e1 la presentaci\u00f3n oficial de la plataforma, a cargo de los directores de ambos Nodos, Juan Carlos Aravena de Nodo Ciencia Austral y Laura S\u00e1nchez Jard\u00f3n de Nodo Laboratorios Naturales Subant\u00e1rticos, acompa\u00f1ados por el subdirector de Vinculaci\u00f3n y Transferencia Alexis Catal\u00e1n y el ge\u00f3grafo Juan Jos\u00e9 Gaete, ambos de CIEP. En tanto, en la tarde, desde las 15:00 hasta las 18:00 horas se realizar\u00e1 el Workshop \u201cGeoportales: Herramientas que crean puentes entre la ciencia y la sociedad\u201d, con un panel de presentaciones y un conversatorio sobre experiencias de gesti\u00f3n, visualizaci\u00f3n y an\u00e1lisis de datos geoespaciales.<\/p>\n<p dir=\"ltr\" style=\"text-align: justify;\">Para inscripciones a las jornadas que se realizar\u00e1n en Coyhaique y Punta Arenas, se adjunta link a continuaci\u00f3n: <a href=\"https:\/\/forms.gle\/5R1KDkMdcmVp2EkJ8\" target=\"_blank\" rel=\"noopener\" data-saferedirecturl=\"https:\/\/www.google.com\/url?q=https:\/\/forms.gle\/5R1KDkMdcmVp2EkJ8&amp;source=gmail&amp;ust=1712757168939000&amp;usg=AOvVaw12HwpNkRaav8A7UZwsig-R\">https:\/\/forms.gle\/<wbr \/>5R1KDkMdcmVp2EkJ8<\/a><\/p>\n<p dir=\"ltr\" style=\"text-align: justify;\">Mapas, rese\u00f1as y datos<\/p>\n<p dir=\"ltr\" style=\"text-align: justify;\">Dise\u00f1ada para facilitar el acceso a la informaci\u00f3n cient\u00edfica regional, promoviendo el di\u00e1logo y la colaboraci\u00f3n entre cient\u00edficos, instituciones acad\u00e9micas, y la sociedad en general, el Geoportal Ciencia Austral permitir\u00e1 el acceso a mapas interactivos, rese\u00f1as cient\u00edficas, paneles estad\u00edsticos, conjuntos de datos, caja de herramientas, storymaps, entre otros, todo enfocado en las tem\u00e1ticas de la Macrozona Austral.<\/p>\n<p dir=\"ltr\" style=\"text-align: justify;\">\u00bfC\u00f3mo esta plataforma busca aportar al desarrollo cient\u00edfico de la Macrozona Austral? \u201cEl geoportal es un espacio, un lugar virtual, para compartir datos, informaci\u00f3n cient\u00edfica y conocimiento en general. Puede ser una herramienta clave para la toma de decisiones basada en evidencias, para desarrollar proyectos colaborativos entre diferentes instituciones, y para promover el conocimiento cient\u00edfico en las regiones m\u00e1s australes de Chile. As\u00ed, con esta plataforma innovadora buscamos impulsar el desarrollo sostenible a trav\u00e9s de la ciencia, la tecnolog\u00eda, el conocimiento y la innovaci\u00f3n en nuestros territorios australes\u201d, destac\u00f3 la investigadora Dra. Laura S\u00e1nchez Jard\u00f3n, Directora de Nodo Laboratorios Naturales Subant\u00e1rticos.<\/p>\n<p dir=\"ltr\" style=\"text-align: justify;\">Finalmente, cabe se\u00f1alar que ambos Nodos trabajan en alianza, buscando articular el ecosistema de ciencia, tecnolog\u00eda, conocimiento e innovaci\u00f3n en la Macrozona Austral. Son iniciativas financiadas por la Agencia Nacional de Investigaci\u00f3n y Desarrollo (ANID).<\/p>\n<\/div><\/section><\/div><div  style='height:50px' class='hr hr-invisible   avia-builder-el-6  el_after_av_one_full  el_before_av_social_share '><span class='hr-inner ' ><span class='hr-inner-style'><\/span><\/span><\/div><\/p>\n<div  class='av-social-sharing-box  avia-builder-el-7  el_after_av_hr  el_before_av_hr  '><div class='av-share-box'><h5 class='av-share-link-description av-no-toc '>Compartir esta noticia<\/h5><ul class='av-share-box-list noLightbox'><li class='av-share-link av-social-link-facebook' ><a target=\"_blank\" aria-label=\"Compartir en Facebook\" href='https:\/\/www.facebook.com\/sharer.php?u=https:\/\/radiorevelacionfm.cl\/?p=41126&#038;t=Invitan%20al%20lanzamiento%20de%20la%20plataforma%20Geoportal%20Ciencia%20Austral%20en%20Ays%C3%A9n%20y%20Magallanes' aria-hidden='false' data-av_icon='\ue8f3' data-av_iconfont='entypo-fontello' title='' data-avia-related-tooltip='Compartir en Facebook' rel=\"noopener\"><span class='avia_hidden_link_text'>Compartir en Facebook<\/span><\/a><\/li><li class='av-share-link av-social-link-twitter' ><a target=\"_blank\" aria-label=\"Compartir en Twitter\" href='https:\/\/twitter.com\/share?text=Invitan%20al%20lanzamiento%20de%20la%20plataforma%20Geoportal%20Ciencia%20Austral%20en%20Ays%C3%A9n%20y%20Magallanes&#038;url=https:\/\/radiorevelacionfm.cl\/?p=41126' aria-hidden='false' data-av_icon='\ue8f1' data-av_iconfont='entypo-fontello' title='' data-avia-related-tooltip='Compartir en Twitter' rel=\"noopener\"><span class='avia_hidden_link_text'>Compartir en Twitter<\/span><\/a><\/li><li class='av-share-link av-social-link-whatsapp' ><a target=\"_blank\" aria-label=\"Compartir en Whatsapp\" href='https:\/\/api.whatsapp.com\/send?text=https:\/\/radiorevelacionfm.cl\/?p=41126' aria-hidden='false' data-av_icon='\uf232' data-av_iconfont='entypo-fontello' title='' data-avia-related-tooltip='Compartir en Whatsapp' rel=\"noopener\"><span class='avia_hidden_link_text'>Compartir en Whatsapp<\/span><\/a><\/li><li class='av-share-link av-social-link-linkedin' ><a target=\"_blank\" aria-label=\"Compartir en LinkedIn\" href='https:\/\/linkedin.com\/shareArticle?mini=true&#038;title=Invitan%20al%20lanzamiento%20de%20la%20plataforma%20Geoportal%20Ciencia%20Austral%20en%20Ays%C3%A9n%20y%20Magallanes&#038;url=https:\/\/radiorevelacionfm.cl\/?p=41126' aria-hidden='false' data-av_icon='\ue8fc' data-av_iconfont='entypo-fontello' title='' data-avia-related-tooltip='Compartir en LinkedIn' rel=\"noopener\"><span class='avia_hidden_link_text'>Compartir en LinkedIn<\/span><\/a><\/li><li class='av-share-link av-social-link-mail' ><a  aria-label=\"Compartir por correo\" href='mailto:?subject=Invitan%20al%20lanzamiento%20de%20la%20plataforma%20Geoportal%20Ciencia%20Austral%20en%20Ays%C3%A9n%20y%20Magallanes&#038;body=https:\/\/radiorevelacionfm.cl\/?p=41126' aria-hidden='false' data-av_icon='\ue805' data-av_iconfont='entypo-fontello' title='' data-avia-related-tooltip='Compartir por correo'><span class='avia_hidden_link_text'>Compartir por correo<\/span><\/a><\/li><\/ul><\/div><\/div>\n<div  style='height:50px' class='hr hr-invisible   avia-builder-el-8  el_after_av_social_share  el_before_av_comments_list '><span class='hr-inner ' ><span class='hr-inner-style'><\/span><\/span><\/div>\n<div  class='av-buildercomment  av-blog-meta-html-info-disabled av-blog-meta-tag-disabled  '><\/div>\n","protected":false},"excerpt":{"rendered":"","protected":false},"author":1,"featured_media":41127,"comment_status":"open","ping_status":"open","sticky":false,"template":"","format":"standard","meta":{"footnotes":""},"categories":[53],"tags":[],"class_list":["post-41126","post","type-post","status-publish","format-standard","has-post-thumbnail","hentry","category-ciencia"],"jetpack_featured_media_url":"https:\/\/radiorevelacionfm.cl\/wp-content\/uploads\/2024\/04\/imagen-de-contexto-ctci-ii-1_optimized-1.jpg","_links":{"self":[{"href":"https:\/\/radiorevelacionfm.cl\/index.php?rest_route=\/wp\/v2\/posts\/41126","targetHints":{"allow":["GET"]}}],"collection":[{"href":"https:\/\/radiorevelacionfm.cl\/index.php?rest_route=\/wp\/v2\/posts"}],"about":[{"href":"https:\/\/radiorevelacionfm.cl\/index.php?rest_route=\/wp\/v2\/types\/post"}],"author":[{"embeddable":true,"href":"https:\/\/radiorevelacionfm.cl\/index.php?rest_route=\/wp\/v2\/users\/1"}],"replies":[{"embeddable":true,"href":"https:\/\/radiorevelacionfm.cl\/index.php?rest_route=%2Fwp%2Fv2%2Fcomments&post=41126"}],"version-history":[{"count":1,"href":"https:\/\/radiorevelacionfm.cl\/index.php?rest_route=\/wp\/v2\/posts\/41126\/revisions"}],"predecessor-version":[{"id":41128,"href":"https:\/\/radiorevelacionfm.cl\/index.php?rest_route=\/wp\/v2\/posts\/41126\/revisions\/41128"}],"wp:featuredmedia":[{"embeddable":true,"href":"https:\/\/radiorevelacionfm.cl\/index.php?rest_route=\/wp\/v2\/media\/41127"}],"wp:attachment":[{"href":"https:\/\/radiorevelacionfm.cl\/index.php?rest_route=%2Fwp%2Fv2%2Fmedia&parent=41126"}],"wp:term":[{"taxonomy":"category","embeddable":true,"href":"https:\/\/radiorevelacionfm.cl\/index.php?rest_route=%2Fwp%2Fv2%2Fcategories&post=41126"},{"taxonomy":"post_tag","embeddable":true,"href":"https:\/\/radiorevelacionfm.cl\/index.php?rest_route=%2Fwp%2Fv2%2Ftags&post=41126"}],"curies":[{"name":"wp","href":"https:\/\/api.w.org\/{rel}","templated":true}]}}