{"id":41120,"date":"2024-04-08T20:51:01","date_gmt":"2024-04-08T23:51:01","guid":{"rendered":"https:\/\/radiorevelacionfm.cl\/?p=41120"},"modified":"2024-04-08T21:00:57","modified_gmt":"2024-04-09T00:00:57","slug":"carabineros-detuvo-a-dos-sujetos-por-danos-en-el-contexto-de-vif-en-procedimientos-distintos-en-coyhaique","status":"publish","type":"post","link":"https:\/\/radiorevelacionfm.cl\/?p=41120","title":{"rendered":"Carabineros detuvo a dos sujetos por da\u00f1os en contexto de VIF en procedimientos distintos en Coyhaique"},"content":{"rendered":"<div class=\"flex_column av_one_full  flex_column_div av-zero-column-padding first  avia-builder-el-0  el_before_av_one_full  avia-builder-el-first  \" style='border-radius:0px; '><div  class='avia-image-container  av-styling-    avia-builder-el-1  avia-builder-el-no-sibling  avia-align-center '  itemprop=\"image\" itemscope=\"itemscope\" itemtype=\"https:\/\/schema.org\/ImageObject\"  ><div class='avia-image-container-inner'><div class='avia-image-overlay-wrap'><img decoding=\"async\" class='wp-image-41121 avia-img-lazy-loading-not-41121 avia_image' src=\"https:\/\/radiorevelacionfm.cl\/wp-content\/uploads\/2024\/04\/2do-caso-1_optimized-1.jpg\" alt='' title='2do-caso-(1)_optimized (1)' height=\"600\" width=\"827\"  itemprop=\"thumbnailUrl\" srcset=\"https:\/\/radiorevelacionfm.cl\/wp-content\/uploads\/2024\/04\/2do-caso-1_optimized-1.jpg 827w, https:\/\/radiorevelacionfm.cl\/wp-content\/uploads\/2024\/04\/2do-caso-1_optimized-1-300x218.jpg 300w, https:\/\/radiorevelacionfm.cl\/wp-content\/uploads\/2024\/04\/2do-caso-1_optimized-1-768x557.jpg 768w, https:\/\/radiorevelacionfm.cl\/wp-content\/uploads\/2024\/04\/2do-caso-1_optimized-1-705x511.jpg 705w, https:\/\/radiorevelacionfm.cl\/wp-content\/uploads\/2024\/04\/2do-caso-1_optimized-1-450x326.jpg 450w, https:\/\/radiorevelacionfm.cl\/wp-content\/uploads\/2024\/04\/2do-caso-1_optimized-1-600x435.jpg 600w\" sizes=\"(max-width: 827px) 100vw, 827px\" \/><\/div><\/div><\/div><\/div>\n<div class=\"flex_column av_one_full  flex_column_div av-zero-column-padding first  avia-builder-el-2  el_after_av_one_full  el_before_av_one_full  column-top-margin\" style='border-radius:0px; '><section class=\"av_textblock_section \"  itemscope=\"itemscope\" itemtype=\"https:\/\/schema.org\/BlogPosting\" itemprop=\"blogPost\" ><div class='avia_textblock  '   itemprop=\"text\" ><p style=\"text-align: center;\"><strong><span style=\"font-size: 18pt;\">Carabineros detuvo a dos sujetos por da\u00f1os en contexto de VIF en procedimientos distintos en Coyhaique<\/span><\/strong><\/p>\n<div id=\"gtx-trans\" style=\"position: absolute; left: -50px; top: 4.31534px;\">\n<div class=\"gtx-trans-icon\"><\/div>\n<\/div>\n<\/div><\/section><\/div><div class=\"flex_column av_one_full  flex_column_div av-zero-column-padding first  avia-builder-el-4  el_after_av_one_full  el_before_av_hr  column-top-margin\" style='border-radius:0px; '><section class=\"av_textblock_section \"  itemscope=\"itemscope\" itemtype=\"https:\/\/schema.org\/BlogPosting\" itemprop=\"blogPost\" ><div class='avia_textblock  '   itemprop=\"text\" ><div style=\"text-align: justify;\"><em><span style=\"font-size: 12pt;\">Ambos sujetos suman en conjunto 22 detenciones previas por diversos delitos.<\/span><\/em><\/div>\n<div>\n<p style=\"text-align: justify;\" align=\"justify\">Una denuncia oportuna sumado a una r\u00e1pida respuesta por parte de Carabineros de Coyhaique, permiti\u00f3 -en dos procedimientos- lograr la detenci\u00f3n de dos sujetos por da\u00f1os en el contexto de violencia intrafamiliar.<\/p>\n<p style=\"text-align: justify;\" align=\"justify\">En el primero de los hechos, tras un requerimiento de la Central de Comunicaciones (Cenco), personal del plan cuadrante de seguridad preventiva se traslad\u00f3 hasta un domicilio del sector alto de la ciudad, lugar en que la v\u00edctima se\u00f1al\u00f3 al personal que en horas de la madrugada su ex pareja -quien tiene una medida cautelar de prohibici\u00f3n de acercamiento a la afectada- habr\u00eda llegado al domicilio de esta, arrojando piedras al inmueble ocasionando diversos da\u00f1os en el lugar.<\/p>\n<p style=\"text-align: justify;\" align=\"justify\">Tras lo anterior, el sujeto se dio a la fuga, no obstante, con los primeros antecedentes y descripci\u00f3n de esta persona, Carabineros del Plan Cuadrante inici\u00f3 un patrullaje por las inmediaciones, logrado la ubicaci\u00f3n de esta persona, quien momentos antes hab\u00eda cambiado su caracterizaci\u00f3n, habiendo arrojado un bolso con prendas de vestir bajo un veh\u00edculo, las cuales -junto a un arma blanca- fueron encontradas por el personal a pocos metros del lugar, siendo identificado como ex pareja de la v\u00edctima.<\/p>\n<p style=\"text-align: justify;\" align=\"justify\">Al verificar sus antecedentes, Carabineros advirti\u00f3 que el sujeto registraba 17 detenciones previas por diversos delitos, siendo detenido por el personal de servicio en el lugar, en tanto que los antecedentes del procedimiento fueron puestos en conocimiento de la Fiscal\u00eda y m\u00e1s tarde derivado a la audiencia de control de detenci\u00f3n por este hecho.<\/p>\n<p style=\"text-align: justify;\" align=\"justify\"><b>Detenido por da\u00f1os<\/b><\/p>\n<p style=\"text-align: justify;\" align=\"justify\">En un segundo procedimiento, Carabineros de Coyhaique detuvo a sujeto por el delito de da\u00f1os simples en el contexto de violencia intrafamiliar.<\/p>\n<p style=\"text-align: justify;\" align=\"justify\">Lo anterior, tras ser alertados sobre un hecho acontecido al interior de un inmueble, lugar en que dicha persona junto un grupo j\u00f3venes -aparentemente bajo los efectos del alcohol- escuchaban m\u00fasica a alto volumen.<\/p>\n<p style=\"text-align: justify;\" align=\"justify\">Seg\u00fan los primeros antecedentes y luego que la progenitora de \u00e9ste le solicit\u00f3 a dichas personas que se retiren del lugar, el joven habr\u00eda reaccionado de manera agresiva, ocasionando diversos da\u00f1os al interior de la propiedad.<\/p>\n<p style=\"text-align: justify;\" align=\"justify\">El sujeto registra cinco detenciones previas por diversos delitos, siendo los antecedentes del procedimiento puestos en conocimiento de la Fiscal\u00eda que dirige investigaci\u00f3n por este hecho.<\/p>\n<p style=\"text-align: justify;\" align=\"justify\">Cabe se\u00f1alar que desde el mes de enero al 31 de marzo del presente a\u00f1o, Carabineros ha detenido a 1.292 personas por diversos delitos, de los cuales 89 son por violencia intrafamiliar.<\/p>\n<\/div>\n<div style=\"text-align: justify;\"><\/div>\n<\/div><\/section><\/div><div  style='height:50px' class='hr hr-invisible   avia-builder-el-6  el_after_av_one_full  el_before_av_social_share '><span class='hr-inner ' ><span class='hr-inner-style'><\/span><\/span><\/div><\/p>\n<div  class='av-social-sharing-box  avia-builder-el-7  el_after_av_hr  el_before_av_hr  '><div class='av-share-box'><h5 class='av-share-link-description av-no-toc '>Compartir esta noticia<\/h5><ul class='av-share-box-list noLightbox'><li class='av-share-link av-social-link-facebook' ><a target=\"_blank\" aria-label=\"Compartir en Facebook\" href='https:\/\/www.facebook.com\/sharer.php?u=https:\/\/radiorevelacionfm.cl\/?p=41120&#038;t=Carabineros%20detuvo%20a%20dos%20sujetos%20por%20da%C3%B1os%20en%20contexto%20de%20VIF%20en%20procedimientos%20distintos%20en%20Coyhaique' aria-hidden='false' data-av_icon='\ue8f3' data-av_iconfont='entypo-fontello' title='' data-avia-related-tooltip='Compartir en Facebook' rel=\"noopener\"><span class='avia_hidden_link_text'>Compartir en Facebook<\/span><\/a><\/li><li class='av-share-link av-social-link-twitter' ><a target=\"_blank\" aria-label=\"Compartir en Twitter\" href='https:\/\/twitter.com\/share?text=Carabineros%20detuvo%20a%20dos%20sujetos%20por%20da%C3%B1os%20en%20contexto%20de%20VIF%20en%20procedimientos%20distintos%20en%20Coyhaique&#038;url=https:\/\/radiorevelacionfm.cl\/?p=41120' aria-hidden='false' data-av_icon='\ue8f1' data-av_iconfont='entypo-fontello' title='' data-avia-related-tooltip='Compartir en Twitter' rel=\"noopener\"><span class='avia_hidden_link_text'>Compartir en Twitter<\/span><\/a><\/li><li class='av-share-link av-social-link-whatsapp' ><a target=\"_blank\" aria-label=\"Compartir en Whatsapp\" href='https:\/\/api.whatsapp.com\/send?text=https:\/\/radiorevelacionfm.cl\/?p=41120' aria-hidden='false' data-av_icon='\uf232' data-av_iconfont='entypo-fontello' title='' data-avia-related-tooltip='Compartir en Whatsapp' rel=\"noopener\"><span class='avia_hidden_link_text'>Compartir en Whatsapp<\/span><\/a><\/li><li class='av-share-link av-social-link-linkedin' ><a target=\"_blank\" aria-label=\"Compartir en LinkedIn\" href='https:\/\/linkedin.com\/shareArticle?mini=true&#038;title=Carabineros%20detuvo%20a%20dos%20sujetos%20por%20da%C3%B1os%20en%20contexto%20de%20VIF%20en%20procedimientos%20distintos%20en%20Coyhaique&#038;url=https:\/\/radiorevelacionfm.cl\/?p=41120' aria-hidden='false' data-av_icon='\ue8fc' data-av_iconfont='entypo-fontello' title='' data-avia-related-tooltip='Compartir en LinkedIn' rel=\"noopener\"><span class='avia_hidden_link_text'>Compartir en LinkedIn<\/span><\/a><\/li><li class='av-share-link av-social-link-mail' ><a  aria-label=\"Compartir por correo\" href='mailto:?subject=Carabineros%20detuvo%20a%20dos%20sujetos%20por%20da%C3%B1os%20en%20contexto%20de%20VIF%20en%20procedimientos%20distintos%20en%20Coyhaique&#038;body=https:\/\/radiorevelacionfm.cl\/?p=41120' aria-hidden='false' data-av_icon='\ue805' data-av_iconfont='entypo-fontello' title='' data-avia-related-tooltip='Compartir por correo'><span class='avia_hidden_link_text'>Compartir por correo<\/span><\/a><\/li><\/ul><\/div><\/div>\n<div  style='height:50px' class='hr hr-invisible   avia-builder-el-8  el_after_av_social_share  el_before_av_comments_list '><span class='hr-inner ' ><span class='hr-inner-style'><\/span><\/span><\/div>\n<div  class='av-buildercomment  av-blog-meta-html-info-disabled av-blog-meta-tag-disabled  '><\/div>\n","protected":false},"excerpt":{"rendered":"","protected":false},"author":1,"featured_media":41121,"comment_status":"open","ping_status":"open","sticky":false,"template":"","format":"standard","meta":{"footnotes":""},"categories":[36],"tags":[],"class_list":["post-41120","post","type-post","status-publish","format-standard","has-post-thumbnail","hentry","category-policial"],"jetpack_featured_media_url":"https:\/\/radiorevelacionfm.cl\/wp-content\/uploads\/2024\/04\/2do-caso-1_optimized-1.jpg","_links":{"self":[{"href":"https:\/\/radiorevelacionfm.cl\/index.php?rest_route=\/wp\/v2\/posts\/41120","targetHints":{"allow":["GET"]}}],"collection":[{"href":"https:\/\/radiorevelacionfm.cl\/index.php?rest_route=\/wp\/v2\/posts"}],"about":[{"href":"https:\/\/radiorevelacionfm.cl\/index.php?rest_route=\/wp\/v2\/types\/post"}],"author":[{"embeddable":true,"href":"https:\/\/radiorevelacionfm.cl\/index.php?rest_route=\/wp\/v2\/users\/1"}],"replies":[{"embeddable":true,"href":"https:\/\/radiorevelacionfm.cl\/index.php?rest_route=%2Fwp%2Fv2%2Fcomments&post=41120"}],"version-history":[{"count":3,"href":"https:\/\/radiorevelacionfm.cl\/index.php?rest_route=\/wp\/v2\/posts\/41120\/revisions"}],"predecessor-version":[{"id":41124,"href":"https:\/\/radiorevelacionfm.cl\/index.php?rest_route=\/wp\/v2\/posts\/41120\/revisions\/41124"}],"wp:featuredmedia":[{"embeddable":true,"href":"https:\/\/radiorevelacionfm.cl\/index.php?rest_route=\/wp\/v2\/media\/41121"}],"wp:attachment":[{"href":"https:\/\/radiorevelacionfm.cl\/index.php?rest_route=%2Fwp%2Fv2%2Fmedia&parent=41120"}],"wp:term":[{"taxonomy":"category","embeddable":true,"href":"https:\/\/radiorevelacionfm.cl\/index.php?rest_route=%2Fwp%2Fv2%2Fcategories&post=41120"},{"taxonomy":"post_tag","embeddable":true,"href":"https:\/\/radiorevelacionfm.cl\/index.php?rest_route=%2Fwp%2Fv2%2Ftags&post=41120"}],"curies":[{"name":"wp","href":"https:\/\/api.w.org\/{rel}","templated":true}]}}