{"id":41114,"date":"2024-04-08T20:00:04","date_gmt":"2024-04-08T23:00:04","guid":{"rendered":"https:\/\/radiorevelacionfm.cl\/?p=41114"},"modified":"2024-04-08T20:00:04","modified_gmt":"2024-04-08T23:00:04","slug":"armada-realizo-evacuacion-medica-de-urgencia-desde-bahia-aldunate-a-puerto-cisnes","status":"publish","type":"post","link":"https:\/\/radiorevelacionfm.cl\/?p=41114","title":{"rendered":"Armada realiz\u00f3 evacuaci\u00f3n m\u00e9dica de urgencia desde bah\u00eda Aldunate a Puerto Cisnes"},"content":{"rendered":"<div class=\"flex_column av_one_full  flex_column_div av-zero-column-padding first  avia-builder-el-0  el_before_av_one_full  avia-builder-el-first  \" style='border-radius:0px; '><div  class='avia-image-container  av-styling-    avia-builder-el-1  avia-builder-el-no-sibling  avia-align-center '  itemprop=\"image\" itemscope=\"itemscope\" itemtype=\"https:\/\/schema.org\/ImageObject\"  ><div class='avia-image-container-inner'><div class='avia-image-overlay-wrap'><img decoding=\"async\" class='wp-image-41115 avia-img-lazy-loading-not-41115 avia_image' src=\"https:\/\/radiorevelacionfm.cl\/wp-content\/uploads\/2024\/04\/foto_0000000920240407143503-1.jpg\" alt='' title='foto_0000000920240407143503 (1)' height=\"600\" width=\"800\"  itemprop=\"thumbnailUrl\" srcset=\"https:\/\/radiorevelacionfm.cl\/wp-content\/uploads\/2024\/04\/foto_0000000920240407143503-1.jpg 800w, https:\/\/radiorevelacionfm.cl\/wp-content\/uploads\/2024\/04\/foto_0000000920240407143503-1-300x225.jpg 300w, https:\/\/radiorevelacionfm.cl\/wp-content\/uploads\/2024\/04\/foto_0000000920240407143503-1-768x576.jpg 768w, https:\/\/radiorevelacionfm.cl\/wp-content\/uploads\/2024\/04\/foto_0000000920240407143503-1-705x529.jpg 705w, https:\/\/radiorevelacionfm.cl\/wp-content\/uploads\/2024\/04\/foto_0000000920240407143503-1-450x338.jpg 450w, https:\/\/radiorevelacionfm.cl\/wp-content\/uploads\/2024\/04\/foto_0000000920240407143503-1-600x450.jpg 600w\" sizes=\"(max-width: 800px) 100vw, 800px\" \/><\/div><\/div><\/div><\/div><div class=\"flex_column av_one_full  flex_column_div av-zero-column-padding first  avia-builder-el-2  el_after_av_one_full  el_before_av_one_full  column-top-margin\" style='border-radius:0px; '><section class=\"av_textblock_section \"  itemscope=\"itemscope\" itemtype=\"https:\/\/schema.org\/BlogPosting\" itemprop=\"blogPost\" ><div class='avia_textblock  '   itemprop=\"text\" ><p style=\"text-align: center;\"><strong><span style=\"font-size: 18pt;\">Armada realiz\u00f3 evacuaci\u00f3n m\u00e9dica de urgencia desde bah\u00eda Aldunate a Puerto Cisnes\u00a0<\/span><\/strong><\/p>\n<h1 class=\"titular\"><\/h1>\n<div id=\"gtx-trans\" style=\"position: absolute; left: -50px; top: 4.31534px;\">\n<div class=\"gtx-trans-icon\"><\/div>\n<\/div>\n<\/div><\/section><\/div><div class=\"flex_column av_one_full  flex_column_div av-zero-column-padding first  avia-builder-el-4  el_after_av_one_full  el_before_av_hr  column-top-margin\" style='border-radius:0px; '><section class=\"av_textblock_section \"  itemscope=\"itemscope\" itemtype=\"https:\/\/schema.org\/BlogPosting\" itemprop=\"blogPost\" ><div class='avia_textblock  '   itemprop=\"text\" ><p style=\"font-weight: 400; text-align: justify;\">El s\u00e1bado 6 de abril, pasadas las 13.30 horas y mientras la Lancha Patrullera \u201cMachado\u201d se encontraba efectuando apoyo a personal del Instituto Nacional de Estad\u00edstica (INE) en el \u00e1rea del Estero Queulat, Regi\u00f3n de Ays\u00e9n, recibi\u00f3 un llamado por parte de la Gobernaci\u00f3n Mar\u00edtima local, en donde se solicit\u00f3 la evacuaci\u00f3n m\u00e9dica de urgencia para un hombre mayor de edad, en cercan\u00edas de canal Jacaf.<\/p>\n<p style=\"font-weight: 400; text-align: justify;\">Al respecto, el Comandante de la Lancha Patrullera, Teniente 2\u00b0 Nicol\u00e1s Briones, precis\u00f3 que \u201ccon la Unidad iniciamos el desplazamiento en demanda de bah\u00eda Aldunate para efectuar la evacuaci\u00f3n m\u00e9dica a una distancia de 30 millas n\u00e1uticas, cerca de 60 kil\u00f3metros, desde el punto origen\u201d.<\/p>\n<p style=\"font-weight: 400; text-align: justify;\">Agreg\u00f3 que \u201cembarcamos al afectado y efectuamos su traslado, siendo evaluado por TENS en buenas condiciones, con s\u00edntomas de resfriado y posible COVID, ante lo cual se establecieron las medidas preventivas. La Unidad recal\u00f3 a Puerto Cisnes para entregar al paciente al Servicio de M\u00e9dico de Urgencias, sin novedad\u201d.<\/p>\n<p style=\"font-weight: 400; text-align: justify;\">Finalmente, el Comandante de la unidad destac\u00f3 el compromiso de la dotaci\u00f3n al efectuar esta evacuaci\u00f3n de manera exitosa y expedita, en donde se logr\u00f3 llevar en buenas condiciones a la persona que lo requer\u00eda.<\/p>\n<\/div><\/section><\/div><div  style='height:50px' class='hr hr-invisible   avia-builder-el-6  el_after_av_one_full  el_before_av_social_share '><span class='hr-inner ' ><span class='hr-inner-style'><\/span><\/span><\/div><\/p>\n<div  class='av-social-sharing-box  avia-builder-el-7  el_after_av_hr  el_before_av_hr  '><div class='av-share-box'><h5 class='av-share-link-description av-no-toc '>Compartir esta noticia<\/h5><ul class='av-share-box-list noLightbox'><li class='av-share-link av-social-link-facebook' ><a target=\"_blank\" aria-label=\"Compartir en Facebook\" href='https:\/\/www.facebook.com\/sharer.php?u=https:\/\/radiorevelacionfm.cl\/?p=41114&#038;t=Armada%20realiz%C3%B3%20evacuaci%C3%B3n%20m%C3%A9dica%20de%20urgencia%20desde%20bah%C3%ADa%20Aldunate%20a%20Puerto%20Cisnes' aria-hidden='false' data-av_icon='\ue8f3' data-av_iconfont='entypo-fontello' title='' data-avia-related-tooltip='Compartir en Facebook' rel=\"noopener\"><span class='avia_hidden_link_text'>Compartir en Facebook<\/span><\/a><\/li><li class='av-share-link av-social-link-twitter' ><a target=\"_blank\" aria-label=\"Compartir en Twitter\" href='https:\/\/twitter.com\/share?text=Armada%20realiz%C3%B3%20evacuaci%C3%B3n%20m%C3%A9dica%20de%20urgencia%20desde%20bah%C3%ADa%20Aldunate%20a%20Puerto%20Cisnes&#038;url=https:\/\/radiorevelacionfm.cl\/?p=41114' aria-hidden='false' data-av_icon='\ue8f1' data-av_iconfont='entypo-fontello' title='' data-avia-related-tooltip='Compartir en Twitter' rel=\"noopener\"><span class='avia_hidden_link_text'>Compartir en Twitter<\/span><\/a><\/li><li class='av-share-link av-social-link-whatsapp' ><a target=\"_blank\" aria-label=\"Compartir en Whatsapp\" href='https:\/\/api.whatsapp.com\/send?text=https:\/\/radiorevelacionfm.cl\/?p=41114' aria-hidden='false' data-av_icon='\uf232' data-av_iconfont='entypo-fontello' title='' data-avia-related-tooltip='Compartir en Whatsapp' rel=\"noopener\"><span class='avia_hidden_link_text'>Compartir en Whatsapp<\/span><\/a><\/li><li class='av-share-link av-social-link-linkedin' ><a target=\"_blank\" aria-label=\"Compartir en LinkedIn\" href='https:\/\/linkedin.com\/shareArticle?mini=true&#038;title=Armada%20realiz%C3%B3%20evacuaci%C3%B3n%20m%C3%A9dica%20de%20urgencia%20desde%20bah%C3%ADa%20Aldunate%20a%20Puerto%20Cisnes&#038;url=https:\/\/radiorevelacionfm.cl\/?p=41114' aria-hidden='false' data-av_icon='\ue8fc' data-av_iconfont='entypo-fontello' title='' data-avia-related-tooltip='Compartir en LinkedIn' rel=\"noopener\"><span class='avia_hidden_link_text'>Compartir en LinkedIn<\/span><\/a><\/li><li class='av-share-link av-social-link-mail' ><a  aria-label=\"Compartir por correo\" href='mailto:?subject=Armada%20realiz%C3%B3%20evacuaci%C3%B3n%20m%C3%A9dica%20de%20urgencia%20desde%20bah%C3%ADa%20Aldunate%20a%20Puerto%20Cisnes&#038;body=https:\/\/radiorevelacionfm.cl\/?p=41114' aria-hidden='false' data-av_icon='\ue805' data-av_iconfont='entypo-fontello' title='' data-avia-related-tooltip='Compartir por correo'><span class='avia_hidden_link_text'>Compartir por correo<\/span><\/a><\/li><\/ul><\/div><\/div>\n<div  style='height:50px' class='hr hr-invisible   avia-builder-el-8  el_after_av_social_share  el_before_av_comments_list '><span class='hr-inner ' ><span class='hr-inner-style'><\/span><\/span><\/div>\n<div  class='av-buildercomment  av-blog-meta-html-info-disabled av-blog-meta-tag-disabled  '><\/div>\n","protected":false},"excerpt":{"rendered":"","protected":false},"author":1,"featured_media":41115,"comment_status":"open","ping_status":"open","sticky":false,"template":"","format":"standard","meta":{"footnotes":""},"categories":[38],"tags":[],"class_list":["post-41114","post","type-post","status-publish","format-standard","has-post-thumbnail","hentry","category-regional"],"jetpack_featured_media_url":"https:\/\/radiorevelacionfm.cl\/wp-content\/uploads\/2024\/04\/foto_0000000920240407143503-1.jpg","_links":{"self":[{"href":"https:\/\/radiorevelacionfm.cl\/index.php?rest_route=\/wp\/v2\/posts\/41114","targetHints":{"allow":["GET"]}}],"collection":[{"href":"https:\/\/radiorevelacionfm.cl\/index.php?rest_route=\/wp\/v2\/posts"}],"about":[{"href":"https:\/\/radiorevelacionfm.cl\/index.php?rest_route=\/wp\/v2\/types\/post"}],"author":[{"embeddable":true,"href":"https:\/\/radiorevelacionfm.cl\/index.php?rest_route=\/wp\/v2\/users\/1"}],"replies":[{"embeddable":true,"href":"https:\/\/radiorevelacionfm.cl\/index.php?rest_route=%2Fwp%2Fv2%2Fcomments&post=41114"}],"version-history":[{"count":1,"href":"https:\/\/radiorevelacionfm.cl\/index.php?rest_route=\/wp\/v2\/posts\/41114\/revisions"}],"predecessor-version":[{"id":41116,"href":"https:\/\/radiorevelacionfm.cl\/index.php?rest_route=\/wp\/v2\/posts\/41114\/revisions\/41116"}],"wp:featuredmedia":[{"embeddable":true,"href":"https:\/\/radiorevelacionfm.cl\/index.php?rest_route=\/wp\/v2\/media\/41115"}],"wp:attachment":[{"href":"https:\/\/radiorevelacionfm.cl\/index.php?rest_route=%2Fwp%2Fv2%2Fmedia&parent=41114"}],"wp:term":[{"taxonomy":"category","embeddable":true,"href":"https:\/\/radiorevelacionfm.cl\/index.php?rest_route=%2Fwp%2Fv2%2Fcategories&post=41114"},{"taxonomy":"post_tag","embeddable":true,"href":"https:\/\/radiorevelacionfm.cl\/index.php?rest_route=%2Fwp%2Fv2%2Ftags&post=41114"}],"curies":[{"name":"wp","href":"https:\/\/api.w.org\/{rel}","templated":true}]}}