{"id":41109,"date":"2024-04-08T19:14:29","date_gmt":"2024-04-08T22:14:29","guid":{"rendered":"https:\/\/radiorevelacionfm.cl\/?p=41109"},"modified":"2024-04-08T19:14:29","modified_gmt":"2024-04-08T22:14:29","slug":"inedito-despliegue-en-la-region-mas-de-2-mil-personas-celebraron-el-dia-nacional-del-deporte","status":"publish","type":"post","link":"https:\/\/radiorevelacionfm.cl\/?p=41109","title":{"rendered":"In\u00e9dito despliegue en la regi\u00f3n m\u00e1s de 2 mil personas celebraron el D\u00eda Nacional del Deporte"},"content":{"rendered":"<div class=\"flex_column av_one_full  flex_column_div av-zero-column-padding first  avia-builder-el-0  el_before_av_one_full  avia-builder-el-first  \" style='border-radius:0px; '><div  class='avia-image-container  av-styling-    avia-builder-el-1  avia-builder-el-no-sibling  avia-align-center '  itemprop=\"image\" itemscope=\"itemscope\" itemtype=\"https:\/\/schema.org\/ImageObject\"  ><div class='avia-image-container-inner'><div class='avia-image-overlay-wrap'><img decoding=\"async\" class='wp-image-41110 avia-img-lazy-loading-not-41110 avia_image' src=\"https:\/\/radiorevelacionfm.cl\/wp-content\/uploads\/2024\/04\/42-1-1.jpg\" alt='' title='42 (1) (1)' height=\"600\" width=\"800\"  itemprop=\"thumbnailUrl\" srcset=\"https:\/\/radiorevelacionfm.cl\/wp-content\/uploads\/2024\/04\/42-1-1.jpg 800w, https:\/\/radiorevelacionfm.cl\/wp-content\/uploads\/2024\/04\/42-1-1-300x225.jpg 300w, https:\/\/radiorevelacionfm.cl\/wp-content\/uploads\/2024\/04\/42-1-1-768x576.jpg 768w, https:\/\/radiorevelacionfm.cl\/wp-content\/uploads\/2024\/04\/42-1-1-705x529.jpg 705w, https:\/\/radiorevelacionfm.cl\/wp-content\/uploads\/2024\/04\/42-1-1-450x338.jpg 450w, https:\/\/radiorevelacionfm.cl\/wp-content\/uploads\/2024\/04\/42-1-1-600x450.jpg 600w\" sizes=\"(max-width: 800px) 100vw, 800px\" \/><\/div><\/div><\/div><\/div><div class=\"flex_column av_one_full  flex_column_div av-zero-column-padding first  avia-builder-el-2  el_after_av_one_full  el_before_av_one_full  column-top-margin\" style='border-radius:0px; '><section class=\"av_textblock_section \"  itemscope=\"itemscope\" itemtype=\"https:\/\/schema.org\/BlogPosting\" itemprop=\"blogPost\" ><div class='avia_textblock  '   itemprop=\"text\" ><p style=\"text-align: center;\"><strong><span style=\"font-size: 18pt;\">In\u00e9dito despliegue en la regi\u00f3n m\u00e1s de 2 mil personas celebraron el D\u00eda Nacional del Deporte<\/span><\/strong><\/p>\n<div id=\"gtx-trans\" style=\"position: absolute; left: -50px; top: 4.31534px;\">\n<div class=\"gtx-trans-icon\"><\/div>\n<\/div>\n<\/div><\/section><\/div><div class=\"flex_column av_one_full  flex_column_div av-zero-column-padding first  avia-builder-el-4  el_after_av_one_full  el_before_av_hr  column-top-margin\" style='border-radius:0px; '><section class=\"av_textblock_section \"  itemscope=\"itemscope\" itemtype=\"https:\/\/schema.org\/BlogPosting\" itemprop=\"blogPost\" ><div class='avia_textblock  '   itemprop=\"text\" ><p class=\"v1MsoNormal\" style=\"text-align: justify;\"><em>M\u00e1s dos mil personas accedieron a la oferta de actividades deportivas y recreativas gratuitas, desarrolladas en Chile-Chico, Ays\u00e9n, Cochrane y Coyhaique.<\/em><\/p>\n<p class=\"v1MsoNormal\" style=\"text-align: justify;\">Este s\u00e1bado 6 y domingo 7, nuestra regi\u00f3n\u00a0se sum\u00f3 a las m\u00e1s de 350 actividades programadas en todo el pa\u00eds, es as\u00ed como el Ministerio del Deporte e IND, en un trabajo mancomunado con organizaciones deportivas, gimnasios y servicios p\u00fablicos, ejecutaron campeonatos de atletismo escolar, talleres deportivos, clases de danza, ferias deportivas, una corrida recreativa e inclusiva. Actividades en las que participaron 2800 personas.<\/p>\n<p class=\"v1MsoNormal\" style=\"text-align: justify;\">Asimismo, la CONAF tambi\u00e9n se hizo parte de la celebraci\u00f3n con la gratuidad en\u00a03 \u00e1reas protegidas, como son la Reserva Nacional Patagonia -Parque Jeinimeni, Reserva Nacional R\u00edo Simpson en Ays\u00e9n y Reserva Nacional Coyhaique.<\/p>\n<p class=\"v1MsoNormal\" style=\"text-align: justify;\"><b><u>Atletismo escolar en Puerto Ays\u00e9n<\/u><\/b><\/p>\n<p class=\"v1MsoNormal\" style=\"text-align: justify;\">Las actividades de conmemoraci\u00f3n iniciaron con el 1er Campeonato Atletismo Escolar, en el que participaron 140 ni\u00f1as y ni\u00f1os de 7 escuelas Puerto Ays\u00e9n y Chacabuco, evento organizado por la Escuela Ribera Sur,\u00a0establecimiento perteneciente al SLEP Ays\u00e9n, junto al IND regional y la colaboraci\u00f3n del Municipio,\u00a0 Polideportivo 21 de Abril y empresas privadas.<\/p>\n<p class=\"v1MsoNormal\" style=\"text-align: justify;\"><b><u>Coyhaique<\/u><\/b><\/p>\n<p class=\"v1MsoNormal\" style=\"text-align: justify;\">En la capital regional el s\u00e1bado 6 de desarroll\u00f3 la\u00a0\u00abFeria del Deporte y Movimiento\u00bb organizada por la Seremi del Deporte junto a Delegaci\u00f3n Presidencial e IND, con talleres y muestras de Yoga, Boxeo, Hockey, Taekwondo, Gimnasia, danzas, escalada, Zona Gym Fitness y Crossfit, adem\u00e1s de diversos stands de servicios p\u00fablicos y organizaciones deportivas.<\/p>\n<p class=\"v1MsoNormal\" style=\"text-align: justify;\">El d\u00eda domingo 7 en la ma\u00f1ana se realiz\u00f3 la\u00a0\u00abCorrida Recreativa\u00bb D\u00eda del Deporte en la que participaron cerca de 300 corredores en tramos de 3-6 km y en un circuito inclusivo de relevos mixto con participantes del\u00a0club de Goalball Pumas, Telet\u00f3n y Escuela Espa\u00f1a.<\/p>\n<p class=\"v1MsoNormal\" style=\"text-align: justify;\">En la jornada de la tarde se desarrollaron\u00a0talleres gratuitos de\u00a0Karate, Mountain Bike, Futbolito y un stand de la Corporaci\u00f3n de Deportes Coyhaique con Juegos Deportivos de realidad virtual junto a una clase de Power Jump.<\/p>\n<p class=\"v1MsoNormal\" style=\"text-align: justify;\"><b><u>Chile-Chico, Cochrane y Puerto Ays\u00e9n<\/u><\/b><\/p>\n<p class=\"v1MsoNormal\" style=\"text-align: justify;\">En Chile Chico, la\u00a0DPP General Carrera junto a la Municipalidad organizaron la Feria del Deporte y Actividad F\u00edsica en la que participaron un centenar de personas.<\/p>\n<p class=\"v1MsoNormal\" style=\"text-align: justify;\">En Cochrane, la feria organizada por la DPP Capit\u00e1n Prat congreg\u00f3 a 300 personas y en\u00a0Puerto Ays\u00e9n, en tanto la \u00abFeria del Deporte y la Actividad F\u00edsica\u00bb fue liderada por la \u00a0DPP Ays\u00e9n y la Red de Profesores de Educaci\u00f3n F\u00edsica de Ays\u00e9n.<\/p>\n<p class=\"v1MsoNormal\" style=\"text-align: justify;\">Al respecto el Delegado Presidencial Regional Rodrigo Morales Araya, se\u00f1al\u00f3: \u00abPara nuestro Presidente y nuestro Gobierno, el movimiento, la actividad f\u00edsica es m\u00e1s all\u00e1 de la salud personal. Tiene que ver tambi\u00e9n con un espacio donde compartimos en familia, pero tambi\u00e9n donde compartimos con m\u00e1s familias. Nosotros creemos que la participaci\u00f3n y la uni\u00f3n entre las personas es fundamental en nuestro pa\u00eds. Estamos invitando a todos a continuar con esto durante todo el a\u00f1o. Eso aprendimos nosotros con los Juegos Panamericanos y Panamericanos. El movimiento es algo que nos motiva a todos nosotros. Est\u00e1n todos invitados a mantener durante todo el a\u00f1o actividad f\u00edsica\u00bb.<\/p>\n<p class=\"v1MsoNormal\" style=\"text-align: justify;\">Asimismo, la Seremi del Deporte, Mar\u00eda Eugenia Dur\u00e1n Jara, precis\u00f3: \u00abFue un fin de semana para sumar a la historia de nuestro pa\u00eds, pues de Arica a Magallanes se celebr\u00f3 el D\u00eda Nacional del Deporte y en nuestra la regi\u00f3n de manera in\u00e9dita se vivi\u00f3 esta fiesta en todas las provincias, en un compromiso de gobierno que involucr\u00f3 a las Delegaciones Presidenciales tanto Regional como Provinciales y un importante despliegue de servicios p\u00fablicos donde tambi\u00e9n se sumaron los municipios, con Ferias del Deporte y Movimiento en Cochrane, Chile Chico, Puerto Ays\u00e9n y Coyhaique que tuvieron como protagonistas a clubes deportivos, agrupaciones de danza y por supuesto a las familias que disfrutaron de una amplia gama de actividades. Dispusimos de acceso gratuito a 3 \u00e1reas protegidas de CONAF, junto a IND apoyamos actividades en escuelas p\u00fablicas y culminamos con una gran Corrida Recreativa Familiar donde todos y todas pudimos disfrutar de las diferentes pruebas en pista y circuito por las calles de Coyhaique, para finalizar en la tarde con talleres para todas las edades; fue un fin de semana incre\u00edble lleno de actividades y al igual que con los Juegos Panamericanos fue una nueva oportunidad para reencontrarnos con ese esp\u00edritu de deporte que nos une, que nos hace compartir en familia y amistades, disfrutar de lo positivo que genera la actividad f\u00edsica en nuestras vidas. Este fin de semana pudimos vivir la cultura del movimiento que impulsamos como ministerio y gobierno.\u00bb<\/p>\n<p style=\"text-align: justify;\">Uno de los asistentes a la corrida recreativa del d\u00eda domingo, fue el destacado ciclista regional Jos\u00e9 Luis \u00abPipo\u00bb Rodr\u00edguez, quien coment\u00f3: \u00abprimero que todo felicitar al IND, a la organizaci\u00f3n que toma la iniciativa de hacer estas actividades f\u00edsicas para la comunidad, de verdad que es s\u00faper entretenido, ustedes ven hay mucha gente, eso hace que el deporte crezca m\u00e1s en la regi\u00f3n y que la vida sana tambi\u00e9n se pueda mucho m\u00e1s felicitar a los corredores a los que llegaron adelante m\u00edo, de verdad que hay buenos atletas, siempre lo he dicho ac\u00e1 en la regi\u00f3n, corr\u00ed 6 kil\u00f3metros, obtuve el tercer lugar, as\u00ed que no es malo, yo vengo a participar, soy ciclista, todos saben de eso, esto me saca de la zona confort y eso me gusta, vine aqu\u00ed con parte de la familia ahora va a correr mi hija Antonella\u00bb.<\/p>\n<\/div><\/section><\/div><div  style='height:50px' class='hr hr-invisible   avia-builder-el-6  el_after_av_one_full  el_before_av_social_share '><span class='hr-inner ' ><span class='hr-inner-style'><\/span><\/span><\/div><\/p>\n<div  class='av-social-sharing-box  avia-builder-el-7  el_after_av_hr  el_before_av_hr  '><div class='av-share-box'><h5 class='av-share-link-description av-no-toc '>Compartir esta noticia<\/h5><ul class='av-share-box-list noLightbox'><li class='av-share-link av-social-link-facebook' ><a target=\"_blank\" aria-label=\"Compartir en Facebook\" href='https:\/\/www.facebook.com\/sharer.php?u=https:\/\/radiorevelacionfm.cl\/?p=41109&#038;t=In%C3%A9dito%20despliegue%20en%20la%20regi%C3%B3n%20m%C3%A1s%20de%202%20mil%20personas%20celebraron%20el%20D%C3%ADa%20Nacional%20del%20Deporte' aria-hidden='false' data-av_icon='\ue8f3' data-av_iconfont='entypo-fontello' title='' data-avia-related-tooltip='Compartir en Facebook' rel=\"noopener\"><span class='avia_hidden_link_text'>Compartir en Facebook<\/span><\/a><\/li><li class='av-share-link av-social-link-twitter' ><a target=\"_blank\" aria-label=\"Compartir en Twitter\" href='https:\/\/twitter.com\/share?text=In%C3%A9dito%20despliegue%20en%20la%20regi%C3%B3n%20m%C3%A1s%20de%202%20mil%20personas%20celebraron%20el%20D%C3%ADa%20Nacional%20del%20Deporte&#038;url=https:\/\/radiorevelacionfm.cl\/?p=41109' aria-hidden='false' data-av_icon='\ue8f1' data-av_iconfont='entypo-fontello' title='' data-avia-related-tooltip='Compartir en Twitter' rel=\"noopener\"><span class='avia_hidden_link_text'>Compartir en Twitter<\/span><\/a><\/li><li class='av-share-link av-social-link-whatsapp' ><a target=\"_blank\" aria-label=\"Compartir en Whatsapp\" href='https:\/\/api.whatsapp.com\/send?text=https:\/\/radiorevelacionfm.cl\/?p=41109' aria-hidden='false' data-av_icon='\uf232' data-av_iconfont='entypo-fontello' title='' data-avia-related-tooltip='Compartir en Whatsapp' rel=\"noopener\"><span class='avia_hidden_link_text'>Compartir en Whatsapp<\/span><\/a><\/li><li class='av-share-link av-social-link-linkedin' ><a target=\"_blank\" aria-label=\"Compartir en LinkedIn\" href='https:\/\/linkedin.com\/shareArticle?mini=true&#038;title=In%C3%A9dito%20despliegue%20en%20la%20regi%C3%B3n%20m%C3%A1s%20de%202%20mil%20personas%20celebraron%20el%20D%C3%ADa%20Nacional%20del%20Deporte&#038;url=https:\/\/radiorevelacionfm.cl\/?p=41109' aria-hidden='false' data-av_icon='\ue8fc' data-av_iconfont='entypo-fontello' title='' data-avia-related-tooltip='Compartir en LinkedIn' rel=\"noopener\"><span class='avia_hidden_link_text'>Compartir en LinkedIn<\/span><\/a><\/li><li class='av-share-link av-social-link-mail' ><a  aria-label=\"Compartir por correo\" href='mailto:?subject=In%C3%A9dito%20despliegue%20en%20la%20regi%C3%B3n%20m%C3%A1s%20de%202%20mil%20personas%20celebraron%20el%20D%C3%ADa%20Nacional%20del%20Deporte&#038;body=https:\/\/radiorevelacionfm.cl\/?p=41109' aria-hidden='false' data-av_icon='\ue805' data-av_iconfont='entypo-fontello' title='' data-avia-related-tooltip='Compartir por correo'><span class='avia_hidden_link_text'>Compartir por correo<\/span><\/a><\/li><\/ul><\/div><\/div>\n<div  style='height:50px' class='hr hr-invisible   avia-builder-el-8  el_after_av_social_share  el_before_av_comments_list '><span class='hr-inner ' ><span class='hr-inner-style'><\/span><\/span><\/div>\n<div  class='av-buildercomment  av-blog-meta-html-info-disabled av-blog-meta-tag-disabled  '><\/div>\n","protected":false},"excerpt":{"rendered":"","protected":false},"author":1,"featured_media":41110,"comment_status":"open","ping_status":"open","sticky":false,"template":"","format":"standard","meta":{"footnotes":""},"categories":[40],"tags":[],"class_list":["post-41109","post","type-post","status-publish","format-standard","has-post-thumbnail","hentry","category-deportes"],"jetpack_featured_media_url":"https:\/\/radiorevelacionfm.cl\/wp-content\/uploads\/2024\/04\/42-1-1.jpg","_links":{"self":[{"href":"https:\/\/radiorevelacionfm.cl\/index.php?rest_route=\/wp\/v2\/posts\/41109","targetHints":{"allow":["GET"]}}],"collection":[{"href":"https:\/\/radiorevelacionfm.cl\/index.php?rest_route=\/wp\/v2\/posts"}],"about":[{"href":"https:\/\/radiorevelacionfm.cl\/index.php?rest_route=\/wp\/v2\/types\/post"}],"author":[{"embeddable":true,"href":"https:\/\/radiorevelacionfm.cl\/index.php?rest_route=\/wp\/v2\/users\/1"}],"replies":[{"embeddable":true,"href":"https:\/\/radiorevelacionfm.cl\/index.php?rest_route=%2Fwp%2Fv2%2Fcomments&post=41109"}],"version-history":[{"count":1,"href":"https:\/\/radiorevelacionfm.cl\/index.php?rest_route=\/wp\/v2\/posts\/41109\/revisions"}],"predecessor-version":[{"id":41111,"href":"https:\/\/radiorevelacionfm.cl\/index.php?rest_route=\/wp\/v2\/posts\/41109\/revisions\/41111"}],"wp:featuredmedia":[{"embeddable":true,"href":"https:\/\/radiorevelacionfm.cl\/index.php?rest_route=\/wp\/v2\/media\/41110"}],"wp:attachment":[{"href":"https:\/\/radiorevelacionfm.cl\/index.php?rest_route=%2Fwp%2Fv2%2Fmedia&parent=41109"}],"wp:term":[{"taxonomy":"category","embeddable":true,"href":"https:\/\/radiorevelacionfm.cl\/index.php?rest_route=%2Fwp%2Fv2%2Fcategories&post=41109"},{"taxonomy":"post_tag","embeddable":true,"href":"https:\/\/radiorevelacionfm.cl\/index.php?rest_route=%2Fwp%2Fv2%2Ftags&post=41109"}],"curies":[{"name":"wp","href":"https:\/\/api.w.org\/{rel}","templated":true}]}}