{"id":41106,"date":"2024-04-08T21:45:41","date_gmt":"2024-04-09T00:45:41","guid":{"rendered":"https:\/\/radiorevelacionfm.cl\/?p=41106"},"modified":"2024-04-08T21:45:41","modified_gmt":"2024-04-09T00:45:41","slug":"entregan-balance-de-temporada-de-incendios-forestales-2023-2024-en-la-region","status":"publish","type":"post","link":"https:\/\/radiorevelacionfm.cl\/?p=41106","title":{"rendered":"Entregan balance de temporada de incendios forestales 2023-2024 en la regi\u00f3n"},"content":{"rendered":"<div class=\"flex_column av_one_full  flex_column_div av-zero-column-padding first  avia-builder-el-0  el_before_av_one_full  avia-builder-el-first  \" style='border-radius:0px; '><div  class='avia-image-container  av-styling-    avia-builder-el-1  avia-builder-el-no-sibling  avia-align-center '  itemprop=\"image\" itemscope=\"itemscope\" itemtype=\"https:\/\/schema.org\/ImageObject\"  ><div class='avia-image-container-inner'><div class='avia-image-overlay-wrap'><img decoding=\"async\" class='wp-image-41107 avia-img-lazy-loading-not-41107 avia_image' src=\"https:\/\/radiorevelacionfm.cl\/wp-content\/uploads\/2024\/04\/pauta-balance-conaf-minagri-1_optimized.jpeg\" alt='' title='pauta-balance---conaf---minagri-(1)_optimized' height=\"600\" width=\"800\"  itemprop=\"thumbnailUrl\" srcset=\"https:\/\/radiorevelacionfm.cl\/wp-content\/uploads\/2024\/04\/pauta-balance-conaf-minagri-1_optimized.jpeg 800w, https:\/\/radiorevelacionfm.cl\/wp-content\/uploads\/2024\/04\/pauta-balance-conaf-minagri-1_optimized-300x225.jpeg 300w, https:\/\/radiorevelacionfm.cl\/wp-content\/uploads\/2024\/04\/pauta-balance-conaf-minagri-1_optimized-768x576.jpeg 768w, https:\/\/radiorevelacionfm.cl\/wp-content\/uploads\/2024\/04\/pauta-balance-conaf-minagri-1_optimized-705x529.jpeg 705w, https:\/\/radiorevelacionfm.cl\/wp-content\/uploads\/2024\/04\/pauta-balance-conaf-minagri-1_optimized-450x338.jpeg 450w, https:\/\/radiorevelacionfm.cl\/wp-content\/uploads\/2024\/04\/pauta-balance-conaf-minagri-1_optimized-600x450.jpeg 600w\" sizes=\"(max-width: 800px) 100vw, 800px\" \/><\/div><\/div><\/div><\/div><div class=\"flex_column av_one_full  flex_column_div av-zero-column-padding first  avia-builder-el-2  el_after_av_one_full  el_before_av_one_full  column-top-margin\" style='border-radius:0px; '><section class=\"av_textblock_section \"  itemscope=\"itemscope\" itemtype=\"https:\/\/schema.org\/BlogPosting\" itemprop=\"blogPost\" ><div class='avia_textblock  '   itemprop=\"text\" ><p style=\"text-align: center;\"><strong><span style=\"font-size: 18pt;\">Entregan balance de temporada de incendios forestales 2023-2024 en la regi\u00f3n<\/span><\/strong><\/p>\n<div id=\"gtx-trans\" style=\"position: absolute; left: -50px; top: 4.31534px;\">\n<div class=\"gtx-trans-icon\"><\/div>\n<\/div>\n<\/div><\/section><\/div><div class=\"flex_column av_one_full  flex_column_div av-zero-column-padding first  avia-builder-el-4  el_after_av_one_full  el_before_av_hr  column-top-margin\" style='border-radius:0px; '><section class=\"av_textblock_section \"  itemscope=\"itemscope\" itemtype=\"https:\/\/schema.org\/BlogPosting\" itemprop=\"blogPost\" ><div class='avia_textblock  '   itemprop=\"text\" ><p style=\"text-align: justify;\">Con una importante presencia de brigadistas forestales de la 3\u00ba Compa\u00f1\u00eda de Bomberos de Coyhaique y brigadistas de CONAF, el pasado jueves 4 de abril se desarroll\u00f3 el balance de temporada de mayor exposici\u00f3n al riesgo de ocurrencia de incendios forestales a nivel regional conforme entre diciembre 2023 y marzo de 2024. En la oportunidad estuvo presente el seremi de Agricultura, Eugenio Ruiz, la directora regional (s) de Conaf, Andrea Bahamondes; el director regional de Senapred, Sidi Bravo; el jefe (s) del Departamento de Protecci\u00f3n contra Incendios Forestales de Conaf Ays\u00e9n, Felipe Valencia, y el jefe del Aer\u00f3dromo Teniente Vidal, Willy Catal\u00e1n.<\/p>\n<p style=\"text-align: justify;\">El Plan Regional de Prevenci\u00f3n y Control de Incendios Forestales en Ays\u00e9n,<b>\u00a0<\/b>consider\u00f3 aumentar de 1 a 2 aeronaves para este per\u00edodo, teniendo el primer helic\u00f3ptero con base en Coyhaique y el segundo con base en Cochrane. Adicionalmente, para este per\u00edodo se cont\u00f3\u00a0con 16 brigadas a lo largo del territorio, cubriendo desde La Junta hasta Villa O\u00b4Higgins, contemplando\u00a0una brigada vespertina. De esta manera y junto a la coordinaci\u00f3n con\u00a0Bomberos y la capacitaci\u00f3n de tres Brigadas del Ejercito, permiti\u00f3\u00a0aumentar la fuerza de combate de manera efectiva y coordinada.<\/p>\n<p style=\"text-align: justify;\">En palabras del seremi de Agricultura, Eugenio Ruiz, \u00abcomo Ministerio de Agricultura destacamos la sinergia que hubo entre distintas instituciones, especialmente junto a Bomberos, apoyando el combate a incendios en la regi\u00f3n. El aumento del presupuesto en un 47% otorgado por el Gobierno, permiti\u00f3 contar con una brigada vespertina y tener un segundo helic\u00f3ptero, cumpliendo tambi\u00e9n una labor fundamental en la provincia Capit\u00e1n Prat. Adem\u00e1s, el accionar de estos recursos a\u00e9reos permiti\u00f3 controlar a tiempo los incendios en cerro Mackay y Mall\u00edn Grande. Es por ello que agradecemos especialmente al presidente de la Rep\u00fablica, Gabriel Boric, por haber considerado este aumento al presupuesto\u00bb.<\/p>\n<p style=\"text-align: justify;\">Por su parte, la directora regional (s) de Conaf, Andrea Bahamondes, indic\u00f3 que \u00aba la fecha hemos tenido 21 incendios forestales con un total de 132 hect\u00e1reas afectadas, donde las comunas de mayor ocurrencia fueron en Coyhaique, Puerto Ib\u00e1\u00f1ez y Chile Chico. En este sentido, la mayor concentraci\u00f3n fue en el mes de enero y febrero, de acuerdo con los incendios en el Cerro Mackay, con 88 hect\u00e1reas afectadas; el de Mall\u00edn Grande (El Mait\u00e9n), con 23 hect\u00e1reas afectadas, y Lomas Bajas (La Tapera), con 18,5 hect\u00e1reas afectadas\u00bb.<\/p>\n<p style=\"text-align: justify;\">Si bien el cierre de la temporada es a finales del primer semestre, autoridades sostienen que a la fecha se han registrado nueve incidentes menos en comparaci\u00f3n a la temporada anterior, entre 2022 y 2023. Asimismo, en la oportunidad se destac\u00f3 el da\u00f1o evitado y control del fuego producto del refuerzo en recursos.<\/p>\n<p class=\"v1elementToProof\" style=\"text-align: justify;\">Finalmente, el director regional de Senapred, Sidi Bravo, precis\u00f3 que \u00abno obstante a los medios a\u00e9reos o terrestres que aumentaron con este 47% de presupuesto, lo trascendental fue todo el trabajo preventivo desde la labor de cada uno de los pobladores que apoyaron esta gesti\u00f3n. Desde la no utilizaci\u00f3n de fuego para trabajos silvoagropecuarios, como tambi\u00e9n los medios de comunicaci\u00f3n, Carabineros de Chile, la C\u00e1mara Chilena de la Construcci\u00f3n y la C\u00e1mara de Turismo. Se hizo un trabajo colaborativo en todos los sectores, permitiendo disminuir los incendios y cuidar nuestra regi\u00f3n de Ays\u00e9n\u00bb<b>.<\/b><\/p>\n<\/div><\/section><\/div><div  style='height:50px' class='hr hr-invisible   avia-builder-el-6  el_after_av_one_full  el_before_av_social_share '><span class='hr-inner ' ><span class='hr-inner-style'><\/span><\/span><\/div><\/p>\n<div  class='av-social-sharing-box  avia-builder-el-7  el_after_av_hr  el_before_av_hr  '><div class='av-share-box'><h5 class='av-share-link-description av-no-toc '>Compartir esta noticia<\/h5><ul class='av-share-box-list noLightbox'><li class='av-share-link av-social-link-facebook' ><a target=\"_blank\" aria-label=\"Compartir en Facebook\" href='https:\/\/www.facebook.com\/sharer.php?u=https:\/\/radiorevelacionfm.cl\/?p=41106&#038;t=Entregan%20balance%20de%20temporada%20de%20incendios%20forestales%202023-2024%20en%20la%20regi%C3%B3n' aria-hidden='false' data-av_icon='\ue8f3' data-av_iconfont='entypo-fontello' title='' data-avia-related-tooltip='Compartir en Facebook' rel=\"noopener\"><span class='avia_hidden_link_text'>Compartir en Facebook<\/span><\/a><\/li><li class='av-share-link av-social-link-twitter' ><a target=\"_blank\" aria-label=\"Compartir en Twitter\" href='https:\/\/twitter.com\/share?text=Entregan%20balance%20de%20temporada%20de%20incendios%20forestales%202023-2024%20en%20la%20regi%C3%B3n&#038;url=https:\/\/radiorevelacionfm.cl\/?p=41106' aria-hidden='false' data-av_icon='\ue8f1' data-av_iconfont='entypo-fontello' title='' data-avia-related-tooltip='Compartir en Twitter' rel=\"noopener\"><span class='avia_hidden_link_text'>Compartir en Twitter<\/span><\/a><\/li><li class='av-share-link av-social-link-whatsapp' ><a target=\"_blank\" aria-label=\"Compartir en Whatsapp\" href='https:\/\/api.whatsapp.com\/send?text=https:\/\/radiorevelacionfm.cl\/?p=41106' aria-hidden='false' data-av_icon='\uf232' data-av_iconfont='entypo-fontello' title='' data-avia-related-tooltip='Compartir en Whatsapp' rel=\"noopener\"><span class='avia_hidden_link_text'>Compartir en Whatsapp<\/span><\/a><\/li><li class='av-share-link av-social-link-linkedin' ><a target=\"_blank\" aria-label=\"Compartir en LinkedIn\" href='https:\/\/linkedin.com\/shareArticle?mini=true&#038;title=Entregan%20balance%20de%20temporada%20de%20incendios%20forestales%202023-2024%20en%20la%20regi%C3%B3n&#038;url=https:\/\/radiorevelacionfm.cl\/?p=41106' aria-hidden='false' data-av_icon='\ue8fc' data-av_iconfont='entypo-fontello' title='' data-avia-related-tooltip='Compartir en LinkedIn' rel=\"noopener\"><span class='avia_hidden_link_text'>Compartir en LinkedIn<\/span><\/a><\/li><li class='av-share-link av-social-link-mail' ><a  aria-label=\"Compartir por correo\" href='mailto:?subject=Entregan%20balance%20de%20temporada%20de%20incendios%20forestales%202023-2024%20en%20la%20regi%C3%B3n&#038;body=https:\/\/radiorevelacionfm.cl\/?p=41106' aria-hidden='false' data-av_icon='\ue805' data-av_iconfont='entypo-fontello' title='' data-avia-related-tooltip='Compartir por correo'><span class='avia_hidden_link_text'>Compartir por correo<\/span><\/a><\/li><\/ul><\/div><\/div>\n<div  style='height:50px' class='hr hr-invisible   avia-builder-el-8  el_after_av_social_share  el_before_av_comments_list '><span class='hr-inner ' ><span class='hr-inner-style'><\/span><\/span><\/div>\n<div  class='av-buildercomment  av-blog-meta-html-info-disabled av-blog-meta-tag-disabled  '><\/div>\n","protected":false},"excerpt":{"rendered":"","protected":false},"author":1,"featured_media":41107,"comment_status":"open","ping_status":"open","sticky":false,"template":"","format":"standard","meta":{"footnotes":""},"categories":[38],"tags":[],"class_list":["post-41106","post","type-post","status-publish","format-standard","has-post-thumbnail","hentry","category-regional"],"jetpack_featured_media_url":"https:\/\/radiorevelacionfm.cl\/wp-content\/uploads\/2024\/04\/pauta-balance-conaf-minagri-1_optimized.jpeg","_links":{"self":[{"href":"https:\/\/radiorevelacionfm.cl\/index.php?rest_route=\/wp\/v2\/posts\/41106","targetHints":{"allow":["GET"]}}],"collection":[{"href":"https:\/\/radiorevelacionfm.cl\/index.php?rest_route=\/wp\/v2\/posts"}],"about":[{"href":"https:\/\/radiorevelacionfm.cl\/index.php?rest_route=\/wp\/v2\/types\/post"}],"author":[{"embeddable":true,"href":"https:\/\/radiorevelacionfm.cl\/index.php?rest_route=\/wp\/v2\/users\/1"}],"replies":[{"embeddable":true,"href":"https:\/\/radiorevelacionfm.cl\/index.php?rest_route=%2Fwp%2Fv2%2Fcomments&post=41106"}],"version-history":[{"count":1,"href":"https:\/\/radiorevelacionfm.cl\/index.php?rest_route=\/wp\/v2\/posts\/41106\/revisions"}],"predecessor-version":[{"id":41108,"href":"https:\/\/radiorevelacionfm.cl\/index.php?rest_route=\/wp\/v2\/posts\/41106\/revisions\/41108"}],"wp:featuredmedia":[{"embeddable":true,"href":"https:\/\/radiorevelacionfm.cl\/index.php?rest_route=\/wp\/v2\/media\/41107"}],"wp:attachment":[{"href":"https:\/\/radiorevelacionfm.cl\/index.php?rest_route=%2Fwp%2Fv2%2Fmedia&parent=41106"}],"wp:term":[{"taxonomy":"category","embeddable":true,"href":"https:\/\/radiorevelacionfm.cl\/index.php?rest_route=%2Fwp%2Fv2%2Fcategories&post=41106"},{"taxonomy":"post_tag","embeddable":true,"href":"https:\/\/radiorevelacionfm.cl\/index.php?rest_route=%2Fwp%2Fv2%2Ftags&post=41106"}],"curies":[{"name":"wp","href":"https:\/\/api.w.org\/{rel}","templated":true}]}}