{"id":41103,"date":"2024-04-08T18:37:25","date_gmt":"2024-04-08T21:37:25","guid":{"rendered":"https:\/\/radiorevelacionfm.cl\/?p=41103"},"modified":"2024-04-08T18:37:25","modified_gmt":"2024-04-08T21:37:25","slug":"destacamento-motorizado-n14-aysen-conmemoro-un-nuevo-aniversario","status":"publish","type":"post","link":"https:\/\/radiorevelacionfm.cl\/?p=41103","title":{"rendered":"Destacamento Motorizado N\u00b014 \u201dAys\u00e9n\u201d conmemor\u00f3 un nuevo aniversario"},"content":{"rendered":"<div class=\"flex_column av_one_full  flex_column_div av-zero-column-padding first  avia-builder-el-0  el_before_av_one_full  avia-builder-el-first  \" style='border-radius:0px; '><div  class='avia-image-container  av-styling-    avia-builder-el-1  avia-builder-el-no-sibling  avia-align-center '  itemprop=\"image\" itemscope=\"itemscope\" itemtype=\"https:\/\/schema.org\/ImageObject\"  ><div class='avia-image-container-inner'><div class='avia-image-overlay-wrap'><img decoding=\"async\" class='wp-image-41104 avia-img-lazy-loading-not-41104 avia_image' src=\"https:\/\/radiorevelacionfm.cl\/wp-content\/uploads\/2024\/04\/IMG-20240408-WA0094-1-1.jpg\" alt='' title='IMG-20240408-WA0094 (1) (1)' height=\"600\" width=\"919\"  itemprop=\"thumbnailUrl\" srcset=\"https:\/\/radiorevelacionfm.cl\/wp-content\/uploads\/2024\/04\/IMG-20240408-WA0094-1-1.jpg 919w, https:\/\/radiorevelacionfm.cl\/wp-content\/uploads\/2024\/04\/IMG-20240408-WA0094-1-1-300x196.jpg 300w, https:\/\/radiorevelacionfm.cl\/wp-content\/uploads\/2024\/04\/IMG-20240408-WA0094-1-1-768x501.jpg 768w, https:\/\/radiorevelacionfm.cl\/wp-content\/uploads\/2024\/04\/IMG-20240408-WA0094-1-1-705x460.jpg 705w, https:\/\/radiorevelacionfm.cl\/wp-content\/uploads\/2024\/04\/IMG-20240408-WA0094-1-1-450x294.jpg 450w, https:\/\/radiorevelacionfm.cl\/wp-content\/uploads\/2024\/04\/IMG-20240408-WA0094-1-1-600x392.jpg 600w\" sizes=\"(max-width: 919px) 100vw, 919px\" \/><\/div><\/div><\/div><\/div><div class=\"flex_column av_one_full  flex_column_div av-zero-column-padding first  avia-builder-el-2  el_after_av_one_full  el_before_av_one_full  column-top-margin\" style='border-radius:0px; '><section class=\"av_textblock_section \"  itemscope=\"itemscope\" itemtype=\"https:\/\/schema.org\/BlogPosting\" itemprop=\"blogPost\" ><div class='avia_textblock  '   itemprop=\"text\" ><p style=\"text-align: center;\"><strong><span style=\"font-size: 18pt;\">Destacamento Motorizado N\u00b014 \u201dAys\u00e9n\u201d conmemor\u00f3 un nuevo aniversario<\/span><\/strong><\/p>\n<div id=\"gtx-trans\" style=\"position: absolute; left: -50px; top: 4.31534px;\">\n<div class=\"gtx-trans-icon\"><\/div>\n<\/div>\n<\/div><\/section><\/div><div class=\"flex_column av_one_full  flex_column_div av-zero-column-padding first  avia-builder-el-4  el_after_av_one_full  el_before_av_hr  column-top-margin\" style='border-radius:0px; '><section class=\"av_textblock_section \"  itemscope=\"itemscope\" itemtype=\"https:\/\/schema.org\/BlogPosting\" itemprop=\"blogPost\" ><div class='avia_textblock  '   itemprop=\"text\" ><p style=\"text-align: justify;\">Con una ceremonia interna realizada en el patio de formaci\u00f3n del Campo Militar \u201cCoyhaique\u201d se conmemor\u00f3 un nuevo aniversario del Destacamento Motorizado N\u00b014 \u201cAys\u00e9n\u201d.<\/p>\n<p style=\"text-align: justify;\">La alocuci\u00f3n estuvo a cargo del Comandante de la unidad, Coronel El\u00edas Abuyeres Manzur, en la cual hizo menci\u00f3n a una rese\u00f1a hist\u00f3rica de la unidad, sus procesos de cambio, desarrollo, formaci\u00f3n, destacando sobre todo la labor realizada en apoyo ante situaciones de emergencias y cat\u00e1strofes.<\/p>\n<p style=\"text-align: justify;\">Posteriormente, el C\u00edrculo de Oficiales y Suboficiales en retiro de Coyhaique, hicieron entrega de un est\u00edmulo recordatorio para reconocer el compromiso y abnegaci\u00f3n en el cumplimiento de su deber al siguiente personal: Cabo Segundo Rayen Geraldo Espinoza y al Subteniente Ricardo Sep\u00falveda Mu\u00f1oz.<\/p>\n<p style=\"text-align: justify;\">Luego el Comandante del Destacamento Motorizado N\u00b014 \u201cAys\u00e9n\u201d, impuso las medallas por diez a\u00f1os de servicio al personal de Suboficiales: Cabo Segundo Sebasti\u00e1n Matamala Arratia, Cabo Segundo Sebasti\u00e1n Pantoja Valenzuela y Cabo Segundo H\u00e9ctor L\u00f3pez Parra.<\/p>\n<p style=\"text-align: justify;\">Finalmente, la actividad culmin\u00f3 con un desfile de honor frente a la tribuna.<\/p>\n<\/div><\/section><\/div><div  style='height:50px' class='hr hr-invisible   avia-builder-el-6  el_after_av_one_full  el_before_av_social_share '><span class='hr-inner ' ><span class='hr-inner-style'><\/span><\/span><\/div><\/p>\n<div  class='av-social-sharing-box  avia-builder-el-7  el_after_av_hr  el_before_av_hr  '><div class='av-share-box'><h5 class='av-share-link-description av-no-toc '>Compartir esta noticia<\/h5><ul class='av-share-box-list noLightbox'><li class='av-share-link av-social-link-facebook' ><a target=\"_blank\" aria-label=\"Compartir en Facebook\" href='https:\/\/www.facebook.com\/sharer.php?u=https:\/\/radiorevelacionfm.cl\/?p=41103&#038;t=Destacamento%20Motorizado%20N%C2%B014%20%E2%80%9DAys%C3%A9n%E2%80%9D%20conmemor%C3%B3%20un%20nuevo%20aniversario' aria-hidden='false' data-av_icon='\ue8f3' data-av_iconfont='entypo-fontello' title='' data-avia-related-tooltip='Compartir en Facebook' rel=\"noopener\"><span class='avia_hidden_link_text'>Compartir en Facebook<\/span><\/a><\/li><li class='av-share-link av-social-link-twitter' ><a target=\"_blank\" aria-label=\"Compartir en Twitter\" href='https:\/\/twitter.com\/share?text=Destacamento%20Motorizado%20N%C2%B014%20%E2%80%9DAys%C3%A9n%E2%80%9D%20conmemor%C3%B3%20un%20nuevo%20aniversario&#038;url=https:\/\/radiorevelacionfm.cl\/?p=41103' aria-hidden='false' data-av_icon='\ue8f1' data-av_iconfont='entypo-fontello' title='' data-avia-related-tooltip='Compartir en Twitter' rel=\"noopener\"><span class='avia_hidden_link_text'>Compartir en Twitter<\/span><\/a><\/li><li class='av-share-link av-social-link-whatsapp' ><a target=\"_blank\" aria-label=\"Compartir en Whatsapp\" href='https:\/\/api.whatsapp.com\/send?text=https:\/\/radiorevelacionfm.cl\/?p=41103' aria-hidden='false' data-av_icon='\uf232' data-av_iconfont='entypo-fontello' title='' data-avia-related-tooltip='Compartir en Whatsapp' rel=\"noopener\"><span class='avia_hidden_link_text'>Compartir en Whatsapp<\/span><\/a><\/li><li class='av-share-link av-social-link-linkedin' ><a target=\"_blank\" aria-label=\"Compartir en LinkedIn\" href='https:\/\/linkedin.com\/shareArticle?mini=true&#038;title=Destacamento%20Motorizado%20N%C2%B014%20%E2%80%9DAys%C3%A9n%E2%80%9D%20conmemor%C3%B3%20un%20nuevo%20aniversario&#038;url=https:\/\/radiorevelacionfm.cl\/?p=41103' aria-hidden='false' data-av_icon='\ue8fc' data-av_iconfont='entypo-fontello' title='' data-avia-related-tooltip='Compartir en LinkedIn' rel=\"noopener\"><span class='avia_hidden_link_text'>Compartir en LinkedIn<\/span><\/a><\/li><li class='av-share-link av-social-link-mail' ><a  aria-label=\"Compartir por correo\" href='mailto:?subject=Destacamento%20Motorizado%20N%C2%B014%20%E2%80%9DAys%C3%A9n%E2%80%9D%20conmemor%C3%B3%20un%20nuevo%20aniversario&#038;body=https:\/\/radiorevelacionfm.cl\/?p=41103' aria-hidden='false' data-av_icon='\ue805' data-av_iconfont='entypo-fontello' title='' data-avia-related-tooltip='Compartir por correo'><span class='avia_hidden_link_text'>Compartir por correo<\/span><\/a><\/li><\/ul><\/div><\/div>\n<div  style='height:50px' class='hr hr-invisible   avia-builder-el-8  el_after_av_social_share  el_before_av_comments_list '><span class='hr-inner ' ><span class='hr-inner-style'><\/span><\/span><\/div>\n<div  class='av-buildercomment  av-blog-meta-html-info-disabled av-blog-meta-tag-disabled  '><\/div>\n","protected":false},"excerpt":{"rendered":"","protected":false},"author":1,"featured_media":41104,"comment_status":"open","ping_status":"open","sticky":false,"template":"","format":"standard","meta":{"footnotes":""},"categories":[38],"tags":[],"class_list":["post-41103","post","type-post","status-publish","format-standard","has-post-thumbnail","hentry","category-regional"],"jetpack_featured_media_url":"https:\/\/radiorevelacionfm.cl\/wp-content\/uploads\/2024\/04\/IMG-20240408-WA0094-1-1.jpg","_links":{"self":[{"href":"https:\/\/radiorevelacionfm.cl\/index.php?rest_route=\/wp\/v2\/posts\/41103","targetHints":{"allow":["GET"]}}],"collection":[{"href":"https:\/\/radiorevelacionfm.cl\/index.php?rest_route=\/wp\/v2\/posts"}],"about":[{"href":"https:\/\/radiorevelacionfm.cl\/index.php?rest_route=\/wp\/v2\/types\/post"}],"author":[{"embeddable":true,"href":"https:\/\/radiorevelacionfm.cl\/index.php?rest_route=\/wp\/v2\/users\/1"}],"replies":[{"embeddable":true,"href":"https:\/\/radiorevelacionfm.cl\/index.php?rest_route=%2Fwp%2Fv2%2Fcomments&post=41103"}],"version-history":[{"count":1,"href":"https:\/\/radiorevelacionfm.cl\/index.php?rest_route=\/wp\/v2\/posts\/41103\/revisions"}],"predecessor-version":[{"id":41105,"href":"https:\/\/radiorevelacionfm.cl\/index.php?rest_route=\/wp\/v2\/posts\/41103\/revisions\/41105"}],"wp:featuredmedia":[{"embeddable":true,"href":"https:\/\/radiorevelacionfm.cl\/index.php?rest_route=\/wp\/v2\/media\/41104"}],"wp:attachment":[{"href":"https:\/\/radiorevelacionfm.cl\/index.php?rest_route=%2Fwp%2Fv2%2Fmedia&parent=41103"}],"wp:term":[{"taxonomy":"category","embeddable":true,"href":"https:\/\/radiorevelacionfm.cl\/index.php?rest_route=%2Fwp%2Fv2%2Fcategories&post=41103"},{"taxonomy":"post_tag","embeddable":true,"href":"https:\/\/radiorevelacionfm.cl\/index.php?rest_route=%2Fwp%2Fv2%2Ftags&post=41103"}],"curies":[{"name":"wp","href":"https:\/\/api.w.org\/{rel}","templated":true}]}}