{"id":41097,"date":"2024-04-08T17:32:37","date_gmt":"2024-04-08T20:32:37","guid":{"rendered":"https:\/\/radiorevelacionfm.cl\/?p=41097"},"modified":"2024-04-08T17:32:37","modified_gmt":"2024-04-08T20:32:37","slug":"con-enfasis-en-materias-de-seguridad-transparencia-y-probidad-se-realizo-en-santiago-asamblea-de-alcaldes-y-alcaldesas","status":"publish","type":"post","link":"https:\/\/radiorevelacionfm.cl\/?p=41097","title":{"rendered":"Con \u00e9nfasis en materias de seguridad, transparencia y probidad se realiz\u00f3 en Santiago Asamblea de Alcaldes y Alcaldesas"},"content":{"rendered":"<div class=\"flex_column av_one_full  flex_column_div av-zero-column-padding first  avia-builder-el-0  el_before_av_one_full  avia-builder-el-first  \" style='border-radius:0px; '><div  class='avia-image-container  av-styling-    avia-builder-el-1  avia-builder-el-no-sibling  avia-align-center '  itemprop=\"image\" itemscope=\"itemscope\" itemtype=\"https:\/\/schema.org\/ImageObject\"  ><div class='avia-image-container-inner'><div class='avia-image-overlay-wrap'><img decoding=\"async\" class='wp-image-41098 avia-img-lazy-loading-not-41098 avia_image' src=\"https:\/\/radiorevelacionfm.cl\/wp-content\/uploads\/2024\/04\/asamblea-nacional-1-1_optimized-1.jpg\" alt='' title='asamblea-nacional-1-(1)_optimized (1)' height=\"600\" width=\"1066\"  itemprop=\"thumbnailUrl\" srcset=\"https:\/\/radiorevelacionfm.cl\/wp-content\/uploads\/2024\/04\/asamblea-nacional-1-1_optimized-1.jpg 1066w, https:\/\/radiorevelacionfm.cl\/wp-content\/uploads\/2024\/04\/asamblea-nacional-1-1_optimized-1-300x169.jpg 300w, https:\/\/radiorevelacionfm.cl\/wp-content\/uploads\/2024\/04\/asamblea-nacional-1-1_optimized-1-1030x580.jpg 1030w, https:\/\/radiorevelacionfm.cl\/wp-content\/uploads\/2024\/04\/asamblea-nacional-1-1_optimized-1-768x432.jpg 768w, https:\/\/radiorevelacionfm.cl\/wp-content\/uploads\/2024\/04\/asamblea-nacional-1-1_optimized-1-705x397.jpg 705w, https:\/\/radiorevelacionfm.cl\/wp-content\/uploads\/2024\/04\/asamblea-nacional-1-1_optimized-1-450x253.jpg 450w, https:\/\/radiorevelacionfm.cl\/wp-content\/uploads\/2024\/04\/asamblea-nacional-1-1_optimized-1-600x338.jpg 600w\" sizes=\"(max-width: 1066px) 100vw, 1066px\" \/><\/div><\/div><\/div><\/div><div class=\"flex_column av_one_full  flex_column_div av-zero-column-padding first  avia-builder-el-2  el_after_av_one_full  el_before_av_one_full  column-top-margin\" style='border-radius:0px; '><section class=\"av_textblock_section \"  itemscope=\"itemscope\" itemtype=\"https:\/\/schema.org\/BlogPosting\" itemprop=\"blogPost\" ><div class='avia_textblock  '   itemprop=\"text\" ><p style=\"text-align: center;\"><strong><span style=\"font-size: 18pt;\">Con \u00e9nfasis en materias de seguridad, transparencia y probidad se realiz\u00f3 en Santiago Asamblea de Alcaldes y Alcaldesas<\/span><\/strong><\/p>\n<div id=\"gtx-trans\" style=\"position: absolute; left: -50px; top: 4.31534px;\">\n<div class=\"gtx-trans-icon\"><\/div>\n<\/div>\n<\/div><\/section><\/div><div class=\"flex_column av_one_full  flex_column_div av-zero-column-padding first  avia-builder-el-4  el_after_av_one_full  el_before_av_hr  column-top-margin\" style='border-radius:0px; '><section class=\"av_textblock_section \"  itemscope=\"itemscope\" itemtype=\"https:\/\/schema.org\/BlogPosting\" itemprop=\"blogPost\" ><div class='avia_textblock  '   itemprop=\"text\" ><p style=\"text-align: justify;\"><em>De la regi\u00f3n participaron en esta actividad los ediles de Ays\u00e9n, Coyhaique, Guaitecas, Cisnes y Tortel.<\/em><\/p>\n<p style=\"text-align: justify;\">En Santiago se llev\u00f3 a cabo una nueva Asamblea Nacional de Alcaldes y Alcaldesas, la actividad convocada por la Asociaci\u00f3n Chilena de Municipalidades tuvo gran asistencia, participando desde la regi\u00f3n los ediles de las comunas de Ays\u00e9n Julio Uribe, Coyhaique Carlos Gatica, Tortel Abel Becerra, Cisnes Francisco Roncagliolo y Guaitecas Marcos Silva.<\/p>\n<p style=\"text-align: justify;\">En este ampliado se abordaron materias relativas a seguridad p\u00fablica, transparencia y probidad.<\/p>\n<p style=\"text-align: justify;\">\u201cAgradecer la presencia de muchos alcaldes y alcaldesas de todo Chile y por supuesto de Ays\u00e9n que han estado en este congreso de alcaldes y alcaldesas de la Asociaci\u00f3n Chilena de Municipalidades, para relevar temas muy importantes para el municipalismo y destacar que son muchas las cosas que nos unen, respecto de temas que tenemos que abordar. Agradecer la presencia de todos y todas, nos llevamos muchas tareas, hartos conocimientos y temas que compartimos en esta oportunidad y que vamos a seguir trabajando como asociaci\u00f3n durante el a\u00f1o. Abordamos los temas de seguridad, probidad y transparencia, tambi\u00e9n la presencia del mundo rural, que ha querido destacar algunas tem\u00e1ticas en el \u00faltimo momento y todo lo que tiene que ver con los avances que el Presidente de la Republica nos transparent\u00f3, respecto, por ejemplo, del inicio del pago del royalty minero para la gran mayor\u00eda de las comunas de Chile, varios temas relevantes para el municipalismo y que ahora tenemos que empezar a ejercer, practicar y de alguna manera potenciar en nuestras comunas\u201d, se\u00f1al\u00f3 Carolina Leitao, presidenta de la Asociaci\u00f3n Chilena de Municipalidades.<\/p>\n<p style=\"text-align: justify;\">El Alcalde de la comuna de Ays\u00e9n, Julio Uribe, puso en valor la actividad realizada por los temas centrales que se abordaron y la posibilidad de compartir experiencias en torno al trabajo municipal con otros jefes comunales de Chile. \u201cTener la experiencia de alcaldes que ya est\u00e1n terminando sus periodos como los que venimos entrando, son muy importantes estas instancias, porque se han hecho talleres y charlas magistrales respecto a c\u00f3mo tienen que funcionar los municipios y creo que vamos por una muy buena senda, por un buen camino. Ha sido tambi\u00e9n importante para nosotros como mandatarios locales poder entregar nuestras experiencias, lo que hemos estado haciendo en materias como el apoyo al adulto mayor, producir nuestro propio alimento a trav\u00e9s de la oficina del campesino, que son programas donde el municipio ha innovado y hemos traspasado este conocimiento otras municipalidades\u201d.<\/p>\n<p style=\"text-align: justify;\">La Asamblea Nacional de Alcaldes y Alcaldesas cont\u00f3 con la presencia de las m\u00e1s altas autoridades del pa\u00eds, como el presidente de la Rep\u00fablica, Gabriel Boric, los ministros del comit\u00e9 pol\u00edtico, la contralora y el presidente del Consejo de la Transparencia, adem\u00e1s de algunos senadores y diputados.<\/p>\n<p style=\"text-align: justify;\">En su discurso, el primer mandatario anunci\u00f3 que este 12 de abril comenzar\u00e1n a transferirse los fondos de la nueva Ley de Royalty Minero, que corresponden a 93 mil 600 millones de pesos y que benefician a 307 comunas del pa\u00eds.<\/p>\n<\/div><\/section><\/div><div  style='height:50px' class='hr hr-invisible   avia-builder-el-6  el_after_av_one_full  el_before_av_social_share '><span class='hr-inner ' ><span class='hr-inner-style'><\/span><\/span><\/div><\/p>\n<div  class='av-social-sharing-box  avia-builder-el-7  el_after_av_hr  el_before_av_hr  '><div class='av-share-box'><h5 class='av-share-link-description av-no-toc '>Compartir esta noticia<\/h5><ul class='av-share-box-list noLightbox'><li class='av-share-link av-social-link-facebook' ><a target=\"_blank\" aria-label=\"Compartir en Facebook\" href='https:\/\/www.facebook.com\/sharer.php?u=https:\/\/radiorevelacionfm.cl\/?p=41097&#038;t=Con%20%C3%A9nfasis%20en%20materias%20de%20seguridad%2C%20transparencia%20y%20probidad%20se%20realiz%C3%B3%20en%20Santiago%20Asamblea%20de%20Alcaldes%20y%20Alcaldesas' aria-hidden='false' data-av_icon='\ue8f3' data-av_iconfont='entypo-fontello' title='' data-avia-related-tooltip='Compartir en Facebook' rel=\"noopener\"><span class='avia_hidden_link_text'>Compartir en Facebook<\/span><\/a><\/li><li class='av-share-link av-social-link-twitter' ><a target=\"_blank\" aria-label=\"Compartir en Twitter\" href='https:\/\/twitter.com\/share?text=Con%20%C3%A9nfasis%20en%20materias%20de%20seguridad%2C%20transparencia%20y%20probidad%20se%20realiz%C3%B3%20en%20Santiago%20Asamblea%20de%20Alcaldes%20y%20Alcaldesas&#038;url=https:\/\/radiorevelacionfm.cl\/?p=41097' aria-hidden='false' data-av_icon='\ue8f1' data-av_iconfont='entypo-fontello' title='' data-avia-related-tooltip='Compartir en Twitter' rel=\"noopener\"><span class='avia_hidden_link_text'>Compartir en Twitter<\/span><\/a><\/li><li class='av-share-link av-social-link-whatsapp' ><a target=\"_blank\" aria-label=\"Compartir en Whatsapp\" href='https:\/\/api.whatsapp.com\/send?text=https:\/\/radiorevelacionfm.cl\/?p=41097' aria-hidden='false' data-av_icon='\uf232' data-av_iconfont='entypo-fontello' title='' data-avia-related-tooltip='Compartir en Whatsapp' rel=\"noopener\"><span class='avia_hidden_link_text'>Compartir en Whatsapp<\/span><\/a><\/li><li class='av-share-link av-social-link-linkedin' ><a target=\"_blank\" aria-label=\"Compartir en LinkedIn\" href='https:\/\/linkedin.com\/shareArticle?mini=true&#038;title=Con%20%C3%A9nfasis%20en%20materias%20de%20seguridad%2C%20transparencia%20y%20probidad%20se%20realiz%C3%B3%20en%20Santiago%20Asamblea%20de%20Alcaldes%20y%20Alcaldesas&#038;url=https:\/\/radiorevelacionfm.cl\/?p=41097' aria-hidden='false' data-av_icon='\ue8fc' data-av_iconfont='entypo-fontello' title='' data-avia-related-tooltip='Compartir en LinkedIn' rel=\"noopener\"><span class='avia_hidden_link_text'>Compartir en LinkedIn<\/span><\/a><\/li><li class='av-share-link av-social-link-mail' ><a  aria-label=\"Compartir por correo\" href='mailto:?subject=Con%20%C3%A9nfasis%20en%20materias%20de%20seguridad%2C%20transparencia%20y%20probidad%20se%20realiz%C3%B3%20en%20Santiago%20Asamblea%20de%20Alcaldes%20y%20Alcaldesas&#038;body=https:\/\/radiorevelacionfm.cl\/?p=41097' aria-hidden='false' data-av_icon='\ue805' data-av_iconfont='entypo-fontello' title='' data-avia-related-tooltip='Compartir por correo'><span class='avia_hidden_link_text'>Compartir por correo<\/span><\/a><\/li><\/ul><\/div><\/div>\n<div  style='height:50px' class='hr hr-invisible   avia-builder-el-8  el_after_av_social_share  el_before_av_comments_list '><span class='hr-inner ' ><span class='hr-inner-style'><\/span><\/span><\/div>\n<div  class='av-buildercomment  av-blog-meta-html-info-disabled av-blog-meta-tag-disabled  '><\/div>\n","protected":false},"excerpt":{"rendered":"","protected":false},"author":1,"featured_media":41098,"comment_status":"open","ping_status":"open","sticky":false,"template":"","format":"standard","meta":{"footnotes":""},"categories":[38],"tags":[],"class_list":["post-41097","post","type-post","status-publish","format-standard","has-post-thumbnail","hentry","category-regional"],"jetpack_featured_media_url":"https:\/\/radiorevelacionfm.cl\/wp-content\/uploads\/2024\/04\/asamblea-nacional-1-1_optimized-1.jpg","_links":{"self":[{"href":"https:\/\/radiorevelacionfm.cl\/index.php?rest_route=\/wp\/v2\/posts\/41097","targetHints":{"allow":["GET"]}}],"collection":[{"href":"https:\/\/radiorevelacionfm.cl\/index.php?rest_route=\/wp\/v2\/posts"}],"about":[{"href":"https:\/\/radiorevelacionfm.cl\/index.php?rest_route=\/wp\/v2\/types\/post"}],"author":[{"embeddable":true,"href":"https:\/\/radiorevelacionfm.cl\/index.php?rest_route=\/wp\/v2\/users\/1"}],"replies":[{"embeddable":true,"href":"https:\/\/radiorevelacionfm.cl\/index.php?rest_route=%2Fwp%2Fv2%2Fcomments&post=41097"}],"version-history":[{"count":1,"href":"https:\/\/radiorevelacionfm.cl\/index.php?rest_route=\/wp\/v2\/posts\/41097\/revisions"}],"predecessor-version":[{"id":41099,"href":"https:\/\/radiorevelacionfm.cl\/index.php?rest_route=\/wp\/v2\/posts\/41097\/revisions\/41099"}],"wp:featuredmedia":[{"embeddable":true,"href":"https:\/\/radiorevelacionfm.cl\/index.php?rest_route=\/wp\/v2\/media\/41098"}],"wp:attachment":[{"href":"https:\/\/radiorevelacionfm.cl\/index.php?rest_route=%2Fwp%2Fv2%2Fmedia&parent=41097"}],"wp:term":[{"taxonomy":"category","embeddable":true,"href":"https:\/\/radiorevelacionfm.cl\/index.php?rest_route=%2Fwp%2Fv2%2Fcategories&post=41097"},{"taxonomy":"post_tag","embeddable":true,"href":"https:\/\/radiorevelacionfm.cl\/index.php?rest_route=%2Fwp%2Fv2%2Ftags&post=41097"}],"curies":[{"name":"wp","href":"https:\/\/api.w.org\/{rel}","templated":true}]}}