{"id":41094,"date":"2024-04-09T15:33:51","date_gmt":"2024-04-09T18:33:51","guid":{"rendered":"https:\/\/radiorevelacionfm.cl\/?p=41094"},"modified":"2024-04-09T15:33:51","modified_gmt":"2024-04-09T18:33:51","slug":"tras-conversatorio-de-energia-en-coyhaique-senador-sandoval-destaco-importancia-de-tramitar-ley-que-perfecciona-los-sistemas-medianos","status":"publish","type":"post","link":"https:\/\/radiorevelacionfm.cl\/?p=41094","title":{"rendered":"Tras conversatorio de Energ\u00eda en Coyhaique: Senador Sandoval destac\u00f3 importancia de tramitar ley que perfecciona los sistemas medianos"},"content":{"rendered":"<div class=\"flex_column av_one_full  flex_column_div av-zero-column-padding first  avia-builder-el-0  el_before_av_one_full  avia-builder-el-first  \" style='border-radius:0px; '><div  class='avia-image-container  av-styling-    avia-builder-el-1  avia-builder-el-no-sibling  avia-align-center '  itemprop=\"image\" itemscope=\"itemscope\" itemtype=\"https:\/\/schema.org\/ImageObject\"  ><div class='avia-image-container-inner'><div class='avia-image-overlay-wrap'><img decoding=\"async\" class='wp-image-41095 avia-img-lazy-loading-not-41095 avia_image' src=\"https:\/\/radiorevelacionfm.cl\/wp-content\/uploads\/2024\/04\/SENADOR-SANDOVAL-CON-SUBSECRETARIO-DE-ENERGIA-1-1.jpg\" alt='' title='SENADOR SANDOVAL CON SUBSECRETARIO DE ENERG\u00cdA (1) (1)' height=\"600\" width=\"881\"  itemprop=\"thumbnailUrl\" srcset=\"https:\/\/radiorevelacionfm.cl\/wp-content\/uploads\/2024\/04\/SENADOR-SANDOVAL-CON-SUBSECRETARIO-DE-ENERGIA-1-1.jpg 881w, https:\/\/radiorevelacionfm.cl\/wp-content\/uploads\/2024\/04\/SENADOR-SANDOVAL-CON-SUBSECRETARIO-DE-ENERGIA-1-1-300x204.jpg 300w, https:\/\/radiorevelacionfm.cl\/wp-content\/uploads\/2024\/04\/SENADOR-SANDOVAL-CON-SUBSECRETARIO-DE-ENERGIA-1-1-768x523.jpg 768w, https:\/\/radiorevelacionfm.cl\/wp-content\/uploads\/2024\/04\/SENADOR-SANDOVAL-CON-SUBSECRETARIO-DE-ENERGIA-1-1-705x480.jpg 705w, https:\/\/radiorevelacionfm.cl\/wp-content\/uploads\/2024\/04\/SENADOR-SANDOVAL-CON-SUBSECRETARIO-DE-ENERGIA-1-1-450x306.jpg 450w, https:\/\/radiorevelacionfm.cl\/wp-content\/uploads\/2024\/04\/SENADOR-SANDOVAL-CON-SUBSECRETARIO-DE-ENERGIA-1-1-600x409.jpg 600w\" sizes=\"(max-width: 881px) 100vw, 881px\" \/><\/div><\/div><\/div><\/div><div class=\"flex_column av_one_full  flex_column_div av-zero-column-padding first  avia-builder-el-2  el_after_av_one_full  el_before_av_one_full  column-top-margin\" style='border-radius:0px; '><section class=\"av_textblock_section \"  itemscope=\"itemscope\" itemtype=\"https:\/\/schema.org\/BlogPosting\" itemprop=\"blogPost\" ><div class='avia_textblock  '   itemprop=\"text\" ><p style=\"text-align: center;\"><strong><span style=\"font-size: 18pt;\">Tras conversatorio de Energ\u00eda en Coyhaique: Senador Sandoval destac\u00f3 importancia de tramitar ley que perfecciona los sistemas medianos <\/span><\/strong><\/p>\n<div id=\"gtx-trans\" style=\"position: absolute; left: -50px; top: 4.31534px;\">\n<div class=\"gtx-trans-icon\"><\/div>\n<\/div>\n<\/div><\/section><\/div><div class=\"flex_column av_one_full  flex_column_div av-zero-column-padding first  avia-builder-el-4  el_after_av_one_full  el_before_av_hr  column-top-margin\" style='border-radius:0px; '><section class=\"av_textblock_section \"  itemscope=\"itemscope\" itemtype=\"https:\/\/schema.org\/BlogPosting\" itemprop=\"blogPost\" ><div class='avia_textblock  '   itemprop=\"text\" ><p style=\"text-align: justify;\"><em>El Parlamentario record\u00f3 que la presentaci\u00f3n del proyecto fue un compromiso del Gobierno asumido durante discusi\u00f3n de Presupuesto 2024.<\/em><\/p>\n<p style=\"text-align: justify;\">El senador David Sandoval particip\u00f3 en los \u00faltimos d\u00edas en un conversatorio sobre el nuevo proyecto de ley sobre sistemas medianos, encabezado por el subsecretario de Energ\u00eda, Luis Felipe Ramos, para conocer alcances de esta iniciativa.<\/p>\n<p style=\"text-align: justify;\">Al respecto, Sandoval se\u00f1al\u00f3 que en Ays\u00e9n todo el sistema el\u00e9ctrico se genera a trav\u00e9s de un mecanismo de sistemas medianos, el cual a su juicio debe ser mejorado y perfeccionado \u201cporque tiene m\u00e1s de veinte a\u00f1os, considerando que hay muchos actores que quieren ingresan al sistema de generaci\u00f3n, mientras que hay otros sectores que no tienen conexi\u00f3n con ese sistema\u201d.<\/p>\n<p style=\"text-align: justify;\">Para el parlamentario tambi\u00e9n hay otro factor relevante que justifica a\u00fan m\u00e1s esta nueva ley: \u201cNo tenemos toda la generaci\u00f3n el\u00e9ctrica que la regi\u00f3n necesita\u201d, lo que ejemplific\u00f3 con el nuevo hospital de Chile Chico y los problemas que al respecto tiene. \u201cEsta ley lo que busca es corregir estas distorsiones, o sea generar los espacios para estimular la instalaci\u00f3n de otros proyectos\u201d, agreg\u00f3.<\/p>\n<p style=\"text-align: justify;\">Asimismo, el legislador record\u00f3 el largo proceso que ha tenido la presentaci\u00f3n de esta iniciativa, la cual fue hab\u00eda sido insistentemente planteada por Sandoval desde el gobierno del expresidente Sebasti\u00e1n Pi\u00f1era. \u201cEl ex ministro (Juan Carlos) Jobet fue con quien primero empezamos a trabajar este tema, pero no se logr\u00f3 presentar el proyecto en esa administraci\u00f3n; con el ministro (Diego) Pardow volvimos a plantearlo junto con la senadora Ximena \u00d3rdenes, acci\u00f3n que hacemos en conjunto pues entendemos que la energ\u00eda es un problema de la regi\u00f3n\u201d, indic\u00f3, se\u00f1alando que finalmente durante la tramitaci\u00f3n presupuestaria para el a\u00f1o 2024 se logr\u00f3 el compromiso del ministerio de Energ\u00eda para que se ingresara este proyecto. \u201cY hoy el proyecto est\u00e1 ingresado a su tramitaci\u00f3n legislativa\u201d, destac\u00f3.<\/p>\n<p style=\"text-align: justify;\">En esa l\u00ednea, el senador Sandoval valor\u00f3 la importancia de la propuesta, planteando que con ella \u201cse pueden mejorar sustantivamente los servicios que se est\u00e1n entregando, mejorar la oferta, ampliar la posibilidad de incorporar a otros actores, enfatizar en las energ\u00edas renovables no convencionales y en definitiva resolver un d\u00e9ficit que tenemos en la regi\u00f3n de Ays\u00e9n, como es la ausencia de energ\u00eda para procesos productivos\u201d.<\/p>\n<p style=\"text-align: justify;\">\u201cReiterar mis felicitaciones al ministerio de Energ\u00eda por el cumplimiento del compromiso y esperamos que el tr\u00e1mite legislativo se inicie a la brevedad posible en un proyecto tan relevante para la regi\u00f3n de Ays\u00e9n\u201d, concluy\u00f3.<\/p>\n<\/div><\/section><\/div><div  style='height:50px' class='hr hr-invisible   avia-builder-el-6  el_after_av_one_full  el_before_av_social_share '><span class='hr-inner ' ><span class='hr-inner-style'><\/span><\/span><\/div><\/p>\n<div  class='av-social-sharing-box  avia-builder-el-7  el_after_av_hr  el_before_av_hr  '><div class='av-share-box'><h5 class='av-share-link-description av-no-toc '>Compartir esta noticia<\/h5><ul class='av-share-box-list noLightbox'><li class='av-share-link av-social-link-facebook' ><a target=\"_blank\" aria-label=\"Compartir en Facebook\" href='https:\/\/www.facebook.com\/sharer.php?u=https:\/\/radiorevelacionfm.cl\/?p=41094&#038;t=Tras%20conversatorio%20de%20Energ%C3%ADa%20en%20Coyhaique%3A%20Senador%20Sandoval%20destac%C3%B3%20importancia%20de%20tramitar%20ley%20que%20perfecciona%20los%20sistemas%20medianos' aria-hidden='false' data-av_icon='\ue8f3' data-av_iconfont='entypo-fontello' title='' data-avia-related-tooltip='Compartir en Facebook' rel=\"noopener\"><span class='avia_hidden_link_text'>Compartir en Facebook<\/span><\/a><\/li><li class='av-share-link av-social-link-twitter' ><a target=\"_blank\" aria-label=\"Compartir en Twitter\" href='https:\/\/twitter.com\/share?text=Tras%20conversatorio%20de%20Energ%C3%ADa%20en%20Coyhaique%3A%20Senador%20Sandoval%20destac%C3%B3%20importancia%20de%20tramitar%20ley%20que%20perfecciona%20los%20sistemas%20medianos&#038;url=https:\/\/radiorevelacionfm.cl\/?p=41094' aria-hidden='false' data-av_icon='\ue8f1' data-av_iconfont='entypo-fontello' title='' data-avia-related-tooltip='Compartir en Twitter' rel=\"noopener\"><span class='avia_hidden_link_text'>Compartir en Twitter<\/span><\/a><\/li><li class='av-share-link av-social-link-whatsapp' ><a target=\"_blank\" aria-label=\"Compartir en Whatsapp\" href='https:\/\/api.whatsapp.com\/send?text=https:\/\/radiorevelacionfm.cl\/?p=41094' aria-hidden='false' data-av_icon='\uf232' data-av_iconfont='entypo-fontello' title='' data-avia-related-tooltip='Compartir en Whatsapp' rel=\"noopener\"><span class='avia_hidden_link_text'>Compartir en Whatsapp<\/span><\/a><\/li><li class='av-share-link av-social-link-linkedin' ><a target=\"_blank\" aria-label=\"Compartir en LinkedIn\" href='https:\/\/linkedin.com\/shareArticle?mini=true&#038;title=Tras%20conversatorio%20de%20Energ%C3%ADa%20en%20Coyhaique%3A%20Senador%20Sandoval%20destac%C3%B3%20importancia%20de%20tramitar%20ley%20que%20perfecciona%20los%20sistemas%20medianos&#038;url=https:\/\/radiorevelacionfm.cl\/?p=41094' aria-hidden='false' data-av_icon='\ue8fc' data-av_iconfont='entypo-fontello' title='' data-avia-related-tooltip='Compartir en LinkedIn' rel=\"noopener\"><span class='avia_hidden_link_text'>Compartir en LinkedIn<\/span><\/a><\/li><li class='av-share-link av-social-link-mail' ><a  aria-label=\"Compartir por correo\" href='mailto:?subject=Tras%20conversatorio%20de%20Energ%C3%ADa%20en%20Coyhaique%3A%20Senador%20Sandoval%20destac%C3%B3%20importancia%20de%20tramitar%20ley%20que%20perfecciona%20los%20sistemas%20medianos&#038;body=https:\/\/radiorevelacionfm.cl\/?p=41094' aria-hidden='false' data-av_icon='\ue805' data-av_iconfont='entypo-fontello' title='' data-avia-related-tooltip='Compartir por correo'><span class='avia_hidden_link_text'>Compartir por correo<\/span><\/a><\/li><\/ul><\/div><\/div>\n<div  style='height:50px' class='hr hr-invisible   avia-builder-el-8  el_after_av_social_share  el_before_av_comments_list '><span class='hr-inner ' ><span class='hr-inner-style'><\/span><\/span><\/div>\n<div  class='av-buildercomment  av-blog-meta-html-info-disabled av-blog-meta-tag-disabled  '><\/div>\n","protected":false},"excerpt":{"rendered":"","protected":false},"author":1,"featured_media":41095,"comment_status":"open","ping_status":"open","sticky":false,"template":"","format":"standard","meta":{"footnotes":""},"categories":[35],"tags":[],"class_list":["post-41094","post","type-post","status-publish","format-standard","has-post-thumbnail","hentry","category-politica"],"jetpack_featured_media_url":"https:\/\/radiorevelacionfm.cl\/wp-content\/uploads\/2024\/04\/SENADOR-SANDOVAL-CON-SUBSECRETARIO-DE-ENERGIA-1-1.jpg","_links":{"self":[{"href":"https:\/\/radiorevelacionfm.cl\/index.php?rest_route=\/wp\/v2\/posts\/41094","targetHints":{"allow":["GET"]}}],"collection":[{"href":"https:\/\/radiorevelacionfm.cl\/index.php?rest_route=\/wp\/v2\/posts"}],"about":[{"href":"https:\/\/radiorevelacionfm.cl\/index.php?rest_route=\/wp\/v2\/types\/post"}],"author":[{"embeddable":true,"href":"https:\/\/radiorevelacionfm.cl\/index.php?rest_route=\/wp\/v2\/users\/1"}],"replies":[{"embeddable":true,"href":"https:\/\/radiorevelacionfm.cl\/index.php?rest_route=%2Fwp%2Fv2%2Fcomments&post=41094"}],"version-history":[{"count":1,"href":"https:\/\/radiorevelacionfm.cl\/index.php?rest_route=\/wp\/v2\/posts\/41094\/revisions"}],"predecessor-version":[{"id":41096,"href":"https:\/\/radiorevelacionfm.cl\/index.php?rest_route=\/wp\/v2\/posts\/41094\/revisions\/41096"}],"wp:featuredmedia":[{"embeddable":true,"href":"https:\/\/radiorevelacionfm.cl\/index.php?rest_route=\/wp\/v2\/media\/41095"}],"wp:attachment":[{"href":"https:\/\/radiorevelacionfm.cl\/index.php?rest_route=%2Fwp%2Fv2%2Fmedia&parent=41094"}],"wp:term":[{"taxonomy":"category","embeddable":true,"href":"https:\/\/radiorevelacionfm.cl\/index.php?rest_route=%2Fwp%2Fv2%2Fcategories&post=41094"},{"taxonomy":"post_tag","embeddable":true,"href":"https:\/\/radiorevelacionfm.cl\/index.php?rest_route=%2Fwp%2Fv2%2Ftags&post=41094"}],"curies":[{"name":"wp","href":"https:\/\/api.w.org\/{rel}","templated":true}]}}