{"id":41091,"date":"2024-04-09T11:14:12","date_gmt":"2024-04-09T14:14:12","guid":{"rendered":"https:\/\/radiorevelacionfm.cl\/?p=41091"},"modified":"2024-04-09T11:14:12","modified_gmt":"2024-04-09T14:14:12","slug":"presentan-proyecto-de-ley-que-moderniza-los-sistemas-medianos-del-suministro-electrico-en-aysen","status":"publish","type":"post","link":"https:\/\/radiorevelacionfm.cl\/?p=41091","title":{"rendered":"Presentan proyecto de ley que moderniza los sistemas medianos del suministro el\u00e9ctrico en Ays\u00e9n"},"content":{"rendered":"<div class=\"flex_column av_one_full  flex_column_div av-zero-column-padding first  avia-builder-el-0  el_before_av_one_full  avia-builder-el-first  \" style='border-radius:0px; '><div  class='avia-image-container  av-styling-    avia-builder-el-1  avia-builder-el-no-sibling  avia-align-center '  itemprop=\"image\" itemscope=\"itemscope\" itemtype=\"https:\/\/schema.org\/ImageObject\"  ><div class='avia-image-container-inner'><div class='avia-image-overlay-wrap'><img decoding=\"async\" class='wp-image-41092 avia-img-lazy-loading-not-41092 avia_image' src=\"https:\/\/radiorevelacionfm.cl\/wp-content\/uploads\/2024\/04\/IMG_5867-1-1-1.jpg\" alt='' title='IMG_5867 (1) (1) (1)' height=\"600\" width=\"884\"  itemprop=\"thumbnailUrl\" srcset=\"https:\/\/radiorevelacionfm.cl\/wp-content\/uploads\/2024\/04\/IMG_5867-1-1-1.jpg 884w, https:\/\/radiorevelacionfm.cl\/wp-content\/uploads\/2024\/04\/IMG_5867-1-1-1-300x204.jpg 300w, https:\/\/radiorevelacionfm.cl\/wp-content\/uploads\/2024\/04\/IMG_5867-1-1-1-768x521.jpg 768w, https:\/\/radiorevelacionfm.cl\/wp-content\/uploads\/2024\/04\/IMG_5867-1-1-1-705x479.jpg 705w, https:\/\/radiorevelacionfm.cl\/wp-content\/uploads\/2024\/04\/IMG_5867-1-1-1-450x305.jpg 450w, https:\/\/radiorevelacionfm.cl\/wp-content\/uploads\/2024\/04\/IMG_5867-1-1-1-600x407.jpg 600w\" sizes=\"(max-width: 884px) 100vw, 884px\" \/><\/div><\/div><\/div><\/div><div class=\"flex_column av_one_full  flex_column_div av-zero-column-padding first  avia-builder-el-2  el_after_av_one_full  el_before_av_one_full  column-top-margin\" style='border-radius:0px; '><section class=\"av_textblock_section \"  itemscope=\"itemscope\" itemtype=\"https:\/\/schema.org\/BlogPosting\" itemprop=\"blogPost\" ><div class='avia_textblock  '   itemprop=\"text\" ><p style=\"text-align: center;\"><strong><span style=\"font-size: 18pt;\">Presentan proyecto de ley que moderniza los sistemas medianos del suministro el\u00e9ctrico en Ays\u00e9n<\/span><\/strong><\/p>\n<div id=\"gtx-trans\" style=\"position: absolute; left: -50px; top: 4.31534px;\">\n<div class=\"gtx-trans-icon\"><\/div>\n<\/div>\n<\/div><\/section><\/div><div class=\"flex_column av_one_full  flex_column_div av-zero-column-padding first  avia-builder-el-4  el_after_av_one_full  el_before_av_hr  column-top-margin\" style='border-radius:0px; '><section class=\"av_textblock_section \"  itemscope=\"itemscope\" itemtype=\"https:\/\/schema.org\/BlogPosting\" itemprop=\"blogPost\" ><div class='avia_textblock  '   itemprop=\"text\" ><p style=\"text-align: justify;\"><em>La iniciativa, que se encuentra en su primer tr\u00e1mite legislativo, moderniza y ajusta la regulaci\u00f3n de los sistemas medianos, que est\u00e1n presentes en las regiones de Los Lagos, Ays\u00e9n y Magallanes. <\/em><\/p>\n<p style=\"text-align: justify;\">Hasta la comuna de Coyhaique lleg\u00f3 el subsecretario de Energ\u00eda, Luis Felipe Ramos, para presentar el proyecto de ley que moderniza la Ley General de Servicios El\u00e9ctricos y moderniza los sistemas medianos, impulsada por el Ejecutivo.<\/p>\n<p style=\"text-align: justify;\">Este proyecto de ley, que ya fue ingresado al Congreso y espera una pronta tramitaci\u00f3n, se abord\u00f3 con los parlamentarios de la zona, autoridades locales y representantes del sector privado.<\/p>\n<p style=\"text-align: justify;\">El subsecretario Ramos destac\u00f3 el impacto que tiene esta iniciativa en la poblaci\u00f3n de las regiones m\u00e1s australes del pa\u00eds, y se\u00f1al\u00f3 que \u201cviene a proponer una mayor equidad tarifaria respecto al Sistema El\u00e9ctrico Nacional estableciendo medidas de compensaci\u00f3n para que el desajuste entre las tarifas de uno y otro sistema no sean tan altas, y tambi\u00e9n promover la penetraci\u00f3n de las energ\u00edas renovables y de almacenamiento en la planificaci\u00f3n y expansi\u00f3n de los sistemas medianos\u201d.<\/p>\n<p style=\"text-align: justify;\">Asimismo, destac\u00f3 que \u201cqueremos que la energ\u00eda sea m\u00e1s accesible, que tenga mejores condiciones, con un r\u00e9gimen tarifario m\u00e1s justo y que se incorpore a los sistemas medianos a nuestra pol\u00edtica de transici\u00f3n energ\u00e9tica, para as\u00ed lograr la meta de carbono neutralidad a 2050\u201d.<\/p>\n<p style=\"text-align: justify;\">En la jornada particip\u00f3 tambi\u00e9n el senador David Sandoval, quien asegur\u00f3 que \u201ceste proyecto puede ayudar a mejorar sustantivamente los servicios que se entregan, mejorar la oferta, ampliar la posibilidad de incorporar otros actores y enfatizar en las energ\u00edas renovables no convencionales y, en definitiva, resolver uno de los d\u00e9ficit de la regi\u00f3n de Ays\u00e9n, que es la falta de energ\u00eda para procesos productivos\u201d.<\/p>\n<p style=\"text-align: justify;\">Por su parte, la seremi de Gobierno de la regi\u00f3n, Tatiana Pl\u00e1, valor\u00f3 la presencia del subsecretario de Energ\u00eda en la zona para explicar a las autoridades y el sector privado este proyecto de ley, y destac\u00f3 las palabras del senador Sandoval. \u201cEstamos muy contentos. El subsecretario Ramos ha destacado c\u00f3mo ser\u00e1 el trabajo legislativo con el cual esperamos que este a\u00f1o podamos tener aprobado este proyecto y el apoyo que ha tenido de nuestros senadores Sandoval y \u00d3rdenes. El senador Sandoval ha valorado c\u00f3mo nuestro gobierno le ha dado importancia a este proyecto que fue presentado y esperamos que termine su tramitaci\u00f3n en la C\u00e1mara, para estar luego de septiembre en el Senado, donde sabemos que tenemos el apoyo de nuestros senadores\u201d, sostuvo.<\/p>\n<p style=\"text-align: justify;\">La propuesta busca modernizar y ajustar la regulaci\u00f3n de los sistemas medianos, para que puedan sumarse eficazmente a la transici\u00f3n energ\u00e9tica y a la mayor promoci\u00f3n de las energ\u00edas renovables no convencionales en el contexto actual, as\u00ed como el fomento de los sistemas de almacenamiento.<\/p>\n<p style=\"text-align: justify;\">Por otra parte, la iniciativa ajusta el proceso de planificaci\u00f3n y tarificaci\u00f3n estableciendo a nivel legal instancias de participaci\u00f3n ciudadana.<\/p>\n<\/div><\/section><\/div><div  style='height:50px' class='hr hr-invisible   avia-builder-el-6  el_after_av_one_full  el_before_av_social_share '><span class='hr-inner ' ><span class='hr-inner-style'><\/span><\/span><\/div><\/p>\n<div  class='av-social-sharing-box  avia-builder-el-7  el_after_av_hr  el_before_av_hr  '><div class='av-share-box'><h5 class='av-share-link-description av-no-toc '>Compartir esta noticia<\/h5><ul class='av-share-box-list noLightbox'><li class='av-share-link av-social-link-facebook' ><a target=\"_blank\" aria-label=\"Compartir en Facebook\" href='https:\/\/www.facebook.com\/sharer.php?u=https:\/\/radiorevelacionfm.cl\/?p=41091&#038;t=Presentan%20proyecto%20de%20ley%20que%20moderniza%20los%20sistemas%20medianos%20del%20suministro%20el%C3%A9ctrico%20en%20Ays%C3%A9n' aria-hidden='false' data-av_icon='\ue8f3' data-av_iconfont='entypo-fontello' title='' data-avia-related-tooltip='Compartir en Facebook' rel=\"noopener\"><span class='avia_hidden_link_text'>Compartir en Facebook<\/span><\/a><\/li><li class='av-share-link av-social-link-twitter' ><a target=\"_blank\" aria-label=\"Compartir en Twitter\" href='https:\/\/twitter.com\/share?text=Presentan%20proyecto%20de%20ley%20que%20moderniza%20los%20sistemas%20medianos%20del%20suministro%20el%C3%A9ctrico%20en%20Ays%C3%A9n&#038;url=https:\/\/radiorevelacionfm.cl\/?p=41091' aria-hidden='false' data-av_icon='\ue8f1' data-av_iconfont='entypo-fontello' title='' data-avia-related-tooltip='Compartir en Twitter' rel=\"noopener\"><span class='avia_hidden_link_text'>Compartir en Twitter<\/span><\/a><\/li><li class='av-share-link av-social-link-whatsapp' ><a target=\"_blank\" aria-label=\"Compartir en Whatsapp\" href='https:\/\/api.whatsapp.com\/send?text=https:\/\/radiorevelacionfm.cl\/?p=41091' aria-hidden='false' data-av_icon='\uf232' data-av_iconfont='entypo-fontello' title='' data-avia-related-tooltip='Compartir en Whatsapp' rel=\"noopener\"><span class='avia_hidden_link_text'>Compartir en Whatsapp<\/span><\/a><\/li><li class='av-share-link av-social-link-linkedin' ><a target=\"_blank\" aria-label=\"Compartir en LinkedIn\" href='https:\/\/linkedin.com\/shareArticle?mini=true&#038;title=Presentan%20proyecto%20de%20ley%20que%20moderniza%20los%20sistemas%20medianos%20del%20suministro%20el%C3%A9ctrico%20en%20Ays%C3%A9n&#038;url=https:\/\/radiorevelacionfm.cl\/?p=41091' aria-hidden='false' data-av_icon='\ue8fc' data-av_iconfont='entypo-fontello' title='' data-avia-related-tooltip='Compartir en LinkedIn' rel=\"noopener\"><span class='avia_hidden_link_text'>Compartir en LinkedIn<\/span><\/a><\/li><li class='av-share-link av-social-link-mail' ><a  aria-label=\"Compartir por correo\" href='mailto:?subject=Presentan%20proyecto%20de%20ley%20que%20moderniza%20los%20sistemas%20medianos%20del%20suministro%20el%C3%A9ctrico%20en%20Ays%C3%A9n&#038;body=https:\/\/radiorevelacionfm.cl\/?p=41091' aria-hidden='false' data-av_icon='\ue805' data-av_iconfont='entypo-fontello' title='' data-avia-related-tooltip='Compartir por correo'><span class='avia_hidden_link_text'>Compartir por correo<\/span><\/a><\/li><\/ul><\/div><\/div>\n<div  style='height:50px' class='hr hr-invisible   avia-builder-el-8  el_after_av_social_share  el_before_av_comments_list '><span class='hr-inner ' ><span class='hr-inner-style'><\/span><\/span><\/div>\n<div  class='av-buildercomment  av-blog-meta-html-info-disabled av-blog-meta-tag-disabled  '><\/div>\n","protected":false},"excerpt":{"rendered":"","protected":false},"author":1,"featured_media":41092,"comment_status":"open","ping_status":"open","sticky":false,"template":"","format":"standard","meta":{"footnotes":""},"categories":[38],"tags":[],"class_list":["post-41091","post","type-post","status-publish","format-standard","has-post-thumbnail","hentry","category-regional"],"jetpack_featured_media_url":"https:\/\/radiorevelacionfm.cl\/wp-content\/uploads\/2024\/04\/IMG_5867-1-1-1.jpg","_links":{"self":[{"href":"https:\/\/radiorevelacionfm.cl\/index.php?rest_route=\/wp\/v2\/posts\/41091","targetHints":{"allow":["GET"]}}],"collection":[{"href":"https:\/\/radiorevelacionfm.cl\/index.php?rest_route=\/wp\/v2\/posts"}],"about":[{"href":"https:\/\/radiorevelacionfm.cl\/index.php?rest_route=\/wp\/v2\/types\/post"}],"author":[{"embeddable":true,"href":"https:\/\/radiorevelacionfm.cl\/index.php?rest_route=\/wp\/v2\/users\/1"}],"replies":[{"embeddable":true,"href":"https:\/\/radiorevelacionfm.cl\/index.php?rest_route=%2Fwp%2Fv2%2Fcomments&post=41091"}],"version-history":[{"count":1,"href":"https:\/\/radiorevelacionfm.cl\/index.php?rest_route=\/wp\/v2\/posts\/41091\/revisions"}],"predecessor-version":[{"id":41093,"href":"https:\/\/radiorevelacionfm.cl\/index.php?rest_route=\/wp\/v2\/posts\/41091\/revisions\/41093"}],"wp:featuredmedia":[{"embeddable":true,"href":"https:\/\/radiorevelacionfm.cl\/index.php?rest_route=\/wp\/v2\/media\/41092"}],"wp:attachment":[{"href":"https:\/\/radiorevelacionfm.cl\/index.php?rest_route=%2Fwp%2Fv2%2Fmedia&parent=41091"}],"wp:term":[{"taxonomy":"category","embeddable":true,"href":"https:\/\/radiorevelacionfm.cl\/index.php?rest_route=%2Fwp%2Fv2%2Fcategories&post=41091"},{"taxonomy":"post_tag","embeddable":true,"href":"https:\/\/radiorevelacionfm.cl\/index.php?rest_route=%2Fwp%2Fv2%2Ftags&post=41091"}],"curies":[{"name":"wp","href":"https:\/\/api.w.org\/{rel}","templated":true}]}}