{"id":41088,"date":"2024-04-09T11:29:45","date_gmt":"2024-04-09T14:29:45","guid":{"rendered":"https:\/\/radiorevelacionfm.cl\/?p=41088"},"modified":"2024-04-09T11:29:45","modified_gmt":"2024-04-09T14:29:45","slug":"invitan-a-charlas-sobre-el-derecho-a-seguridad-social-y-educacion-previsional","status":"publish","type":"post","link":"https:\/\/radiorevelacionfm.cl\/?p=41088","title":{"rendered":"Invitan a charlas sobre el derecho a seguridad social y educaci\u00f3n previsional"},"content":{"rendered":"<div class=\"flex_column av_one_full  flex_column_div av-zero-column-padding first  avia-builder-el-0  el_before_av_one_full  avia-builder-el-first  \" style='border-radius:0px; '><div  class='avia-image-container  av-styling-    avia-builder-el-1  avia-builder-el-no-sibling  avia-align-center '  itemprop=\"image\" itemscope=\"itemscope\" itemtype=\"https:\/\/schema.org\/ImageObject\"  ><div class='avia-image-container-inner'><div class='avia-image-overlay-wrap'><img decoding=\"async\" class='wp-image-41089 avia-img-lazy-loading-not-41089 avia_image' src=\"https:\/\/radiorevelacionfm.cl\/wp-content\/uploads\/2024\/04\/SeremiTrabyPrevSoc_Charla-A-1-1.jpg\" alt='' title='SeremiTrabyPrevSoc_Charla A (1) (1)' height=\"600\" width=\"800\"  itemprop=\"thumbnailUrl\" srcset=\"https:\/\/radiorevelacionfm.cl\/wp-content\/uploads\/2024\/04\/SeremiTrabyPrevSoc_Charla-A-1-1.jpg 800w, https:\/\/radiorevelacionfm.cl\/wp-content\/uploads\/2024\/04\/SeremiTrabyPrevSoc_Charla-A-1-1-300x225.jpg 300w, https:\/\/radiorevelacionfm.cl\/wp-content\/uploads\/2024\/04\/SeremiTrabyPrevSoc_Charla-A-1-1-768x576.jpg 768w, https:\/\/radiorevelacionfm.cl\/wp-content\/uploads\/2024\/04\/SeremiTrabyPrevSoc_Charla-A-1-1-705x529.jpg 705w, https:\/\/radiorevelacionfm.cl\/wp-content\/uploads\/2024\/04\/SeremiTrabyPrevSoc_Charla-A-1-1-450x338.jpg 450w, https:\/\/radiorevelacionfm.cl\/wp-content\/uploads\/2024\/04\/SeremiTrabyPrevSoc_Charla-A-1-1-600x450.jpg 600w\" sizes=\"(max-width: 800px) 100vw, 800px\" \/><\/div><\/div><\/div><\/div><div class=\"flex_column av_one_full  flex_column_div av-zero-column-padding first  avia-builder-el-2  el_after_av_one_full  el_before_av_one_full  column-top-margin\" style='border-radius:0px; '><section class=\"av_textblock_section \"  itemscope=\"itemscope\" itemtype=\"https:\/\/schema.org\/BlogPosting\" itemprop=\"blogPost\" ><div class='avia_textblock  '   itemprop=\"text\" ><p style=\"text-align: center;\"><strong><span style=\"font-size: 18pt;\">Invitan a charlas sobre el derecho a seguridad social y educaci\u00f3n previsional<\/span><\/strong><\/p>\n<div id=\"gtx-trans\" style=\"position: absolute; left: -50px; top: 4.31534px;\">\n<div class=\"gtx-trans-icon\"><\/div>\n<\/div>\n<\/div><\/section><\/div><div class=\"flex_column av_one_full  flex_column_div av-zero-column-padding first  avia-builder-el-4  el_after_av_one_full  el_before_av_hr  column-top-margin\" style='border-radius:0px; '><section class=\"av_textblock_section \"  itemscope=\"itemscope\" itemtype=\"https:\/\/schema.org\/BlogPosting\" itemprop=\"blogPost\" ><div class='avia_textblock  '   itemprop=\"text\" ><p class=\"v1gmail-xmsonormal\" style=\"text-align: justify;\"><em>Charlas informativas dirigidas a sindicatos, mujeres, migrantes, estudiantes y comunidad en general se est\u00e1n coordinando para esta semana en Balmaceda, Coyhaique, Puerto Ib\u00e1\u00f1ez, Puerto Ays\u00e9n y Puerto Chacabuco, parte del despliegue de educaci\u00f3n previsional, en el contexto de los 100 a\u00f1os de Seguridad Social en Chile.<\/em><\/p>\n<p class=\"v1MsoNormal\" style=\"text-align: justify;\">Con el prop\u00f3sito de informar sobre los derechos previsionales y seguridad social que tienen las y los trabajadores en distintas etapas de su vida y condiciones laborales, la Secretar\u00eda Regional Ministerial del Trabajo y Previsi\u00f3n Social Ays\u00e9n est\u00e1 coordinando una serie de charlas con convocatoria abiertas y cerradas seg\u00fan el p\u00fablico a quienes est\u00e1n dirigidas.<\/p>\n<p class=\"v1MsoNormal\" style=\"text-align: justify;\">El Seremi de Trabajo y Previsi\u00f3n Social, Rodrigo D\u00edaz Cordaro, coment\u00f3 sobre esta iniciativa, \u00abEste a\u00f1o se cumplen 100 a\u00f1os de la Seguridad Social en Chile y para nosotros es fundamental, como Gobierno del Presidente Gabriel Boric, informar a las y los trabajadores y a la comunidad en general, sobre sus derechos previsionales. Esto es, conocer las distintas coberturas, requisitos y beneficios que tienen al tener un contrato de trabajo, al estar formalmente trabajando. Lo m\u00e1s conocido son las pensiones, pero es muy importante que conozcan que toda persona que trabaja y cotiza tiene derecho por la Ley 16.744 al seguro contra accidentes del trabajo y enfermedades profesionales, que es un seguro social que protege a los trabajadores dependientes e independientes que cotizan, tambi\u00e9n est\u00e1 la Ley Sanna, el seguro de cesant\u00eda, entre otros y que son desconocidos muchas veces o no se sabe c\u00f3mo hacerlos operativos y para qu\u00e9 sirven. Eso es muy importante, que las y los trabajadores estemos informados de nuestros derechos en todas las materias. Los invitamos a sumarse a las charlas abiertas\u00bb, explic\u00f3.<\/p>\n<p class=\"v1MsoNormal\" style=\"text-align: justify;\">\u00abQueremos que las personas se informen y conozcan los temas t\u00e9cnicos. De igual manera, estar\u00e9 presente en las charlas, para aclarar las dudas que tambi\u00e9n existen y los mitos sobre la Reforma de Pensiones, ya que surgen temas relacionados con las pensiones como parte de la seguridad social\u00bb, puntualiz\u00f3 el Seremi Rodrigo D\u00edaz.<\/p>\n<p class=\"v1MsoNormal\" style=\"text-align: justify;\">Para realizar estas charlas, se desplegar\u00e1n junto al equipo de la serem\u00eda, dos profesionales de la Unidad de Educaci\u00f3n Previsional de la Subsecretar\u00eda de Previsi\u00f3n Social. Esta unidad tiene por objetivo contribuir en la difusi\u00f3n del derecho a la seguridad social tanto en su ejercicio como en sus principios, entendiendo la Seguridad Social como la protecci\u00f3n que una sociedad proporciona a los individuos y los hogares para asegurar el acceso a distintas contingencias para garantizar la seguridad del ingreso, proponiendo el fortalecimiento de la cultura previsional de las personas, con el prop\u00f3sito de que estas se transformen en sujetos activos y conocedores del sistema previsional, sus distintas coberturas, requisitos y beneficios.<\/p>\n<p class=\"v1MsoNormal\" style=\"text-align: justify;\">Los contenidos previsionales que se abordan en estas charlas son la Historia de la Seguridad Social en Chile, Sistema Previsional Chileno, Mujeres y Sistema Previsional, Incorporaci\u00f3n a los diferentes reg\u00edmenes de Seguridad Social de las personas trabajadoras que emiten boleta de honorarios, Educaci\u00f3n Previsional para personas Migrantes, Tipos y Modalidades de Pensi\u00f3n, J\u00f3venes y Sistema Previsional chileno.<\/p>\n<p class=\"v1MsoNormal\" style=\"text-align: justify;\">El despliegue se realizar\u00e1 en Balmaceda, Coyhaique, Puerto Ib\u00e1\u00f1ez, Puerto Ays\u00e9n y Puerto Chacabuco, siendo algunas charlas cerradas a estudiantes de liceos t\u00e9cnicos y del CFT Estatal Ays\u00e9n, a trabajadores y trabajadoras del Sindicato de Estibadores y Ultraport, Sindicato de trabajadores de Mowi, estudiantes de la Universidad Austral de Chile, usuarias de PRODEMU, entre otras.<\/p>\n<p class=\"v1MsoNormal\" style=\"text-align: justify;\">De igual modo, se invita a quienes est\u00e9n interesados a las siguientes charlas abiertas:\u00a0<b>\u00abSistema Previsional Chileno y Migrante\u00bb<\/b>\u00a0que se realizar\u00e1 el martes 09 de abril a las 19:00 en dependencias de Sence, Condell 141, Coyhaique, coordinado con la Mesa Apoyo Migrante;\u00a0<b>\u00abMujeres y Sistema previsional, medidas de equidad de g\u00e9nero\u00bb<\/b>, que se desarrollar\u00e1 en la casa comunitaria de Balmaceda, el mi\u00e9rcoles 10 de abril a las 10:00, coordinada con el sindicato de \u00e1reas verdes pero abierta a toda la comunidad;\u00a0<b>\u00abIncorporaci\u00f3n a los diferentes reg\u00edmenes de la previsi\u00f3n social a los trabajadores que emiten boletas de honorarios\u00bb<\/b>, que se desarrollar\u00e1 el mi\u00e9rcoles 10 de abril a las 15:00 hrs. en la sala de la 1era comisar\u00eda de Coyhaique, bajo el contexto de la realizaci\u00f3n del proceso de Operaci\u00f3n Renta para este mes de abril 2024.<\/p>\n<\/div><\/section><\/div><div  style='height:50px' class='hr hr-invisible   avia-builder-el-6  el_after_av_one_full  el_before_av_social_share '><span class='hr-inner ' ><span class='hr-inner-style'><\/span><\/span><\/div><\/p>\n<div  class='av-social-sharing-box  avia-builder-el-7  el_after_av_hr  el_before_av_hr  '><div class='av-share-box'><h5 class='av-share-link-description av-no-toc '>Compartir esta noticia<\/h5><ul class='av-share-box-list noLightbox'><li class='av-share-link av-social-link-facebook' ><a target=\"_blank\" aria-label=\"Compartir en Facebook\" href='https:\/\/www.facebook.com\/sharer.php?u=https:\/\/radiorevelacionfm.cl\/?p=41088&#038;t=Invitan%20a%20charlas%20sobre%20el%20derecho%20a%20seguridad%20social%20y%20educaci%C3%B3n%20previsional' aria-hidden='false' data-av_icon='\ue8f3' data-av_iconfont='entypo-fontello' title='' data-avia-related-tooltip='Compartir en Facebook' rel=\"noopener\"><span class='avia_hidden_link_text'>Compartir en Facebook<\/span><\/a><\/li><li class='av-share-link av-social-link-twitter' ><a target=\"_blank\" aria-label=\"Compartir en Twitter\" href='https:\/\/twitter.com\/share?text=Invitan%20a%20charlas%20sobre%20el%20derecho%20a%20seguridad%20social%20y%20educaci%C3%B3n%20previsional&#038;url=https:\/\/radiorevelacionfm.cl\/?p=41088' aria-hidden='false' data-av_icon='\ue8f1' data-av_iconfont='entypo-fontello' title='' data-avia-related-tooltip='Compartir en Twitter' rel=\"noopener\"><span class='avia_hidden_link_text'>Compartir en Twitter<\/span><\/a><\/li><li class='av-share-link av-social-link-whatsapp' ><a target=\"_blank\" aria-label=\"Compartir en Whatsapp\" href='https:\/\/api.whatsapp.com\/send?text=https:\/\/radiorevelacionfm.cl\/?p=41088' aria-hidden='false' data-av_icon='\uf232' data-av_iconfont='entypo-fontello' title='' data-avia-related-tooltip='Compartir en Whatsapp' rel=\"noopener\"><span class='avia_hidden_link_text'>Compartir en Whatsapp<\/span><\/a><\/li><li class='av-share-link av-social-link-linkedin' ><a target=\"_blank\" aria-label=\"Compartir en LinkedIn\" href='https:\/\/linkedin.com\/shareArticle?mini=true&#038;title=Invitan%20a%20charlas%20sobre%20el%20derecho%20a%20seguridad%20social%20y%20educaci%C3%B3n%20previsional&#038;url=https:\/\/radiorevelacionfm.cl\/?p=41088' aria-hidden='false' data-av_icon='\ue8fc' data-av_iconfont='entypo-fontello' title='' data-avia-related-tooltip='Compartir en LinkedIn' rel=\"noopener\"><span class='avia_hidden_link_text'>Compartir en LinkedIn<\/span><\/a><\/li><li class='av-share-link av-social-link-mail' ><a  aria-label=\"Compartir por correo\" href='mailto:?subject=Invitan%20a%20charlas%20sobre%20el%20derecho%20a%20seguridad%20social%20y%20educaci%C3%B3n%20previsional&#038;body=https:\/\/radiorevelacionfm.cl\/?p=41088' aria-hidden='false' data-av_icon='\ue805' data-av_iconfont='entypo-fontello' title='' data-avia-related-tooltip='Compartir por correo'><span class='avia_hidden_link_text'>Compartir por correo<\/span><\/a><\/li><\/ul><\/div><\/div>\n<div  style='height:50px' class='hr hr-invisible   avia-builder-el-8  el_after_av_social_share  el_before_av_comments_list '><span class='hr-inner ' ><span class='hr-inner-style'><\/span><\/span><\/div>\n<div  class='av-buildercomment  av-blog-meta-html-info-disabled av-blog-meta-tag-disabled  '><\/div>\n","protected":false},"excerpt":{"rendered":"","protected":false},"author":1,"featured_media":41089,"comment_status":"open","ping_status":"open","sticky":false,"template":"","format":"standard","meta":{"footnotes":""},"categories":[56],"tags":[],"class_list":["post-41088","post","type-post","status-publish","format-standard","has-post-thumbnail","hentry","category-trabajo"],"jetpack_featured_media_url":"https:\/\/radiorevelacionfm.cl\/wp-content\/uploads\/2024\/04\/SeremiTrabyPrevSoc_Charla-A-1-1.jpg","_links":{"self":[{"href":"https:\/\/radiorevelacionfm.cl\/index.php?rest_route=\/wp\/v2\/posts\/41088","targetHints":{"allow":["GET"]}}],"collection":[{"href":"https:\/\/radiorevelacionfm.cl\/index.php?rest_route=\/wp\/v2\/posts"}],"about":[{"href":"https:\/\/radiorevelacionfm.cl\/index.php?rest_route=\/wp\/v2\/types\/post"}],"author":[{"embeddable":true,"href":"https:\/\/radiorevelacionfm.cl\/index.php?rest_route=\/wp\/v2\/users\/1"}],"replies":[{"embeddable":true,"href":"https:\/\/radiorevelacionfm.cl\/index.php?rest_route=%2Fwp%2Fv2%2Fcomments&post=41088"}],"version-history":[{"count":1,"href":"https:\/\/radiorevelacionfm.cl\/index.php?rest_route=\/wp\/v2\/posts\/41088\/revisions"}],"predecessor-version":[{"id":41090,"href":"https:\/\/radiorevelacionfm.cl\/index.php?rest_route=\/wp\/v2\/posts\/41088\/revisions\/41090"}],"wp:featuredmedia":[{"embeddable":true,"href":"https:\/\/radiorevelacionfm.cl\/index.php?rest_route=\/wp\/v2\/media\/41089"}],"wp:attachment":[{"href":"https:\/\/radiorevelacionfm.cl\/index.php?rest_route=%2Fwp%2Fv2%2Fmedia&parent=41088"}],"wp:term":[{"taxonomy":"category","embeddable":true,"href":"https:\/\/radiorevelacionfm.cl\/index.php?rest_route=%2Fwp%2Fv2%2Fcategories&post=41088"},{"taxonomy":"post_tag","embeddable":true,"href":"https:\/\/radiorevelacionfm.cl\/index.php?rest_route=%2Fwp%2Fv2%2Ftags&post=41088"}],"curies":[{"name":"wp","href":"https:\/\/api.w.org\/{rel}","templated":true}]}}