{"id":41085,"date":"2024-04-08T16:15:15","date_gmt":"2024-04-08T19:15:15","guid":{"rendered":"https:\/\/radiorevelacionfm.cl\/?p=41085"},"modified":"2024-04-08T16:15:15","modified_gmt":"2024-04-08T19:15:15","slug":"corte-rechaza-recurso-de-proteccion-por-despido-de-funcionaria-interpuesto-en-contra-de-la-universidad-aysen","status":"publish","type":"post","link":"https:\/\/radiorevelacionfm.cl\/?p=41085","title":{"rendered":"Corte rechaza recurso de protecci\u00f3n por despido de funcionaria interpuesto en contra de la Universidad Ays\u00e9n"},"content":{"rendered":"<div class=\"flex_column av_one_full  flex_column_div av-zero-column-padding first  avia-builder-el-0  el_before_av_one_full  avia-builder-el-first  \" style='border-radius:0px; '><div  class='avia-image-container  av-styling-    avia-builder-el-1  avia-builder-el-no-sibling  avia-align-center '  itemprop=\"image\" itemscope=\"itemscope\" itemtype=\"https:\/\/schema.org\/ImageObject\"  ><div class='avia-image-container-inner'><div class='avia-image-overlay-wrap'><img decoding=\"async\" class='wp-image-41086 avia-img-lazy-loading-not-41086 avia_image' src=\"https:\/\/radiorevelacionfm.cl\/wp-content\/uploads\/2024\/04\/DIA7812-1-1.jpg\" alt='' title='_DIA7812 (1) (1)' height=\"600\" width=\"900\"  itemprop=\"thumbnailUrl\" srcset=\"https:\/\/radiorevelacionfm.cl\/wp-content\/uploads\/2024\/04\/DIA7812-1-1.jpg 900w, https:\/\/radiorevelacionfm.cl\/wp-content\/uploads\/2024\/04\/DIA7812-1-1-300x200.jpg 300w, https:\/\/radiorevelacionfm.cl\/wp-content\/uploads\/2024\/04\/DIA7812-1-1-768x512.jpg 768w, https:\/\/radiorevelacionfm.cl\/wp-content\/uploads\/2024\/04\/DIA7812-1-1-705x470.jpg 705w, https:\/\/radiorevelacionfm.cl\/wp-content\/uploads\/2024\/04\/DIA7812-1-1-450x300.jpg 450w, https:\/\/radiorevelacionfm.cl\/wp-content\/uploads\/2024\/04\/DIA7812-1-1-600x400.jpg 600w\" sizes=\"(max-width: 900px) 100vw, 900px\" \/><\/div><\/div><\/div><\/div><div class=\"flex_column av_one_full  flex_column_div av-zero-column-padding first  avia-builder-el-2  el_after_av_one_full  el_before_av_one_full  column-top-margin\" style='border-radius:0px; '><section class=\"av_textblock_section \"  itemscope=\"itemscope\" itemtype=\"https:\/\/schema.org\/BlogPosting\" itemprop=\"blogPost\" ><div class='avia_textblock  '   itemprop=\"text\" ><p style=\"text-align: center;\"><strong><span style=\"font-size: 18pt;\">Corte rechaza recurso de protecci\u00f3n por despido de funcionaria interpuesto en contra de la Universidad Ays\u00e9n <\/span><\/strong><\/p>\n<div id=\"gtx-trans\" style=\"position: absolute; left: -50px; top: 4.31534px;\">\n<div class=\"gtx-trans-icon\"><\/div>\n<\/div>\n<\/div><\/section><\/div><div class=\"flex_column av_one_full  flex_column_div av-zero-column-padding first  avia-builder-el-4  el_after_av_one_full  el_before_av_hr  column-top-margin\" style='border-radius:0px; '><section class=\"av_textblock_section \"  itemscope=\"itemscope\" itemtype=\"https:\/\/schema.org\/BlogPosting\" itemprop=\"blogPost\" ><div class='avia_textblock  '   itemprop=\"text\" ><p class=\"v1MsoNormal\" style=\"text-align: justify;\">La Corte de Apelaciones de Coyhaique rechaz\u00f3 el recurso de protecci\u00f3n interpuesto en contra de la Universidad de Ays\u00e9n, por funcionaria a la cual no se le renov\u00f3 contrata, trasgrediendo, en su opini\u00f3n, el principio de la confianza leg\u00edtima.<\/p>\n<p class=\"v1MsoNormal\" style=\"text-align: justify;\">En fallo un\u00e1nime (causa rol 359-2023), la Primera Sala del tribunal de alzada \u2013integrada por los ministros Luis Aedo Mora, Pedro Castro Espinoza, Jos\u00e9 Ignacio Mora Trujillo y Natalia Rencoret Oliva\u2013\u00a0desestim\u00f3 el recurso, en atenci\u00f3n a la eliminaci\u00f3n de la unidad en que se desempe\u00f1aba la recurrente, derivada del proceso reestructuraci\u00f3n de la casa de estudios.<\/p>\n<p class=\"v1MsoNormal\" style=\"text-align: justify;\">\u00abQue, en tales t\u00e9rminos, habida consideraci\u00f3n del proceso de reestructuraci\u00f3n en ejecuci\u00f3n al interior de la Universidad, debidamente revisado desde el \u00e1mbito administrativo por la Superintendencia competente, desembocada por la crisis financiera generada a consecuencia de una mala administraci\u00f3n establecida, se ha debido decidir, en lo espec\u00edfico, la supresi\u00f3n de la Unidad de Comunicaciones, con sus 4 periodistas, incluida la recurrente; por lo que no es factible divisar la denunciada ilegalidad, toda vez que se cumplen las exigencias de fundamentaci\u00f3n previstas en los art\u00edculos 11 y 41 de la Ley N\u00b019.880, as\u00ed como tampoco arbitrariedad, al haberse basado en una situaci\u00f3n de hecho apropiadamente demostrada\u00bb, sostiene el fallo.<\/p>\n<p class=\"v1MsoNormal\" style=\"text-align: justify;\">La resoluci\u00f3n agrega\u00a0que: \u00ab(&#8230;), finalmente, no se aprecia la acusada afectaci\u00f3n de la igualdad ante la ley, en su modalidad de discriminaci\u00f3n arbitraria, por haberse producido la desvinculaci\u00f3n de todos los miembros de la Unidad aludida, como tampoco la conculcaci\u00f3n del derecho de propiedad, pues pese a la convergencia del principio de estabilidad en el empleo emparentado con el de confianza leg\u00edtima, este \u00faltimo derivado del tiempo de vigencia de la contrata superior a 5 a\u00f1os \u2013lo que en el caso no se cuestiona\u2013; se ha advertido la dictaci\u00f3n de un acto motivado con suficiencia en torno las razones de la no renovaci\u00f3n de la contrata, todo lo cual conducir\u00e1 a que el presente arbitrio no prospere, conforme se declarar\u00e1\u00bb.<\/p>\n<p class=\"v1MsoNormal\" style=\"text-align: justify;\">Por tanto, se resuelve que: \u00ab<b>SE RECHAZA<\/b>\u00a0el recurso de protecci\u00f3n interpuesto por Paula Eliana \u00c1lvarez Robles, en contra de la Universidad de Ays\u00e9n, representada legalmente por su rector, Enrique Urra Coloma, sin costas, por haber tenido motivo plausible para recurrir\u00bb.<\/p>\n<\/div><\/section><\/div><div  style='height:50px' class='hr hr-invisible   avia-builder-el-6  el_after_av_one_full  el_before_av_social_share '><span class='hr-inner ' ><span class='hr-inner-style'><\/span><\/span><\/div><\/p>\n<div  class='av-social-sharing-box  avia-builder-el-7  el_after_av_hr  el_before_av_hr  '><div class='av-share-box'><h5 class='av-share-link-description av-no-toc '>Compartir esta noticia<\/h5><ul class='av-share-box-list noLightbox'><li class='av-share-link av-social-link-facebook' ><a target=\"_blank\" aria-label=\"Compartir en Facebook\" href='https:\/\/www.facebook.com\/sharer.php?u=https:\/\/radiorevelacionfm.cl\/?p=41085&#038;t=Corte%20rechaza%20recurso%20de%20protecci%C3%B3n%20por%20despido%20de%20funcionaria%20interpuesto%20en%20contra%20de%20la%20Universidad%20Ays%C3%A9n' aria-hidden='false' data-av_icon='\ue8f3' data-av_iconfont='entypo-fontello' title='' data-avia-related-tooltip='Compartir en Facebook' rel=\"noopener\"><span class='avia_hidden_link_text'>Compartir en Facebook<\/span><\/a><\/li><li class='av-share-link av-social-link-twitter' ><a target=\"_blank\" aria-label=\"Compartir en Twitter\" href='https:\/\/twitter.com\/share?text=Corte%20rechaza%20recurso%20de%20protecci%C3%B3n%20por%20despido%20de%20funcionaria%20interpuesto%20en%20contra%20de%20la%20Universidad%20Ays%C3%A9n&#038;url=https:\/\/radiorevelacionfm.cl\/?p=41085' aria-hidden='false' data-av_icon='\ue8f1' data-av_iconfont='entypo-fontello' title='' data-avia-related-tooltip='Compartir en Twitter' rel=\"noopener\"><span class='avia_hidden_link_text'>Compartir en Twitter<\/span><\/a><\/li><li class='av-share-link av-social-link-whatsapp' ><a target=\"_blank\" aria-label=\"Compartir en Whatsapp\" href='https:\/\/api.whatsapp.com\/send?text=https:\/\/radiorevelacionfm.cl\/?p=41085' aria-hidden='false' data-av_icon='\uf232' data-av_iconfont='entypo-fontello' title='' data-avia-related-tooltip='Compartir en Whatsapp' rel=\"noopener\"><span class='avia_hidden_link_text'>Compartir en Whatsapp<\/span><\/a><\/li><li class='av-share-link av-social-link-linkedin' ><a target=\"_blank\" aria-label=\"Compartir en LinkedIn\" href='https:\/\/linkedin.com\/shareArticle?mini=true&#038;title=Corte%20rechaza%20recurso%20de%20protecci%C3%B3n%20por%20despido%20de%20funcionaria%20interpuesto%20en%20contra%20de%20la%20Universidad%20Ays%C3%A9n&#038;url=https:\/\/radiorevelacionfm.cl\/?p=41085' aria-hidden='false' data-av_icon='\ue8fc' data-av_iconfont='entypo-fontello' title='' data-avia-related-tooltip='Compartir en LinkedIn' rel=\"noopener\"><span class='avia_hidden_link_text'>Compartir en LinkedIn<\/span><\/a><\/li><li class='av-share-link av-social-link-mail' ><a  aria-label=\"Compartir por correo\" href='mailto:?subject=Corte%20rechaza%20recurso%20de%20protecci%C3%B3n%20por%20despido%20de%20funcionaria%20interpuesto%20en%20contra%20de%20la%20Universidad%20Ays%C3%A9n&#038;body=https:\/\/radiorevelacionfm.cl\/?p=41085' aria-hidden='false' data-av_icon='\ue805' data-av_iconfont='entypo-fontello' title='' data-avia-related-tooltip='Compartir por correo'><span class='avia_hidden_link_text'>Compartir por correo<\/span><\/a><\/li><\/ul><\/div><\/div>\n<div  style='height:50px' class='hr hr-invisible   avia-builder-el-8  el_after_av_social_share  el_before_av_comments_list '><span class='hr-inner ' ><span class='hr-inner-style'><\/span><\/span><\/div>\n<div  class='av-buildercomment  av-blog-meta-html-info-disabled av-blog-meta-tag-disabled  '><\/div>\n","protected":false},"excerpt":{"rendered":"","protected":false},"author":1,"featured_media":41086,"comment_status":"open","ping_status":"open","sticky":false,"template":"","format":"standard","meta":{"footnotes":""},"categories":[55],"tags":[],"class_list":["post-41085","post","type-post","status-publish","format-standard","has-post-thumbnail","hentry","category-justicia"],"jetpack_featured_media_url":"https:\/\/radiorevelacionfm.cl\/wp-content\/uploads\/2024\/04\/DIA7812-1-1.jpg","_links":{"self":[{"href":"https:\/\/radiorevelacionfm.cl\/index.php?rest_route=\/wp\/v2\/posts\/41085","targetHints":{"allow":["GET"]}}],"collection":[{"href":"https:\/\/radiorevelacionfm.cl\/index.php?rest_route=\/wp\/v2\/posts"}],"about":[{"href":"https:\/\/radiorevelacionfm.cl\/index.php?rest_route=\/wp\/v2\/types\/post"}],"author":[{"embeddable":true,"href":"https:\/\/radiorevelacionfm.cl\/index.php?rest_route=\/wp\/v2\/users\/1"}],"replies":[{"embeddable":true,"href":"https:\/\/radiorevelacionfm.cl\/index.php?rest_route=%2Fwp%2Fv2%2Fcomments&post=41085"}],"version-history":[{"count":1,"href":"https:\/\/radiorevelacionfm.cl\/index.php?rest_route=\/wp\/v2\/posts\/41085\/revisions"}],"predecessor-version":[{"id":41087,"href":"https:\/\/radiorevelacionfm.cl\/index.php?rest_route=\/wp\/v2\/posts\/41085\/revisions\/41087"}],"wp:featuredmedia":[{"embeddable":true,"href":"https:\/\/radiorevelacionfm.cl\/index.php?rest_route=\/wp\/v2\/media\/41086"}],"wp:attachment":[{"href":"https:\/\/radiorevelacionfm.cl\/index.php?rest_route=%2Fwp%2Fv2%2Fmedia&parent=41085"}],"wp:term":[{"taxonomy":"category","embeddable":true,"href":"https:\/\/radiorevelacionfm.cl\/index.php?rest_route=%2Fwp%2Fv2%2Fcategories&post=41085"},{"taxonomy":"post_tag","embeddable":true,"href":"https:\/\/radiorevelacionfm.cl\/index.php?rest_route=%2Fwp%2Fv2%2Ftags&post=41085"}],"curies":[{"name":"wp","href":"https:\/\/api.w.org\/{rel}","templated":true}]}}