{"id":41078,"date":"2024-04-08T16:20:18","date_gmt":"2024-04-08T19:20:18","guid":{"rendered":"https:\/\/radiorevelacionfm.cl\/?p=41078"},"modified":"2024-04-08T16:42:59","modified_gmt":"2024-04-08T19:42:59","slug":"investigacion-sobre-aguas-potables-rurales-avanza-en-la-recopilacion-de-informacion-cientifica-para-aportar-a-su-gestion","status":"publish","type":"post","link":"https:\/\/radiorevelacionfm.cl\/?p=41078","title":{"rendered":"Investigaci\u00f3n sobre Aguas Potables Rurales avanza en la recopilaci\u00f3n de informaci\u00f3n cient\u00edfica para aportar a su gesti\u00f3n"},"content":{"rendered":"<div class=\"flex_column av_one_full  flex_column_div av-zero-column-padding first  avia-builder-el-0  el_before_av_one_full  avia-builder-el-first  \" style='border-radius:0px; '><div  class='avia-image-container  av-styling-    avia-builder-el-1  avia-builder-el-no-sibling  avia-align-center '  itemprop=\"image\" itemscope=\"itemscope\" itemtype=\"https:\/\/schema.org\/ImageObject\"  ><div class='avia-image-container-inner'><div class='avia-image-overlay-wrap'><img decoding=\"async\" class='wp-image-41079 avia-img-lazy-loading-not-41079 avia_image' src=\"https:\/\/radiorevelacionfm.cl\/wp-content\/uploads\/2024\/04\/WhatsApp-Image-2023-11-30-at-11.54.38-1-1.jpeg\" alt='' title='WhatsApp Image 2023-11-30 at 11.54.38 (1) (1)' height=\"600\" width=\"800\"  itemprop=\"thumbnailUrl\" srcset=\"https:\/\/radiorevelacionfm.cl\/wp-content\/uploads\/2024\/04\/WhatsApp-Image-2023-11-30-at-11.54.38-1-1.jpeg 800w, https:\/\/radiorevelacionfm.cl\/wp-content\/uploads\/2024\/04\/WhatsApp-Image-2023-11-30-at-11.54.38-1-1-300x225.jpeg 300w, https:\/\/radiorevelacionfm.cl\/wp-content\/uploads\/2024\/04\/WhatsApp-Image-2023-11-30-at-11.54.38-1-1-768x576.jpeg 768w, https:\/\/radiorevelacionfm.cl\/wp-content\/uploads\/2024\/04\/WhatsApp-Image-2023-11-30-at-11.54.38-1-1-705x529.jpeg 705w, https:\/\/radiorevelacionfm.cl\/wp-content\/uploads\/2024\/04\/WhatsApp-Image-2023-11-30-at-11.54.38-1-1-450x338.jpeg 450w, https:\/\/radiorevelacionfm.cl\/wp-content\/uploads\/2024\/04\/WhatsApp-Image-2023-11-30-at-11.54.38-1-1-600x450.jpeg 600w\" sizes=\"(max-width: 800px) 100vw, 800px\" \/><\/div><\/div><\/div><\/div><div class=\"flex_column av_one_full  flex_column_div av-zero-column-padding first  avia-builder-el-2  el_after_av_one_full  el_before_av_one_full  column-top-margin\" style='border-radius:0px; '><section class=\"av_textblock_section \"  itemscope=\"itemscope\" itemtype=\"https:\/\/schema.org\/BlogPosting\" itemprop=\"blogPost\" ><div class='avia_textblock  '   itemprop=\"text\" ><p style=\"text-align: center;\"><span style=\"font-size: 18pt;\"><b>Investigaci\u00f3n sobre Aguas Potables Rurales avanza en la recopilaci\u00f3n de informaci\u00f3n cient\u00edfica para aportar a su gesti\u00f3n<\/b><\/span><\/p>\n<div id=\"gtx-trans\" style=\"position: absolute; left: -50px; top: 4.31534px;\">\n<div class=\"gtx-trans-icon\"><\/div>\n<\/div>\n<\/div><\/section><\/div><div class=\"flex_column av_one_full  flex_column_div av-zero-column-padding first  avia-builder-el-4  el_after_av_one_full  el_before_av_hr  column-top-margin\" style='border-radius:0px; '><section class=\"av_textblock_section \"  itemscope=\"itemscope\" itemtype=\"https:\/\/schema.org\/BlogPosting\" itemprop=\"blogPost\" ><div class='avia_textblock  '   itemprop=\"text\" ><p style=\"text-align: justify;\"><i>Con el particular inter\u00e9s en aportar a la gesti\u00f3n y manejo de las cuencas de agua potable rural, es que el investigador postdoctoral Cristian Fr\u00eane se encuentra monitoreando ocho APRs\u00a0en la Regi\u00f3n de Ays\u00e9n.<\/i><\/p>\n<p align=\"justify\">Desde hace casi un a\u00f1o que el investigador, con experiencia en estudios de Agua Potable Rural (APR) en el sur de Chile,\u00a0se uni\u00f3 al equipo dulceacu\u00edcola de CIEP para ejecutar en la Regi\u00f3n de Ays\u00e9n su proyecto postdoctoral, financiado por la Agencia Nacional de Investigaci\u00f3n y Desarrollo (ANID),\u00a0llamado \u00abGesti\u00f3n Integrada de Cuencas Abastecedoras de Agua Potable en el Sur de Chile: Informaci\u00f3n Cient\u00edfica para apoyar la Toma de Decisiones en la Gesti\u00f3n Local del Agua\u00bb. Como el nombre lo dice, su objetivo principal es apoyar la gesti\u00f3n local del agua, para lo cu\u00e1l se requiere informaci\u00f3n del estado actual de la cantidad y calidad de agua que reciben los sistemas APR, en una escala de tiempo que permita generar medidas para proteger el abastecimiento de agua en el sector rural a largo plazo.<\/p>\n<p align=\"justify\">Se\u00a0eligi\u00f3 ocho APRs como muestra de este estudio, a las cuales se ha ido acercando, socializando sus objetivos y alcances, para poder intervenir con mediciones que eval\u00faan la calidad de las aguas.\u00bbHa sido muy valioso poder acceder a ocho\u00a0comit\u00e9s de Agua Potable Rural, para conocer la realidad de cada uno\u00a0y ayudar a desarrollar un sistema de monitoreo de calidad y cantidad de agua que sea \u00fatil para las personas que la gestionan \u00a0y habitan el territorio.\u00a0El proceso inicial de este proyecto consisti\u00f3 en recabar informaci\u00f3n de los 46 sistemas APR que existen en la Regi\u00f3n y seleccionar a un grupo de ellos que sean representativos de la diversidad territorial de Ays\u00e9n. Nos encontramos con una muy buena disposici\u00f3n a trabajar en conjunto por parte de las directivas de los ocho APR seleccionados y pudimos instalar sistemas de monitoreo hidrol\u00f3gico que nos permiten empezar a entender la din\u00e1mica hidrol\u00f3gica de cada territorio\u00bb, detalla el Dr. Cristian Fr\u00eane.<\/p>\n<p align=\"justify\">Las cuencas abastecedoras que se encuentra estudiando, gracias a las alianzas con los comit\u00e9s de Agua Potable Rural, son de las localidades de Villa Amengual, Villa Ma\u00f1ihuales, Villa Ortega, Villa Lago Atravesado, Villa Frei, Villa Cerro Castillo, Bah\u00eda Murta y Puerto R\u00edo Tranquilo. En cada uno de los esteros y arroyos abastecedores de agua se instalaron equipos cient\u00edficos y se realizan muestreos mensuales, que permiten medir par\u00e1metros f\u00edsicos del agua como la temperatura, el ox\u00edgeno disuelto, la conductividad, el caudal instant\u00e1neo y otras variables qu\u00edmicas que posteriormente son analizadas en laboratorios de CIEP.<\/p>\n<p align=\"justify\">Este proceso cuenta con el apoyo de los dos limn\u00f3logos de CIEP, Dr. Brian Reid y Dra. Anna Astorga, y profesionales del \u00e1rea, quienes ya tienen varios a\u00f1os de trabajo en el estudio de r\u00edos, arroyos y lagos de la regi\u00f3n, facilitando el acercamiento y procesos de\u00a0la investigaci\u00f3n.<\/p>\n<p><b>Conocimiento para enfrentar y planificar los recursos<\/b><\/p>\n<p align=\"justify\">En este proyecto se ha podido apreciar que los resultados ser\u00e1n relevantes para los usuarios y gestores de los APRs, debido a que el agua es un recurso de primera necesidad y \u00a0es muy vulnerable en relaci\u00f3n a su abastecimiento. Frente a esto el investigador nos relata sobre la respuesta que ha recibido en los encuentros con cada uno de ellos; \u00abLas directivas de los Comit\u00e9s se han mostrado muy interesados en conocer la calidad de su agua y como la cantidad var\u00eda durante el a\u00f1o. Otro tema de alto inter\u00e9s,\u00a0es c\u00f3mo va a cambiar\u00a0su fuente de agua ante la amenaza del cambio clim\u00e1tico\u00bb. Para el presidente de la directiva de Agua Potable Rural de Villa Ortega, Marcos Ojeda, este estudio ha sido de mucho valor para la comunidad, \u00abEste proyecto es de suma importancia para el APR de Villa Ortega, porque con todos los datos obtenidos se podr\u00e1 entregar una mejor calidad de agua a los usuarios, adem\u00e1s de eso, a cuidar y proteger los lugares de captaci\u00f3n del agua. Se agradece a CIEP por elegirnos para este proyecto, con sus medios y tecnolog\u00eda de punta. Nosotros como APR buscamos siempre mejorar la calidad del servicio a los usuarios\u00bb.<\/p>\n<p align=\"justify\">Bajo la nueva normativa legislativa los Servicios Sanitarios Rurales (SSR) son gestionados por la Direcci\u00f3n Regional de Obras Hidr\u00e1ulicas del Ministerio de Obras P\u00fablicas (MOP),\u00a0organismo encargado de acompa\u00f1ar a los\u00a0Servicios Sanitarios Rurales\u00a0en la gesti\u00f3n para el\u00a0 abastecimiento de agua potable a las comunidades. Para esta divisi\u00f3n es relevante la informaci\u00f3n que se puede obtener de\u00a0este Estudio, porque es un complemento que les permite conocer detalladamente c\u00f3mo se comportan los caudales durante el a\u00f1o, para luego ocupar esta informaci\u00f3n en la toma de decisiones y orientar la inversi\u00f3n p\u00fablica. As\u00ed lo refrend\u00f3 el Secretario Regional Ministerial de Obras P\u00fablicas, Patricio Sanhueza Ulloa indicando que \u00abcomo gobierno y Ministerio de Obras P\u00fablicas continuamos avanzando en la gesti\u00f3n del recurso h\u00eddrico, siendo la investigaci\u00f3n tanto p\u00fablica como privada un aporte fundamental para dar continuidad a este trabajo en torno a este importante recurso. Este es un trabajo intersectorial y colaborativo que aportar\u00e1 importantes antecedentes a tener presentes en el futuro\u00bb.<\/p>\n<p align=\"justify\">Por su parte, Pablo Rojas Ojeda Director subrogante de la Subdirecci\u00f3n de Servicios Sanitarios Rurales de la Direcci\u00f3n Regional de Obras Hidr\u00e1ulicas del MOP al respecto destac\u00f3: \u00abHemos recibido de muy buena forma este proyecto de CIEP que habla de la gesti\u00f3n integrada de Cuencas para el abastecimiento de los sistemas de abastecimiento de agua potable para la regi\u00f3n y nosotros hemos aportado con la informaci\u00f3n que tenemos disponible de los 46 sistemas que la regi\u00f3n tiene hoy d\u00eda. Ellos hicieron la correspondiente evaluaci\u00f3n y posteriormente se defini\u00f3 que en 8 de estos sistemas se instalar\u00edan equipos y efectuar\u00edan mediciones permanentes de par\u00e1metros f\u00edsicos, la cantidad de agua disponible, temperatura, ox\u00edgeno disuelto, conductividad, entre otros la que es informaci\u00f3n muy importante para nosotros, as\u00ed que informamos a las directivas de los Comit\u00e9s elegidos, efectuando el enlace para que se concretara la instalaci\u00f3n de estos equipos. Este trabajo va en la misma l\u00ednea que nuestro Ministerio respecto de buscar evaluar cu\u00e1les son las condiciones de las fuentes de agua que hoy abastecen a los sistemas de agua potable, as\u00ed que estamos esperanzados en el resultado de este estudio, porque evidentemente nos va a permitir ajustar mejor la inversi\u00f3n p\u00fablica teniendo presente estos antecedentes, as\u00ed que tienen todo nuestro apoyo el equipo investigador\u00bb.<\/p>\n<p><b>Medidas y desaf\u00edos para la protecci\u00f3n del agua potable rural<\/b><\/p>\n<p align=\"justify\">Dentro de lo que el Dr. Fr\u00eane ha observado puede decir que la\u00a0Regi\u00f3n de Ays\u00e9n es \u00a0diversa y presenta\u00a0situaciones muy distintas;\u00a0\u00abExisten microcuencas que est\u00e1n muy bien conservadas, con bosques poco intervenidos y baja carga ganadera, donde el agua es de muy buena calidad, este es el caso de sectores como Villa Amengual y Bah\u00eda Murta. Por otra parte, existen microcuencas donde el uso hist\u00f3rico del suelo o las condiciones naturales (geol\u00f3gicas) de las microcuencas plantan un desaf\u00edo para mantener la calidad del agua durante todo el a\u00f1o, como en el caso de Villa Frei y Puerto Tranquilo. Finalmente, existen microcuencas que est\u00e1n en un estado de conservaci\u00f3n relativamente bueno, pero requieren\u00a0de una buena gesti\u00f3n presente y en el futuro para mantener la calidad y cantidad de agua en el largo plazo\u00bb.<\/p>\n<p align=\"justify\">Seg\u00fan las recomendaciones de los cient\u00edficos que han estudiado las cuencas, las medidas m\u00e1s relevantes para proteger las fuentes de agua tienen relaci\u00f3n con\u00a0conservar el bosque nativo de las zonas riparianas o ribere\u00f1as, es decir no talar los bosques que rodean el agua, o bien restaurarlo cuando ha sido eliminado o degradado.\u00a0Otra medida relevante es evitar el ingreso del ganado a los cursos de agua y proteger las cabeceras o partes altas de las microcuencas, donde se capta y almacena el agua de las precipitaciones, para luego ser liberada aguas abajo.<\/p>\n<p class=\"v1elementToProof\" align=\"justify\">Para finalizar el Dr. Fr\u00eane nos detalla los pasos a seguir y desaf\u00edos de este estudio; \u00abEn los pr\u00f3ximos meses tenemos tres desaf\u00edos muy relevantes: el primero es estudiar como se comportan hidrol\u00f3gicamente los suelos de las diferentes microcuencas bajo distintas coberturas vegetales (bosque, pradera, plantaci\u00f3n, matorral), ya que esto afecta \u00a0la calidad y cantidad de agua que reciben los sistemas APR. Un segundo tema es evaluar como los usuarios de los sistemas usan el agua y cual es la demanda de cada APR, lo que nos permite conocer los h\u00e1bitos y la demanda de agua de cada comunidad rural. Finamente, el tercer desaf\u00edo es obtener el financiamiento para realizar los dos estudios descritos, por lo que debemos postular proyectos a fondos concursables y gestionar fondos en distintas instancias p\u00fablicas y privadas\u00bb.<\/p>\n<\/div><\/section><\/div><div  style='height:50px' class='hr hr-invisible   avia-builder-el-6  el_after_av_one_full  el_before_av_social_share '><span class='hr-inner ' ><span class='hr-inner-style'><\/span><\/span><\/div><\/p>\n<div  class='av-social-sharing-box  avia-builder-el-7  el_after_av_hr  el_before_av_hr  '><div class='av-share-box'><h5 class='av-share-link-description av-no-toc '>Compartir esta noticia<\/h5><ul class='av-share-box-list noLightbox'><li class='av-share-link av-social-link-facebook' ><a target=\"_blank\" aria-label=\"Compartir en Facebook\" href='https:\/\/www.facebook.com\/sharer.php?u=https:\/\/radiorevelacionfm.cl\/?p=41078&#038;t=Investigaci%C3%B3n%20sobre%20Aguas%20Potables%20Rurales%20avanza%20en%20la%20recopilaci%C3%B3n%20de%20informaci%C3%B3n%20cient%C3%ADfica%20para%20aportar%20a%20su%20gesti%C3%B3n' aria-hidden='false' data-av_icon='\ue8f3' data-av_iconfont='entypo-fontello' title='' data-avia-related-tooltip='Compartir en Facebook' rel=\"noopener\"><span class='avia_hidden_link_text'>Compartir en Facebook<\/span><\/a><\/li><li class='av-share-link av-social-link-twitter' ><a target=\"_blank\" aria-label=\"Compartir en Twitter\" href='https:\/\/twitter.com\/share?text=Investigaci%C3%B3n%20sobre%20Aguas%20Potables%20Rurales%20avanza%20en%20la%20recopilaci%C3%B3n%20de%20informaci%C3%B3n%20cient%C3%ADfica%20para%20aportar%20a%20su%20gesti%C3%B3n&#038;url=https:\/\/radiorevelacionfm.cl\/?p=41078' aria-hidden='false' data-av_icon='\ue8f1' data-av_iconfont='entypo-fontello' title='' data-avia-related-tooltip='Compartir en Twitter' rel=\"noopener\"><span class='avia_hidden_link_text'>Compartir en Twitter<\/span><\/a><\/li><li class='av-share-link av-social-link-whatsapp' ><a target=\"_blank\" aria-label=\"Compartir en Whatsapp\" href='https:\/\/api.whatsapp.com\/send?text=https:\/\/radiorevelacionfm.cl\/?p=41078' aria-hidden='false' data-av_icon='\uf232' data-av_iconfont='entypo-fontello' title='' data-avia-related-tooltip='Compartir en Whatsapp' rel=\"noopener\"><span class='avia_hidden_link_text'>Compartir en Whatsapp<\/span><\/a><\/li><li class='av-share-link av-social-link-linkedin' ><a target=\"_blank\" aria-label=\"Compartir en LinkedIn\" href='https:\/\/linkedin.com\/shareArticle?mini=true&#038;title=Investigaci%C3%B3n%20sobre%20Aguas%20Potables%20Rurales%20avanza%20en%20la%20recopilaci%C3%B3n%20de%20informaci%C3%B3n%20cient%C3%ADfica%20para%20aportar%20a%20su%20gesti%C3%B3n&#038;url=https:\/\/radiorevelacionfm.cl\/?p=41078' aria-hidden='false' data-av_icon='\ue8fc' data-av_iconfont='entypo-fontello' title='' data-avia-related-tooltip='Compartir en LinkedIn' rel=\"noopener\"><span class='avia_hidden_link_text'>Compartir en LinkedIn<\/span><\/a><\/li><li class='av-share-link av-social-link-mail' ><a  aria-label=\"Compartir por correo\" href='mailto:?subject=Investigaci%C3%B3n%20sobre%20Aguas%20Potables%20Rurales%20avanza%20en%20la%20recopilaci%C3%B3n%20de%20informaci%C3%B3n%20cient%C3%ADfica%20para%20aportar%20a%20su%20gesti%C3%B3n&#038;body=https:\/\/radiorevelacionfm.cl\/?p=41078' aria-hidden='false' data-av_icon='\ue805' data-av_iconfont='entypo-fontello' title='' data-avia-related-tooltip='Compartir por correo'><span class='avia_hidden_link_text'>Compartir por correo<\/span><\/a><\/li><\/ul><\/div><\/div>\n<div  style='height:50px' class='hr hr-invisible   avia-builder-el-8  el_after_av_social_share  el_before_av_comments_list '><span class='hr-inner ' ><span class='hr-inner-style'><\/span><\/span><\/div>\n<div  class='av-buildercomment  av-blog-meta-html-info-disabled av-blog-meta-tag-disabled  '><\/div>\n","protected":false},"excerpt":{"rendered":"","protected":false},"author":1,"featured_media":41079,"comment_status":"open","ping_status":"open","sticky":false,"template":"","format":"standard","meta":{"footnotes":""},"categories":[38],"tags":[],"class_list":["post-41078","post","type-post","status-publish","format-standard","has-post-thumbnail","hentry","category-regional"],"jetpack_featured_media_url":"https:\/\/radiorevelacionfm.cl\/wp-content\/uploads\/2024\/04\/WhatsApp-Image-2023-11-30-at-11.54.38-1-1.jpeg","_links":{"self":[{"href":"https:\/\/radiorevelacionfm.cl\/index.php?rest_route=\/wp\/v2\/posts\/41078","targetHints":{"allow":["GET"]}}],"collection":[{"href":"https:\/\/radiorevelacionfm.cl\/index.php?rest_route=\/wp\/v2\/posts"}],"about":[{"href":"https:\/\/radiorevelacionfm.cl\/index.php?rest_route=\/wp\/v2\/types\/post"}],"author":[{"embeddable":true,"href":"https:\/\/radiorevelacionfm.cl\/index.php?rest_route=\/wp\/v2\/users\/1"}],"replies":[{"embeddable":true,"href":"https:\/\/radiorevelacionfm.cl\/index.php?rest_route=%2Fwp%2Fv2%2Fcomments&post=41078"}],"version-history":[{"count":1,"href":"https:\/\/radiorevelacionfm.cl\/index.php?rest_route=\/wp\/v2\/posts\/41078\/revisions"}],"predecessor-version":[{"id":41080,"href":"https:\/\/radiorevelacionfm.cl\/index.php?rest_route=\/wp\/v2\/posts\/41078\/revisions\/41080"}],"wp:featuredmedia":[{"embeddable":true,"href":"https:\/\/radiorevelacionfm.cl\/index.php?rest_route=\/wp\/v2\/media\/41079"}],"wp:attachment":[{"href":"https:\/\/radiorevelacionfm.cl\/index.php?rest_route=%2Fwp%2Fv2%2Fmedia&parent=41078"}],"wp:term":[{"taxonomy":"category","embeddable":true,"href":"https:\/\/radiorevelacionfm.cl\/index.php?rest_route=%2Fwp%2Fv2%2Fcategories&post=41078"},{"taxonomy":"post_tag","embeddable":true,"href":"https:\/\/radiorevelacionfm.cl\/index.php?rest_route=%2Fwp%2Fv2%2Ftags&post=41078"}],"curies":[{"name":"wp","href":"https:\/\/api.w.org\/{rel}","templated":true}]}}