{"id":41073,"date":"2024-04-08T13:40:17","date_gmt":"2024-04-08T16:40:17","guid":{"rendered":"https:\/\/radiorevelacionfm.cl\/?p=41073"},"modified":"2024-04-08T13:45:51","modified_gmt":"2024-04-08T16:45:51","slug":"coyhaiquino-que-se-encontraba-desaparecido-es-encontrado-con-vida","status":"publish","type":"post","link":"https:\/\/radiorevelacionfm.cl\/?p=41073","title":{"rendered":"Coyhaiquino que se encontraba desaparecido es encontrado con vida"},"content":{"rendered":"<div class=\"flex_column av_one_full  flex_column_div av-zero-column-padding first  avia-builder-el-0  el_before_av_one_full  avia-builder-el-first  \" style='border-radius:0px; '><div  class='avia-image-container  av-styling-    avia-builder-el-1  avia-builder-el-no-sibling  avia-align-center '  itemprop=\"image\" itemscope=\"itemscope\" itemtype=\"https:\/\/schema.org\/ImageObject\"  ><div class='avia-image-container-inner'><div class='avia-image-overlay-wrap'><img decoding=\"async\" class='wp-image-41076 avia-img-lazy-loading-not-41076 avia_image' src=\"https:\/\/radiorevelacionfm.cl\/wp-content\/uploads\/2024\/04\/434094089_943281997797695_7386776622943384457_n-2-1.jpg\" alt='' title='434094089_943281997797695_7386776622943384457_n (2) (1)' height=\"526\" width=\"720\"  itemprop=\"thumbnailUrl\" srcset=\"https:\/\/radiorevelacionfm.cl\/wp-content\/uploads\/2024\/04\/434094089_943281997797695_7386776622943384457_n-2-1.jpg 720w, https:\/\/radiorevelacionfm.cl\/wp-content\/uploads\/2024\/04\/434094089_943281997797695_7386776622943384457_n-2-1-300x219.jpg 300w, https:\/\/radiorevelacionfm.cl\/wp-content\/uploads\/2024\/04\/434094089_943281997797695_7386776622943384457_n-2-1-705x515.jpg 705w, https:\/\/radiorevelacionfm.cl\/wp-content\/uploads\/2024\/04\/434094089_943281997797695_7386776622943384457_n-2-1-450x329.jpg 450w, https:\/\/radiorevelacionfm.cl\/wp-content\/uploads\/2024\/04\/434094089_943281997797695_7386776622943384457_n-2-1-600x438.jpg 600w\" sizes=\"(max-width: 720px) 100vw, 720px\" \/><\/div><\/div><\/div><\/div><div class=\"flex_column av_one_full  flex_column_div av-zero-column-padding first  avia-builder-el-2  el_after_av_one_full  el_before_av_one_full  column-top-margin\" style='border-radius:0px; '><section class=\"av_textblock_section \"  itemscope=\"itemscope\" itemtype=\"https:\/\/schema.org\/BlogPosting\" itemprop=\"blogPost\" ><div class='avia_textblock  '   itemprop=\"text\" ><p style=\"text-align: center;\"><strong><span style=\"font-size: 18pt;\">Coyhaiquino que se encontraba desaparecido es encontrado con vida\u00a0<\/span><\/strong><\/p>\n<\/div><\/section><\/div><\/p>\n<div class=\"flex_column av_one_full  flex_column_div av-zero-column-padding first  avia-builder-el-4  el_after_av_one_full  el_before_av_hr  column-top-margin\" style='border-radius:0px; '><section class=\"av_textblock_section \"  itemscope=\"itemscope\" itemtype=\"https:\/\/schema.org\/BlogPosting\" itemprop=\"blogPost\" ><div class='avia_textblock  '   itemprop=\"text\" ><p style=\"text-align: justify;\">Con vida y en buenas condiciones fue encontrado Jos\u00e9 Jorge Alvarado Alvarado, ciudadano coyhaiquino que se encontraba desaparecido desde hace 25 d\u00edas, en la capital regional.<\/p>\n<p style=\"text-align: justify;\">La buena noticia la dio a conocer la Fundaci\u00f3n B\u00fasqueda y Rescate Patagonia quienes se encontraban colaborando en su b\u00fasqueda, fue un propio integrante de la Fundaci\u00f3n quien logr\u00f3 dar con el paradero de Jos\u00e9 Alvarado, gracias a diferentes datos de forma reservada se logr\u00f3 encontrar a Jos\u00e9, se\u00f1alaron desde la organizaci\u00f3n.<\/p>\n<p style=\"text-align: justify;\">El presidente de la Fundaci\u00f3n, Jorge Risco, agradeci\u00f3 a todos quienes aportaron datos e informaci\u00f3n, de manera confidencial, lo que permiti\u00f3 reunirlo con su familia y terminar as\u00ed con la angustiosa b\u00fasqueda.<\/p>\n<div class=\"row m-0 p-0 mb-2 hide-print-box\">\n<div class=\"col p-0 banner-ads-cod tp_1_1\">\n<div id=\"Inread\" class=\"col-12 text-center\">\n<p style=\"text-align: justify;\">Cabe mencionar que la Fundaci\u00f3n presta ayuda y colaboraci\u00f3n a quienes lo requieran en la b\u00fasqueda de personas desaparecidas, se pueden contactar al instagram @busquedayrescatepatagonia.<\/p>\n<\/div>\n<\/div>\n<\/div>\n<\/div><\/section><\/div>\n<div  style='height:50px' class='hr hr-invisible   avia-builder-el-6  el_after_av_one_full  el_before_av_social_share '><span class='hr-inner ' ><span class='hr-inner-style'><\/span><\/span><\/div>\n<div  class='av-social-sharing-box  avia-builder-el-7  el_after_av_hr  el_before_av_hr  '><div class='av-share-box'><h5 class='av-share-link-description av-no-toc '>Compartir esta noticia<\/h5><ul class='av-share-box-list noLightbox'><li class='av-share-link av-social-link-facebook' ><a target=\"_blank\" aria-label=\"Compartir en Facebook\" href='https:\/\/www.facebook.com\/sharer.php?u=https:\/\/radiorevelacionfm.cl\/?p=41073&#038;t=Coyhaiquino%20que%20se%20encontraba%20desaparecido%20es%20encontrado%20con%20vida' aria-hidden='false' data-av_icon='\ue8f3' data-av_iconfont='entypo-fontello' title='' data-avia-related-tooltip='Compartir en Facebook' rel=\"noopener\"><span class='avia_hidden_link_text'>Compartir en Facebook<\/span><\/a><\/li><li class='av-share-link av-social-link-twitter' ><a target=\"_blank\" aria-label=\"Compartir en Twitter\" href='https:\/\/twitter.com\/share?text=Coyhaiquino%20que%20se%20encontraba%20desaparecido%20es%20encontrado%20con%20vida&#038;url=https:\/\/radiorevelacionfm.cl\/?p=41073' aria-hidden='false' data-av_icon='\ue8f1' data-av_iconfont='entypo-fontello' title='' data-avia-related-tooltip='Compartir en Twitter' rel=\"noopener\"><span class='avia_hidden_link_text'>Compartir en Twitter<\/span><\/a><\/li><li class='av-share-link av-social-link-whatsapp' ><a target=\"_blank\" aria-label=\"Compartir en Whatsapp\" href='https:\/\/api.whatsapp.com\/send?text=https:\/\/radiorevelacionfm.cl\/?p=41073' aria-hidden='false' data-av_icon='\uf232' data-av_iconfont='entypo-fontello' title='' data-avia-related-tooltip='Compartir en Whatsapp' rel=\"noopener\"><span class='avia_hidden_link_text'>Compartir en Whatsapp<\/span><\/a><\/li><li class='av-share-link av-social-link-linkedin' ><a target=\"_blank\" aria-label=\"Compartir en LinkedIn\" href='https:\/\/linkedin.com\/shareArticle?mini=true&#038;title=Coyhaiquino%20que%20se%20encontraba%20desaparecido%20es%20encontrado%20con%20vida&#038;url=https:\/\/radiorevelacionfm.cl\/?p=41073' aria-hidden='false' data-av_icon='\ue8fc' data-av_iconfont='entypo-fontello' title='' data-avia-related-tooltip='Compartir en LinkedIn' rel=\"noopener\"><span class='avia_hidden_link_text'>Compartir en LinkedIn<\/span><\/a><\/li><li class='av-share-link av-social-link-mail' ><a  aria-label=\"Compartir por correo\" href='mailto:?subject=Coyhaiquino%20que%20se%20encontraba%20desaparecido%20es%20encontrado%20con%20vida&#038;body=https:\/\/radiorevelacionfm.cl\/?p=41073' aria-hidden='false' data-av_icon='\ue805' data-av_iconfont='entypo-fontello' title='' data-avia-related-tooltip='Compartir por correo'><span class='avia_hidden_link_text'>Compartir por correo<\/span><\/a><\/li><\/ul><\/div><\/div>\n<div  style='height:50px' class='hr hr-invisible   avia-builder-el-8  el_after_av_social_share  el_before_av_comments_list '><span class='hr-inner ' ><span class='hr-inner-style'><\/span><\/span><\/div>\n<div  class='av-buildercomment  av-blog-meta-html-info-disabled av-blog-meta-tag-disabled  '><\/div>\n","protected":false},"excerpt":{"rendered":"","protected":false},"author":1,"featured_media":41076,"comment_status":"open","ping_status":"open","sticky":false,"template":"","format":"standard","meta":{"footnotes":""},"categories":[38],"tags":[],"class_list":["post-41073","post","type-post","status-publish","format-standard","has-post-thumbnail","hentry","category-regional"],"jetpack_featured_media_url":"https:\/\/radiorevelacionfm.cl\/wp-content\/uploads\/2024\/04\/434094089_943281997797695_7386776622943384457_n-2-1.jpg","_links":{"self":[{"href":"https:\/\/radiorevelacionfm.cl\/index.php?rest_route=\/wp\/v2\/posts\/41073","targetHints":{"allow":["GET"]}}],"collection":[{"href":"https:\/\/radiorevelacionfm.cl\/index.php?rest_route=\/wp\/v2\/posts"}],"about":[{"href":"https:\/\/radiorevelacionfm.cl\/index.php?rest_route=\/wp\/v2\/types\/post"}],"author":[{"embeddable":true,"href":"https:\/\/radiorevelacionfm.cl\/index.php?rest_route=\/wp\/v2\/users\/1"}],"replies":[{"embeddable":true,"href":"https:\/\/radiorevelacionfm.cl\/index.php?rest_route=%2Fwp%2Fv2%2Fcomments&post=41073"}],"version-history":[{"count":2,"href":"https:\/\/radiorevelacionfm.cl\/index.php?rest_route=\/wp\/v2\/posts\/41073\/revisions"}],"predecessor-version":[{"id":41077,"href":"https:\/\/radiorevelacionfm.cl\/index.php?rest_route=\/wp\/v2\/posts\/41073\/revisions\/41077"}],"wp:featuredmedia":[{"embeddable":true,"href":"https:\/\/radiorevelacionfm.cl\/index.php?rest_route=\/wp\/v2\/media\/41076"}],"wp:attachment":[{"href":"https:\/\/radiorevelacionfm.cl\/index.php?rest_route=%2Fwp%2Fv2%2Fmedia&parent=41073"}],"wp:term":[{"taxonomy":"category","embeddable":true,"href":"https:\/\/radiorevelacionfm.cl\/index.php?rest_route=%2Fwp%2Fv2%2Fcategories&post=41073"},{"taxonomy":"post_tag","embeddable":true,"href":"https:\/\/radiorevelacionfm.cl\/index.php?rest_route=%2Fwp%2Fv2%2Ftags&post=41073"}],"curies":[{"name":"wp","href":"https:\/\/api.w.org\/{rel}","templated":true}]}}