{"id":41063,"date":"2024-04-07T22:41:15","date_gmt":"2024-04-08T01:41:15","guid":{"rendered":"https:\/\/radiorevelacionfm.cl\/?p=41063"},"modified":"2024-04-07T22:41:15","modified_gmt":"2024-04-08T01:41:15","slug":"firman-convenio-de-colaboracion-para-facilitar-el-acceso-a-la-justicia-de-mujeres-victimas-de-vif","status":"publish","type":"post","link":"https:\/\/radiorevelacionfm.cl\/?p=41063","title":{"rendered":"Firman convenio de colaboraci\u00f3n para facilitar el acceso a la justicia de mujeres v\u00edctimas de VIF"},"content":{"rendered":"<div class=\"flex_column av_one_full  flex_column_div av-zero-column-padding first  avia-builder-el-0  el_before_av_one_full  avia-builder-el-first  \" style='border-radius:0px; '><div  class='avia-image-container  av-styling-    avia-builder-el-1  avia-builder-el-no-sibling  avia-align-center '  itemprop=\"image\" itemscope=\"itemscope\" itemtype=\"https:\/\/schema.org\/ImageObject\"  ><div class='avia-image-container-inner'><div class='avia-image-overlay-wrap'><img decoding=\"async\" class='wp-image-41064 avia-img-lazy-loading-not-41064 avia_image' src=\"https:\/\/radiorevelacionfm.cl\/wp-content\/uploads\/2024\/04\/img_7972-1_optimized.jpeg\" alt='' title='img_7972-(1)_optimized' height=\"600\" width=\"935\"  itemprop=\"thumbnailUrl\" srcset=\"https:\/\/radiorevelacionfm.cl\/wp-content\/uploads\/2024\/04\/img_7972-1_optimized.jpeg 935w, https:\/\/radiorevelacionfm.cl\/wp-content\/uploads\/2024\/04\/img_7972-1_optimized-300x193.jpeg 300w, https:\/\/radiorevelacionfm.cl\/wp-content\/uploads\/2024\/04\/img_7972-1_optimized-768x493.jpeg 768w, https:\/\/radiorevelacionfm.cl\/wp-content\/uploads\/2024\/04\/img_7972-1_optimized-705x452.jpeg 705w, https:\/\/radiorevelacionfm.cl\/wp-content\/uploads\/2024\/04\/img_7972-1_optimized-450x289.jpeg 450w, https:\/\/radiorevelacionfm.cl\/wp-content\/uploads\/2024\/04\/img_7972-1_optimized-600x385.jpeg 600w\" sizes=\"(max-width: 935px) 100vw, 935px\" \/><\/div><\/div><\/div><\/div><div class=\"flex_column av_one_full  flex_column_div av-zero-column-padding first  avia-builder-el-2  el_after_av_one_full  el_before_av_one_full  column-top-margin\" style='border-radius:0px; '><section class=\"av_textblock_section \"  itemscope=\"itemscope\" itemtype=\"https:\/\/schema.org\/BlogPosting\" itemprop=\"blogPost\" ><div class='avia_textblock  '   itemprop=\"text\" ><p style=\"text-align: center;\"><strong><span style=\"font-size: 18pt;\">Firman convenio de colaboraci\u00f3n para facilitar el acceso a la justicia de mujeres v\u00edctimas de VIF <\/span><\/strong><\/p>\n<div id=\"gtx-trans\" style=\"position: absolute; left: -50px; top: 4.31534px;\">\n<div class=\"gtx-trans-icon\"><\/div>\n<\/div>\n<\/div><\/section><\/div><div class=\"flex_column av_one_full  flex_column_div av-zero-column-padding first  avia-builder-el-4  el_after_av_one_full  el_before_av_hr  column-top-margin\" style='border-radius:0px; '><section class=\"av_textblock_section \"  itemscope=\"itemscope\" itemtype=\"https:\/\/schema.org\/BlogPosting\" itemprop=\"blogPost\" ><div class='avia_textblock  '   itemprop=\"text\" ><p style=\"text-align: justify;\"><em>Este acuerdo es el primero a nivel nacional y ser\u00e1 replicado en el resto del territorio.<\/em><\/p>\n<p style=\"text-align: justify;\">En el marco de la Agenda de G\u00e9nero, la semana reci\u00e9n pasada, la Corporaci\u00f3n de Asistencia Judicial (CAJ) del Biob\u00edo y el Servicio Nacional de la Mujer y Equidad de G\u00e9nero (SernamEG) firmaron un convenio de colaboraci\u00f3n para facilitar el acceso a la justicia de mujeres que han sido v\u00edctimas de Violencia Intrafamiliar (VIF).<\/p>\n<p style=\"text-align: justify;\">El hito fue encabezado por las directoras de ambos servicios, Mar\u00eda Francisca Vilches G\u00e1lvez y Patricia Baeza Cabezas respectivamente, quienes fueron acompa\u00f1adas por el Seremi de Justicia y Derechos Humanos en Ays\u00e9n, Samuel Navarro Castro y su par de la cartera de Mujer y Equidad de G\u00e9nero, Andrea M\u00e9ndez Valenzuela.<\/p>\n<p style=\"text-align: justify;\">La Directora Regional (s) de la CAJ Biob\u00edo en Ays\u00e9n explic\u00f3 que este acuerdo busca acercar nuestra oferta de servicios a mujeres que han sido v\u00edctimas de este tipo de vulneraciones indicando que \u201ceste trabajo surge del levantamiento de informaci\u00f3n que realizan los propios equipos de ambas instituciones, donde se detect\u00f3 esta necesidad y por otra parte dentro del convenio se establece la posibilidad de realizar capacitaciones a los funcionarios y funcionarias para facilitar el acceso a la justicia\u201d, a\u00f1adi\u00f3 Mar\u00eda Francisca Vilches.<\/p>\n<p style=\"text-align: justify;\">En tanto, la directora regional de SernamEG Patricia Baeza Cabezas se\u00f1al\u00f3 que \u201ces un convenio muy interesante que viene a reforzar el trabajo que venimos haciendo de manera interinstitucional con la CAJ, y que nos permite ampliar la oferta en materia jur\u00eddica para que las mujeres de nuestra regi\u00f3n, a esto se suma que esta iniciativa tuvo muy buena acogida en las otras direcciones regionales y a lo largo de pa\u00eds, por tanto ser\u00e1 un convenio que se va a replicar en el resto del territorio que en el fondo permite potenciar el trabajo que tenemos entre ambas instituciones para avanzar en la cobertura en materia jur\u00eddica para las mujeres de nuestro territorio\u201d.<\/p>\n<p style=\"text-align: justify;\">Por su parte, el Seremi de Justicia y Derechos Humanos, Samuel Navarro relev\u00f3 esta acci\u00f3n indicando que \u201cnos parece un paso importante en la v\u00eda de formalizar un trabajo que se viene haciendo de apoyo a las v\u00edctimas de violencia intrafamiliar que son atendidas en los dispositivos de SernamEG, y que a trav\u00e9s de este convenio se le va a dar la preferencia y prioridad que requieren de atenci\u00f3n jur\u00eddica, de asistencia tambi\u00e9n en otros aspectos distintos a la violencia intrafamiliar, pero que son de tanto o mayor importancia en el sentido que son problem\u00e1ticas que les aquejan en materia de pensiones de alimentos, materia laboral y en otros aspectos que las mujeres que est\u00e1n en estos dispositivos requieran de asistencia, de esta forma se crea este vinculo directo, formal y expedito entre un servicio y el otro, permitiendo la derivaci\u00f3n para que puedan recibir las prestaciones de parte de la Corporaci\u00f3n de Asistencia Judicial\u201d.<\/p>\n<p style=\"text-align: justify;\">Finalmente, la Seremi de la Mujer y Equidad de G\u00e9nero Andrea M\u00e9ndez se\u00f1al\u00f3 que \u201ccomo Gobierno estamos bien orgullosos respecto a la materializaci\u00f3n de este convenio, que viene a robustecer la respuesta que entrega el Estado a las mujeres v\u00edctimas de violencia de g\u00e9nero a trav\u00e9s de un convenio, en el cual se le presta asistencia jur\u00eddica en tem\u00e1ticas que no tienen que ver exclusivamente con violencia que es lo que realiza el Servicio Nacional de la Mujer y Equidad de G\u00e9nero en tem\u00e1ticas de familia y de cuidados, por lo tanto lo que entendemos de esto es que finalmente es el Estado el que tiene que ir en coherencia tambi\u00e9n con la recientemente aprobada ley integral contra la violencia hacia las mujeres, es finalmente quien se preocupa de otorgarle dignidad a las mujeres\u201d.<\/p>\n<\/div><\/section><\/div><div  style='height:50px' class='hr hr-invisible   avia-builder-el-6  el_after_av_one_full  el_before_av_social_share '><span class='hr-inner ' ><span class='hr-inner-style'><\/span><\/span><\/div><\/p>\n<div  class='av-social-sharing-box  avia-builder-el-7  el_after_av_hr  el_before_av_hr  '><div class='av-share-box'><h5 class='av-share-link-description av-no-toc '>Compartir esta noticia<\/h5><ul class='av-share-box-list noLightbox'><li class='av-share-link av-social-link-facebook' ><a target=\"_blank\" aria-label=\"Compartir en Facebook\" href='https:\/\/www.facebook.com\/sharer.php?u=https:\/\/radiorevelacionfm.cl\/?p=41063&#038;t=Firman%20convenio%20de%20colaboraci%C3%B3n%20para%20facilitar%20el%20acceso%20a%20la%20justicia%20de%20mujeres%20v%C3%ADctimas%20de%20VIF' aria-hidden='false' data-av_icon='\ue8f3' data-av_iconfont='entypo-fontello' title='' data-avia-related-tooltip='Compartir en Facebook' rel=\"noopener\"><span class='avia_hidden_link_text'>Compartir en Facebook<\/span><\/a><\/li><li class='av-share-link av-social-link-twitter' ><a target=\"_blank\" aria-label=\"Compartir en Twitter\" href='https:\/\/twitter.com\/share?text=Firman%20convenio%20de%20colaboraci%C3%B3n%20para%20facilitar%20el%20acceso%20a%20la%20justicia%20de%20mujeres%20v%C3%ADctimas%20de%20VIF&#038;url=https:\/\/radiorevelacionfm.cl\/?p=41063' aria-hidden='false' data-av_icon='\ue8f1' data-av_iconfont='entypo-fontello' title='' data-avia-related-tooltip='Compartir en Twitter' rel=\"noopener\"><span class='avia_hidden_link_text'>Compartir en Twitter<\/span><\/a><\/li><li class='av-share-link av-social-link-whatsapp' ><a target=\"_blank\" aria-label=\"Compartir en Whatsapp\" href='https:\/\/api.whatsapp.com\/send?text=https:\/\/radiorevelacionfm.cl\/?p=41063' aria-hidden='false' data-av_icon='\uf232' data-av_iconfont='entypo-fontello' title='' data-avia-related-tooltip='Compartir en Whatsapp' rel=\"noopener\"><span class='avia_hidden_link_text'>Compartir en Whatsapp<\/span><\/a><\/li><li class='av-share-link av-social-link-linkedin' ><a target=\"_blank\" aria-label=\"Compartir en LinkedIn\" href='https:\/\/linkedin.com\/shareArticle?mini=true&#038;title=Firman%20convenio%20de%20colaboraci%C3%B3n%20para%20facilitar%20el%20acceso%20a%20la%20justicia%20de%20mujeres%20v%C3%ADctimas%20de%20VIF&#038;url=https:\/\/radiorevelacionfm.cl\/?p=41063' aria-hidden='false' data-av_icon='\ue8fc' data-av_iconfont='entypo-fontello' title='' data-avia-related-tooltip='Compartir en LinkedIn' rel=\"noopener\"><span class='avia_hidden_link_text'>Compartir en LinkedIn<\/span><\/a><\/li><li class='av-share-link av-social-link-mail' ><a  aria-label=\"Compartir por correo\" href='mailto:?subject=Firman%20convenio%20de%20colaboraci%C3%B3n%20para%20facilitar%20el%20acceso%20a%20la%20justicia%20de%20mujeres%20v%C3%ADctimas%20de%20VIF&#038;body=https:\/\/radiorevelacionfm.cl\/?p=41063' aria-hidden='false' data-av_icon='\ue805' data-av_iconfont='entypo-fontello' title='' data-avia-related-tooltip='Compartir por correo'><span class='avia_hidden_link_text'>Compartir por correo<\/span><\/a><\/li><\/ul><\/div><\/div>\n<div  style='height:50px' class='hr hr-invisible   avia-builder-el-8  el_after_av_social_share  el_before_av_comments_list '><span class='hr-inner ' ><span class='hr-inner-style'><\/span><\/span><\/div>\n<div  class='av-buildercomment  av-blog-meta-html-info-disabled av-blog-meta-tag-disabled  '><\/div>\n","protected":false},"excerpt":{"rendered":"","protected":false},"author":1,"featured_media":41064,"comment_status":"open","ping_status":"open","sticky":false,"template":"","format":"standard","meta":{"footnotes":""},"categories":[55],"tags":[],"class_list":["post-41063","post","type-post","status-publish","format-standard","has-post-thumbnail","hentry","category-justicia"],"jetpack_featured_media_url":"https:\/\/radiorevelacionfm.cl\/wp-content\/uploads\/2024\/04\/img_7972-1_optimized.jpeg","_links":{"self":[{"href":"https:\/\/radiorevelacionfm.cl\/index.php?rest_route=\/wp\/v2\/posts\/41063","targetHints":{"allow":["GET"]}}],"collection":[{"href":"https:\/\/radiorevelacionfm.cl\/index.php?rest_route=\/wp\/v2\/posts"}],"about":[{"href":"https:\/\/radiorevelacionfm.cl\/index.php?rest_route=\/wp\/v2\/types\/post"}],"author":[{"embeddable":true,"href":"https:\/\/radiorevelacionfm.cl\/index.php?rest_route=\/wp\/v2\/users\/1"}],"replies":[{"embeddable":true,"href":"https:\/\/radiorevelacionfm.cl\/index.php?rest_route=%2Fwp%2Fv2%2Fcomments&post=41063"}],"version-history":[{"count":1,"href":"https:\/\/radiorevelacionfm.cl\/index.php?rest_route=\/wp\/v2\/posts\/41063\/revisions"}],"predecessor-version":[{"id":41065,"href":"https:\/\/radiorevelacionfm.cl\/index.php?rest_route=\/wp\/v2\/posts\/41063\/revisions\/41065"}],"wp:featuredmedia":[{"embeddable":true,"href":"https:\/\/radiorevelacionfm.cl\/index.php?rest_route=\/wp\/v2\/media\/41064"}],"wp:attachment":[{"href":"https:\/\/radiorevelacionfm.cl\/index.php?rest_route=%2Fwp%2Fv2%2Fmedia&parent=41063"}],"wp:term":[{"taxonomy":"category","embeddable":true,"href":"https:\/\/radiorevelacionfm.cl\/index.php?rest_route=%2Fwp%2Fv2%2Fcategories&post=41063"},{"taxonomy":"post_tag","embeddable":true,"href":"https:\/\/radiorevelacionfm.cl\/index.php?rest_route=%2Fwp%2Fv2%2Ftags&post=41063"}],"curies":[{"name":"wp","href":"https:\/\/api.w.org\/{rel}","templated":true}]}}