{"id":41051,"date":"2024-04-05T18:17:37","date_gmt":"2024-04-05T21:17:37","guid":{"rendered":"https:\/\/radiorevelacionfm.cl\/?p=41051"},"modified":"2024-04-05T18:17:37","modified_gmt":"2024-04-05T21:17:37","slug":"gobernadora-macias-firma-convenio-con-subsecretaria-para-afianzar-el-trabajo-de-la-mesa-regional-de-patrimonio","status":"publish","type":"post","link":"https:\/\/radiorevelacionfm.cl\/?p=41051","title":{"rendered":"Gobernadora Mac\u00edas firma convenio con Subsecretaria para afianzar el trabajo de la Mesa Regional de Patrimonio"},"content":{"rendered":"<div class=\"flex_column av_one_full  flex_column_div av-zero-column-padding first  avia-builder-el-0  el_before_av_one_full  avia-builder-el-first  \" style='border-radius:0px; '><div  class='avia-image-container  av-styling-    avia-builder-el-1  avia-builder-el-no-sibling  avia-align-center '  itemprop=\"image\" itemscope=\"itemscope\" itemtype=\"https:\/\/schema.org\/ImageObject\"  ><div class='avia-image-container-inner'><div class='avia-image-overlay-wrap'><img decoding=\"async\" class='wp-image-41052 avia-img-lazy-loading-not-41052 avia_image' src=\"https:\/\/radiorevelacionfm.cl\/wp-content\/uploads\/2024\/04\/whatsapp-image-2024-04-02-at-12_optimized.52.32-pm-1-1-1.jpeg\" alt='' title='whatsapp-image-2024-04-02-at-12_optimized.52.32-pm-(1)-(1) (1)' height=\"600\" width=\"1311\"  itemprop=\"thumbnailUrl\" srcset=\"https:\/\/radiorevelacionfm.cl\/wp-content\/uploads\/2024\/04\/whatsapp-image-2024-04-02-at-12_optimized.52.32-pm-1-1-1.jpeg 1311w, https:\/\/radiorevelacionfm.cl\/wp-content\/uploads\/2024\/04\/whatsapp-image-2024-04-02-at-12_optimized.52.32-pm-1-1-1-300x137.jpeg 300w, https:\/\/radiorevelacionfm.cl\/wp-content\/uploads\/2024\/04\/whatsapp-image-2024-04-02-at-12_optimized.52.32-pm-1-1-1-1030x471.jpeg 1030w, https:\/\/radiorevelacionfm.cl\/wp-content\/uploads\/2024\/04\/whatsapp-image-2024-04-02-at-12_optimized.52.32-pm-1-1-1-768x351.jpeg 768w, https:\/\/radiorevelacionfm.cl\/wp-content\/uploads\/2024\/04\/whatsapp-image-2024-04-02-at-12_optimized.52.32-pm-1-1-1-705x323.jpeg 705w, https:\/\/radiorevelacionfm.cl\/wp-content\/uploads\/2024\/04\/whatsapp-image-2024-04-02-at-12_optimized.52.32-pm-1-1-1-450x206.jpeg 450w, https:\/\/radiorevelacionfm.cl\/wp-content\/uploads\/2024\/04\/whatsapp-image-2024-04-02-at-12_optimized.52.32-pm-1-1-1-600x275.jpeg 600w\" sizes=\"(max-width: 1311px) 100vw, 1311px\" \/><\/div><\/div><\/div><\/div><div class=\"flex_column av_one_full  flex_column_div av-zero-column-padding first  avia-builder-el-2  el_after_av_one_full  el_before_av_one_full  column-top-margin\" style='border-radius:0px; '><section class=\"av_textblock_section \"  itemscope=\"itemscope\" itemtype=\"https:\/\/schema.org\/BlogPosting\" itemprop=\"blogPost\" ><div class='avia_textblock  '   itemprop=\"text\" ><p style=\"text-align: center;\"><strong><span style=\"font-size: 18pt;\">Gobernadora Mac\u00edas firma convenio con Subsecretaria para afianzar el trabajo de la Mesa Regional de Patrimonio<\/span><\/strong><\/p>\n<div id=\"gtx-trans\" style=\"position: absolute; left: -50px; top: 4.31534px;\">\n<div class=\"gtx-trans-icon\"><\/div>\n<\/div>\n<\/div><\/section><\/div><div class=\"flex_column av_one_full  flex_column_div av-zero-column-padding first  avia-builder-el-4  el_after_av_one_full  el_before_av_hr  column-top-margin\" style='border-radius:0px; '><section class=\"av_textblock_section \"  itemscope=\"itemscope\" itemtype=\"https:\/\/schema.org\/BlogPosting\" itemprop=\"blogPost\" ><div class='avia_textblock  '   itemprop=\"text\" ><p dir=\"ltr\" style=\"text-align: justify;\">En el marco de la visita de la Subsecretaria de Patrimonio Carolina P\u00e9rez a la Regi\u00f3n, la Gobernadora Andrea Mac\u00edas Palma firm\u00f3 un convenio con la representante del ministerio de las Culturas, para formalizar el trabajo del Gobierno Regional de Ays\u00e9n en la Mesa Regional para la elaboraci\u00f3n del Plan de Infraestructura Patrimonial.<\/p>\n<p dir=\"ltr\" style=\"text-align: justify;\">Se trata de un plan multisectorial donde participan los ministerios de Culturas, Obras P\u00fablicas, Bienes Nacionales y la Subsecretar\u00eda de Desarrollo Regional (Subdere) para promover la creaci\u00f3n y puesta en valor de nuestros patrimonios.<\/p>\n<p dir=\"ltr\" style=\"text-align: justify;\">\u00abEsto tiene que ver con que existan museos, bibliotecas, archivos, dep\u00f3sitos, pero tambi\u00e9n con poner en valor rutas arqueol\u00f3gicas, geol\u00f3gicas, palenteol\u00f3gicas. Esta es una regi\u00f3n rica en patrimonio, rica en historia que es parte importante de la historia de nuestro pa\u00eds y este plan tiene que ver con c\u00f3mo tenemos un compromiso de Estado con promover proyectos que muchas veces se demoran varios a\u00f1os\u00bb, explic\u00f3 la subsecretaria Carolina P\u00e9rez.<\/p>\n<p dir=\"ltr\" style=\"text-align: justify;\">Por su parte, la Gobernadora Andrea Mac\u00edas agreg\u00f3 que el patrimonio de cada territorio es fundamental para el desarrollo de las comunidades y explic\u00f3 que hoy existe un inventario patrimonial material en la Regi\u00f3n que muestra toda la riqueza que tiene la Patagonia.<\/p>\n<p dir=\"ltr\" style=\"text-align: justify;\">\u00abHoy d\u00eda la historia documental de nuestra regi\u00f3n no est\u00e1 en nuestra regi\u00f3n, est\u00e1 distribu\u00edda un poco ac\u00e1, hay otros que est\u00e1n en Santiago, por lo tanto requerimos contar con un espacio f\u00edsico que permita la recuperaci\u00f3n de nuestro patrimonio documental de la regi\u00f3n de Ays\u00e9n, porque ah\u00ed est\u00e1 nuestra historia. Mientras nosotros tengamos conocimientos certeza y valoraci\u00f3n por aquello desde donde venimos, vamos a tener tambi\u00e9n mayor claridad de hacia d\u00f3nde debemos avanzar, asegur\u00f3 la primera autoridad regional.<\/p>\n<p dir=\"ltr\" style=\"text-align: justify;\">La Gobernadora enfatiz\u00f3 que a partir de este trabajo luego se deben sumar muchas otras l\u00edneas patrimoniales, en materia de paleontolog\u00eda, de geolog\u00eda, de sitios arqueol\u00f3gicos, ya que \u00abhay una riqueza inmensa que tambi\u00e9n puede ser tomada como una oportunidad para poder desarrollar modelos productivos asociado a ellos\u00bb.<\/p>\n<\/div><\/section><\/div><div  style='height:50px' class='hr hr-invisible   avia-builder-el-6  el_after_av_one_full  el_before_av_social_share '><span class='hr-inner ' ><span class='hr-inner-style'><\/span><\/span><\/div><\/p>\n<div  class='av-social-sharing-box  avia-builder-el-7  el_after_av_hr  el_before_av_hr  '><div class='av-share-box'><h5 class='av-share-link-description av-no-toc '>Compartir esta noticia<\/h5><ul class='av-share-box-list noLightbox'><li class='av-share-link av-social-link-facebook' ><a target=\"_blank\" aria-label=\"Compartir en Facebook\" href='https:\/\/www.facebook.com\/sharer.php?u=https:\/\/radiorevelacionfm.cl\/?p=41051&#038;t=Gobernadora%20Mac%C3%ADas%20firma%20convenio%20con%20Subsecretaria%20para%20afianzar%20el%20trabajo%20de%20la%20Mesa%20Regional%20de%20Patrimonio' aria-hidden='false' data-av_icon='\ue8f3' data-av_iconfont='entypo-fontello' title='' data-avia-related-tooltip='Compartir en Facebook' rel=\"noopener\"><span class='avia_hidden_link_text'>Compartir en Facebook<\/span><\/a><\/li><li class='av-share-link av-social-link-twitter' ><a target=\"_blank\" aria-label=\"Compartir en Twitter\" href='https:\/\/twitter.com\/share?text=Gobernadora%20Mac%C3%ADas%20firma%20convenio%20con%20Subsecretaria%20para%20afianzar%20el%20trabajo%20de%20la%20Mesa%20Regional%20de%20Patrimonio&#038;url=https:\/\/radiorevelacionfm.cl\/?p=41051' aria-hidden='false' data-av_icon='\ue8f1' data-av_iconfont='entypo-fontello' title='' data-avia-related-tooltip='Compartir en Twitter' rel=\"noopener\"><span class='avia_hidden_link_text'>Compartir en Twitter<\/span><\/a><\/li><li class='av-share-link av-social-link-whatsapp' ><a target=\"_blank\" aria-label=\"Compartir en Whatsapp\" href='https:\/\/api.whatsapp.com\/send?text=https:\/\/radiorevelacionfm.cl\/?p=41051' aria-hidden='false' data-av_icon='\uf232' data-av_iconfont='entypo-fontello' title='' data-avia-related-tooltip='Compartir en Whatsapp' rel=\"noopener\"><span class='avia_hidden_link_text'>Compartir en Whatsapp<\/span><\/a><\/li><li class='av-share-link av-social-link-linkedin' ><a target=\"_blank\" aria-label=\"Compartir en LinkedIn\" href='https:\/\/linkedin.com\/shareArticle?mini=true&#038;title=Gobernadora%20Mac%C3%ADas%20firma%20convenio%20con%20Subsecretaria%20para%20afianzar%20el%20trabajo%20de%20la%20Mesa%20Regional%20de%20Patrimonio&#038;url=https:\/\/radiorevelacionfm.cl\/?p=41051' aria-hidden='false' data-av_icon='\ue8fc' data-av_iconfont='entypo-fontello' title='' data-avia-related-tooltip='Compartir en LinkedIn' rel=\"noopener\"><span class='avia_hidden_link_text'>Compartir en LinkedIn<\/span><\/a><\/li><li class='av-share-link av-social-link-mail' ><a  aria-label=\"Compartir por correo\" href='mailto:?subject=Gobernadora%20Mac%C3%ADas%20firma%20convenio%20con%20Subsecretaria%20para%20afianzar%20el%20trabajo%20de%20la%20Mesa%20Regional%20de%20Patrimonio&#038;body=https:\/\/radiorevelacionfm.cl\/?p=41051' aria-hidden='false' data-av_icon='\ue805' data-av_iconfont='entypo-fontello' title='' data-avia-related-tooltip='Compartir por correo'><span class='avia_hidden_link_text'>Compartir por correo<\/span><\/a><\/li><\/ul><\/div><\/div>\n<div  style='height:50px' class='hr hr-invisible   avia-builder-el-8  el_after_av_social_share  el_before_av_comments_list '><span class='hr-inner ' ><span class='hr-inner-style'><\/span><\/span><\/div>\n<div  class='av-buildercomment  av-blog-meta-html-info-disabled av-blog-meta-tag-disabled  '><\/div>\n","protected":false},"excerpt":{"rendered":"","protected":false},"author":1,"featured_media":41052,"comment_status":"open","ping_status":"open","sticky":false,"template":"","format":"standard","meta":{"footnotes":""},"categories":[38],"tags":[],"class_list":["post-41051","post","type-post","status-publish","format-standard","has-post-thumbnail","hentry","category-regional"],"jetpack_featured_media_url":"https:\/\/radiorevelacionfm.cl\/wp-content\/uploads\/2024\/04\/whatsapp-image-2024-04-02-at-12_optimized.52.32-pm-1-1-1.jpeg","_links":{"self":[{"href":"https:\/\/radiorevelacionfm.cl\/index.php?rest_route=\/wp\/v2\/posts\/41051","targetHints":{"allow":["GET"]}}],"collection":[{"href":"https:\/\/radiorevelacionfm.cl\/index.php?rest_route=\/wp\/v2\/posts"}],"about":[{"href":"https:\/\/radiorevelacionfm.cl\/index.php?rest_route=\/wp\/v2\/types\/post"}],"author":[{"embeddable":true,"href":"https:\/\/radiorevelacionfm.cl\/index.php?rest_route=\/wp\/v2\/users\/1"}],"replies":[{"embeddable":true,"href":"https:\/\/radiorevelacionfm.cl\/index.php?rest_route=%2Fwp%2Fv2%2Fcomments&post=41051"}],"version-history":[{"count":1,"href":"https:\/\/radiorevelacionfm.cl\/index.php?rest_route=\/wp\/v2\/posts\/41051\/revisions"}],"predecessor-version":[{"id":41053,"href":"https:\/\/radiorevelacionfm.cl\/index.php?rest_route=\/wp\/v2\/posts\/41051\/revisions\/41053"}],"wp:featuredmedia":[{"embeddable":true,"href":"https:\/\/radiorevelacionfm.cl\/index.php?rest_route=\/wp\/v2\/media\/41052"}],"wp:attachment":[{"href":"https:\/\/radiorevelacionfm.cl\/index.php?rest_route=%2Fwp%2Fv2%2Fmedia&parent=41051"}],"wp:term":[{"taxonomy":"category","embeddable":true,"href":"https:\/\/radiorevelacionfm.cl\/index.php?rest_route=%2Fwp%2Fv2%2Fcategories&post=41051"},{"taxonomy":"post_tag","embeddable":true,"href":"https:\/\/radiorevelacionfm.cl\/index.php?rest_route=%2Fwp%2Fv2%2Ftags&post=41051"}],"curies":[{"name":"wp","href":"https:\/\/api.w.org\/{rel}","templated":true}]}}