{"id":41047,"date":"2024-04-05T17:13:51","date_gmt":"2024-04-05T20:13:51","guid":{"rendered":"https:\/\/radiorevelacionfm.cl\/?p=41047"},"modified":"2024-04-05T17:19:12","modified_gmt":"2024-04-05T20:19:12","slug":"injuv-busca-1-000-personas-para-ser-parte-del-dia-de-los-patrimonios","status":"publish","type":"post","link":"https:\/\/radiorevelacionfm.cl\/?p=41047","title":{"rendered":"INJUV busca 1.000 voluntarios\/as para ser parte del D\u00eda de los Patrimonios"},"content":{"rendered":"<div class=\"flex_column av_one_full  flex_column_div av-zero-column-padding first  avia-builder-el-0  el_before_av_one_full  avia-builder-el-first  \" style='border-radius:0px; '><div  class='avia-image-container  av-styling-    avia-builder-el-1  avia-builder-el-no-sibling  avia-align-center '  itemprop=\"image\" itemscope=\"itemscope\" itemtype=\"https:\/\/schema.org\/ImageObject\"  ><div class='avia-image-container-inner'><div class='avia-image-overlay-wrap'><img decoding=\"async\" class='wp-image-41048 avia-img-lazy-loading-not-41048 avia_image' src=\"https:\/\/radiorevelacionfm.cl\/wp-content\/uploads\/2024\/04\/grafica-1-1-1_optimized-1.jpg\" alt='' title='grafica-(1)-(1)-(1)_optimized (1)' height=\"990\" width=\"792\"  itemprop=\"thumbnailUrl\" srcset=\"https:\/\/radiorevelacionfm.cl\/wp-content\/uploads\/2024\/04\/grafica-1-1-1_optimized-1.jpg 792w, https:\/\/radiorevelacionfm.cl\/wp-content\/uploads\/2024\/04\/grafica-1-1-1_optimized-1-240x300.jpg 240w, https:\/\/radiorevelacionfm.cl\/wp-content\/uploads\/2024\/04\/grafica-1-1-1_optimized-1-768x960.jpg 768w, https:\/\/radiorevelacionfm.cl\/wp-content\/uploads\/2024\/04\/grafica-1-1-1_optimized-1-564x705.jpg 564w, https:\/\/radiorevelacionfm.cl\/wp-content\/uploads\/2024\/04\/grafica-1-1-1_optimized-1-450x563.jpg 450w, https:\/\/radiorevelacionfm.cl\/wp-content\/uploads\/2024\/04\/grafica-1-1-1_optimized-1-600x750.jpg 600w\" sizes=\"(max-width: 792px) 100vw, 792px\" \/><\/div><\/div><\/div><\/div>\n<div class=\"flex_column av_one_full  flex_column_div av-zero-column-padding first  avia-builder-el-2  el_after_av_one_full  el_before_av_one_full  column-top-margin\" style='border-radius:0px; '><section class=\"av_textblock_section \"  itemscope=\"itemscope\" itemtype=\"https:\/\/schema.org\/BlogPosting\" itemprop=\"blogPost\" ><div class='avia_textblock  '   itemprop=\"text\" ><p style=\"text-align: center;\"><strong><span style=\"font-size: 18pt;\">INJUV busca 1.000 voluntarios\/as para ser parte del D\u00eda de los Patrimonios<\/span><\/strong><\/p>\n<div id=\"gtx-trans\" style=\"position: absolute; left: -50px; top: 4.31534px;\">\n<div class=\"gtx-trans-icon\"><\/div>\n<\/div>\n<\/div><\/section><\/div><div class=\"flex_column av_one_full  flex_column_div av-zero-column-padding first  avia-builder-el-4  el_after_av_one_full  el_before_av_hr  column-top-margin\" style='border-radius:0px; '><section class=\"av_textblock_section \"  itemscope=\"itemscope\" itemtype=\"https:\/\/schema.org\/BlogPosting\" itemprop=\"blogPost\" ><div class='avia_textblock  '   itemprop=\"text\" ><p style=\"text-align: justify;\"><em>La convocatoria es a nivel nacional y las personas seleccionadas realizar\u00e1n tareas de gu\u00eda, log\u00edstica y mediaci\u00f3n en los lugares patrimoniales que estar\u00e1n abiertos al p\u00fablico el \u00daltimo fin de semana de mayo.<\/em><\/p>\n<p style=\"text-align: justify;\">Este 25 y 26 de mayo se realizar\u00e1 en todas las regiones de pa\u00eds el D\u00eda de los Patrimonios, una celebraci\u00f3n instaurada el a\u00f1o 1999 para promover el disfrute, conocimiento y reflexi\u00f3n ciudadana sobre los patrimonios en Chile.<\/p>\n<p style=\"text-align: justify;\">Para la versi\u00f3n 2024, el Instituto Nacional de la Juventud (INJUV) espera convocar a 1.000 personas voluntarias que puedan colaborar en las distintas actividades que se desarrollar\u00e1n a lo largo de pa\u00eds.<\/p>\n<p style=\"text-align: justify;\">La postulaci\u00f3n estar\u00e1 abierta hasta el 02 de mayo y puede postular cualquier persona mayor de 18 a\u00f1os. Quienes sean seleccionados, contar\u00e1n con una etapa de formaci\u00f3n y de capacitaci\u00f3n en tem\u00e1ticas de voluntariado y patrimonio cultural.<\/p>\n<p style=\"text-align: justify;\">El Seremi de las Culturas, las Artes y el Patrimonio, Felipe Quiroz V\u00e1squez, sostuvo que \u201cestamos trabajando a toda m\u00e1quina para brindar una fiesta inigualable el \u00faltimo fin de semana de Mayo, cuando tradicionalmente celebramos hace 25 a\u00f1os el d\u00eda de los patrimonios. Y el trabajo de los y las voluntarios es fundamental para que el p\u00fablico que siempre es muy masivo pueda visitar ordenadamente y en condiciones de seguridad los cientos de edificios p\u00fablicos e instituciones privadas que abren sus puertas y despliegan miles de actividades durante ese fin de semana. Ojal\u00e1 podamos contar con 1000 voluntarios en la Regi\u00f3n de Ays\u00e9n\u201d.<\/p>\n<p style=\"text-align: justify;\">\u201cEl llamado es a que participen personas que tengan 18 a\u00f1os o m\u00e1s, sin l\u00edmite de edad. Va a existir una etapa de capacitaci\u00f3n para conocer en profundidad estos 25 a\u00f1os de historia; vamos a tener voluntarios y voluntarias con roles para guiar, para acompa\u00f1ar y para responder las distintas dudas o consultas que puedan tener las personas que participen en esta significativa celebraci\u00f3n\u201d, coment\u00f3 el Director Regional de INJUV Ays\u00e9n, Camilo Trivi\u00f1o Urtubia.<\/p>\n<p style=\"text-align: justify;\">En tanto, el Director del Museo Regional de Ays\u00e9n, Gustavo Saldivia P\u00e9rez, indic\u00f3 que \u201ccomo Museo Regional de Ays\u00e9n estamos muy expectantes y contentos por la nueva alianza que tenemos con \u00a0INJUV para nuestro D\u00eda del Patrimonio, el \u00faltimo fin de semana de mayo del presente a\u00f1o. Invitamos a sumarse a todos quienes quieran y cumplan con los requisitos que pueden revisar en nuestras redes, para que nos conozcamos, cooperemos y pasemos un muy buen momento, poniendo en valor nuestro patrimonio y ense\u00f1\u00e1ndolo a todos quienes nos visiten. Estas oportunidades siempre nos dan espacio para establecer puentes, para relaciones que en muchos casos nos han resultado fruct\u00edferas y entretenidas en muchas acciones posteriores. No se olviden de postular, los esperamos\u201d.<\/p>\n<p style=\"text-align: justify;\"><strong>\u00bfQu\u00e9 labores podr\u00e1n realizar las personas voluntarias?<\/strong><\/p>\n<p style=\"text-align: justify;\"><u>Mediaci\u00f3n patrimonial:<\/u>\u00a0personas encargadas de ser un v\u00ednculo entre las audiencias y lugares y\/o actividades<br \/>\n<u>Gu\u00eda patrimonial:<\/u>\u00a0personas encargadas de presentar valores patrimoniales de rutas o visitas puntuales realizadas por organizaciones y\/o espacios<br \/>\n<u>Apoyo log\u00edstico:<\/u>\u00a0personas encargadas de coordinar y apoyar actividades programadas por espacios u organizaciones<br \/>\n<u>Agente informativo:<\/u>\u00a0personas encargadas de entregar informaci\u00f3n en lugares estrat\u00e9gicos para promover la programaci\u00f3n del DPC.<\/p>\n<p style=\"text-align: justify;\">Toda la informaci\u00f3n y postulaciones en <a href=\"https:\/\/extranet.injuv.gob.cl\/dia_del_patrimonio\/-\">https:\/\/extranet.injuv.gob.cl\/dia_del_patrimonio\/-<\/a>, o escr\u00edbenos a nuestras redes sociales,\u00a0 Fan Page, Instagram y Twitter @injuvaysen, visitarnos presencialmente en la Direcci\u00f3n Regional de INJUV Ays\u00e9n, ubicada en Manuel Rodr\u00edguez #239, Coyhaique, de lunes a viernes durante las ma\u00f1anas de 08:00 a 13:00 horas y en la tardes de 14:00 a 17:00 horas, viernes hasta las 16:00 horas.<\/p>\n<\/div><\/section><\/div><\/p>\n<div  style='height:50px' class='hr hr-invisible   avia-builder-el-6  el_after_av_one_full  el_before_av_social_share '><span class='hr-inner ' ><span class='hr-inner-style'><\/span><\/span><\/div>\n<div  class='av-social-sharing-box  avia-builder-el-7  el_after_av_hr  el_before_av_hr  '><div class='av-share-box'><h5 class='av-share-link-description av-no-toc '>Compartir esta noticia<\/h5><ul class='av-share-box-list noLightbox'><li class='av-share-link av-social-link-facebook' ><a target=\"_blank\" aria-label=\"Compartir en Facebook\" href='https:\/\/www.facebook.com\/sharer.php?u=https:\/\/radiorevelacionfm.cl\/?p=41047&#038;t=INJUV%20busca%201.000%20voluntarios%2Fas%20para%20ser%20parte%20del%20D%C3%ADa%20de%20los%20Patrimonios' aria-hidden='false' data-av_icon='\ue8f3' data-av_iconfont='entypo-fontello' title='' data-avia-related-tooltip='Compartir en Facebook' rel=\"noopener\"><span class='avia_hidden_link_text'>Compartir en Facebook<\/span><\/a><\/li><li class='av-share-link av-social-link-twitter' ><a target=\"_blank\" aria-label=\"Compartir en Twitter\" href='https:\/\/twitter.com\/share?text=INJUV%20busca%201.000%20voluntarios%2Fas%20para%20ser%20parte%20del%20D%C3%ADa%20de%20los%20Patrimonios&#038;url=https:\/\/radiorevelacionfm.cl\/?p=41047' aria-hidden='false' data-av_icon='\ue8f1' data-av_iconfont='entypo-fontello' title='' data-avia-related-tooltip='Compartir en Twitter' rel=\"noopener\"><span class='avia_hidden_link_text'>Compartir en Twitter<\/span><\/a><\/li><li class='av-share-link av-social-link-whatsapp' ><a target=\"_blank\" aria-label=\"Compartir en Whatsapp\" href='https:\/\/api.whatsapp.com\/send?text=https:\/\/radiorevelacionfm.cl\/?p=41047' aria-hidden='false' data-av_icon='\uf232' data-av_iconfont='entypo-fontello' title='' data-avia-related-tooltip='Compartir en Whatsapp' rel=\"noopener\"><span class='avia_hidden_link_text'>Compartir en Whatsapp<\/span><\/a><\/li><li class='av-share-link av-social-link-linkedin' ><a target=\"_blank\" aria-label=\"Compartir en LinkedIn\" href='https:\/\/linkedin.com\/shareArticle?mini=true&#038;title=INJUV%20busca%201.000%20voluntarios%2Fas%20para%20ser%20parte%20del%20D%C3%ADa%20de%20los%20Patrimonios&#038;url=https:\/\/radiorevelacionfm.cl\/?p=41047' aria-hidden='false' data-av_icon='\ue8fc' data-av_iconfont='entypo-fontello' title='' data-avia-related-tooltip='Compartir en LinkedIn' rel=\"noopener\"><span class='avia_hidden_link_text'>Compartir en LinkedIn<\/span><\/a><\/li><li class='av-share-link av-social-link-mail' ><a  aria-label=\"Compartir por correo\" href='mailto:?subject=INJUV%20busca%201.000%20voluntarios%2Fas%20para%20ser%20parte%20del%20D%C3%ADa%20de%20los%20Patrimonios&#038;body=https:\/\/radiorevelacionfm.cl\/?p=41047' aria-hidden='false' data-av_icon='\ue805' data-av_iconfont='entypo-fontello' title='' data-avia-related-tooltip='Compartir por correo'><span class='avia_hidden_link_text'>Compartir por correo<\/span><\/a><\/li><\/ul><\/div><\/div>\n<div  style='height:50px' class='hr hr-invisible   avia-builder-el-8  el_after_av_social_share  el_before_av_comments_list '><span class='hr-inner ' ><span class='hr-inner-style'><\/span><\/span><\/div>\n<div  class='av-buildercomment  av-blog-meta-html-info-disabled av-blog-meta-tag-disabled  '><\/div>\n","protected":false},"excerpt":{"rendered":"","protected":false},"author":1,"featured_media":41048,"comment_status":"open","ping_status":"open","sticky":false,"template":"","format":"standard","meta":{"footnotes":""},"categories":[61],"tags":[],"class_list":["post-41047","post","type-post","status-publish","format-standard","has-post-thumbnail","hentry","category-nacional"],"jetpack_featured_media_url":"https:\/\/radiorevelacionfm.cl\/wp-content\/uploads\/2024\/04\/grafica-1-1-1_optimized-1.jpg","_links":{"self":[{"href":"https:\/\/radiorevelacionfm.cl\/index.php?rest_route=\/wp\/v2\/posts\/41047","targetHints":{"allow":["GET"]}}],"collection":[{"href":"https:\/\/radiorevelacionfm.cl\/index.php?rest_route=\/wp\/v2\/posts"}],"about":[{"href":"https:\/\/radiorevelacionfm.cl\/index.php?rest_route=\/wp\/v2\/types\/post"}],"author":[{"embeddable":true,"href":"https:\/\/radiorevelacionfm.cl\/index.php?rest_route=\/wp\/v2\/users\/1"}],"replies":[{"embeddable":true,"href":"https:\/\/radiorevelacionfm.cl\/index.php?rest_route=%2Fwp%2Fv2%2Fcomments&post=41047"}],"version-history":[{"count":2,"href":"https:\/\/radiorevelacionfm.cl\/index.php?rest_route=\/wp\/v2\/posts\/41047\/revisions"}],"predecessor-version":[{"id":41050,"href":"https:\/\/radiorevelacionfm.cl\/index.php?rest_route=\/wp\/v2\/posts\/41047\/revisions\/41050"}],"wp:featuredmedia":[{"embeddable":true,"href":"https:\/\/radiorevelacionfm.cl\/index.php?rest_route=\/wp\/v2\/media\/41048"}],"wp:attachment":[{"href":"https:\/\/radiorevelacionfm.cl\/index.php?rest_route=%2Fwp%2Fv2%2Fmedia&parent=41047"}],"wp:term":[{"taxonomy":"category","embeddable":true,"href":"https:\/\/radiorevelacionfm.cl\/index.php?rest_route=%2Fwp%2Fv2%2Fcategories&post=41047"},{"taxonomy":"post_tag","embeddable":true,"href":"https:\/\/radiorevelacionfm.cl\/index.php?rest_route=%2Fwp%2Fv2%2Ftags&post=41047"}],"curies":[{"name":"wp","href":"https:\/\/api.w.org\/{rel}","templated":true}]}}