{"id":41044,"date":"2024-04-08T12:02:07","date_gmt":"2024-04-08T15:02:07","guid":{"rendered":"https:\/\/radiorevelacionfm.cl\/?p=41044"},"modified":"2024-04-08T12:05:29","modified_gmt":"2024-04-08T15:05:29","slug":"cambio-de-hora-consejos-para-un-ajuste-fisico-y-emocional-saludable","status":"publish","type":"post","link":"https:\/\/radiorevelacionfm.cl\/?p=41044","title":{"rendered":"Cambio de hora: Consejos para un ajuste f\u00edsico y emocional saludable"},"content":{"rendered":"<div class=\"flex_column av_one_full  flex_column_div av-zero-column-padding first  avia-builder-el-0  el_before_av_one_full  avia-builder-el-first  \" style='border-radius:0px; '><div  class='avia-image-container  av-styling-    avia-builder-el-1  avia-builder-el-no-sibling  avia-align-center '  itemprop=\"image\" itemscope=\"itemscope\" itemtype=\"https:\/\/schema.org\/ImageObject\"  ><div class='avia-image-container-inner'><div class='avia-image-overlay-wrap'><img decoding=\"async\" class='wp-image-41045 avia-img-lazy-loading-not-41045 avia_image' src=\"https:\/\/radiorevelacionfm.cl\/wp-content\/uploads\/2024\/04\/Cambio-Hora1-1.jpg\" alt='' title='Cambio Hora1 (1)' height=\"600\" width=\"900\"  itemprop=\"thumbnailUrl\" srcset=\"https:\/\/radiorevelacionfm.cl\/wp-content\/uploads\/2024\/04\/Cambio-Hora1-1.jpg 900w, https:\/\/radiorevelacionfm.cl\/wp-content\/uploads\/2024\/04\/Cambio-Hora1-1-300x200.jpg 300w, https:\/\/radiorevelacionfm.cl\/wp-content\/uploads\/2024\/04\/Cambio-Hora1-1-768x512.jpg 768w, https:\/\/radiorevelacionfm.cl\/wp-content\/uploads\/2024\/04\/Cambio-Hora1-1-705x470.jpg 705w, https:\/\/radiorevelacionfm.cl\/wp-content\/uploads\/2024\/04\/Cambio-Hora1-1-450x300.jpg 450w, https:\/\/radiorevelacionfm.cl\/wp-content\/uploads\/2024\/04\/Cambio-Hora1-1-600x400.jpg 600w\" sizes=\"(max-width: 900px) 100vw, 900px\" \/><\/div><\/div><\/div><\/div>\n<div class=\"flex_column av_one_full  flex_column_div av-zero-column-padding first  avia-builder-el-2  el_after_av_one_full  el_before_av_one_full  column-top-margin\" style='border-radius:0px; '><section class=\"av_textblock_section \"  itemscope=\"itemscope\" itemtype=\"https:\/\/schema.org\/BlogPosting\" itemprop=\"blogPost\" ><div class='avia_textblock  '   itemprop=\"text\" ><p style=\"font-weight: 400; text-align: center;\"><span style=\"font-size: 18pt;\"><strong>Cambio de hora: <\/strong><strong>Consejos para un ajuste f\u00edsico y emocional saludable<\/strong><\/span><\/p>\n<div id=\"gtx-trans\" style=\"position: absolute; left: -50px; top: 4.31534px;\">\n<div class=\"gtx-trans-icon\"><\/div>\n<\/div>\n<\/div><\/section><\/div>\n<div class=\"flex_column av_one_full  flex_column_div av-zero-column-padding first  avia-builder-el-4  el_after_av_one_full  el_before_av_hr  column-top-margin\" style='border-radius:0px; '><section class=\"av_textblock_section \"  itemscope=\"itemscope\" itemtype=\"https:\/\/schema.org\/BlogPosting\" itemprop=\"blogPost\" ><div class='avia_textblock  '   itemprop=\"text\" ><p style=\"font-weight: 400; text-align: justify;\"><em>Un ajuste gradual, limitar el uso de dispositivos electr\u00f3nicos y evitar las bebidas estimulantes son algunas de las recomendaciones que entrega la psic\u00f3loga Jade Ortiz para enfrentar el cambio al horario de invierno.<\/em><\/p>\n<p style=\"font-weight: 400; text-align: justify;\">Este s\u00e1bado 6 de abril se inici\u00f3 el horario de invierno en la mayor\u00eda del territorio nacional. Este cambio, aunque recurrente, puede causar inconvenientes en la rutina de las personas, afectando el estado f\u00edsico y emocional, especialmente en cierto grupo de la poblaci\u00f3n m\u00e1s sensible a los cambios de rutina y exposici\u00f3n a la luz natural.<\/p>\n<p style=\"font-weight: 400; text-align: justify;\">Para Jade Ortiz, psic\u00f3loga y acad\u00e9mica de la Universidad Santo Tom\u00e1s, el cambio de hora puede tener una variedad de efectos en el estado f\u00edsico y emocional de las personas. \u00abEs importante comprender que nuestro cuerpo sigue ritmos biol\u00f3gicos internos, y cualquier alteraci\u00f3n en ellos puede causar cierta disrupci\u00f3n en nuestro bienestar general\u00bb, explica.<\/p>\n<p style=\"font-weight: 400; text-align: justify;\"><strong>Efectos en el sue\u00f1o y estado de \u00e1nimo<\/strong><\/p>\n<p style=\"font-weight: 400; text-align: justify;\">Uno de los principales focos de preocupaci\u00f3n es c\u00f3mo este cambio afecta nuestros patrones de sue\u00f1o. Como se\u00f1ala Ortiz, \u00ablas alteraciones en el sue\u00f1o pueden generar fatiga, irritabilidad e incluso dificultades de concentraci\u00f3n\u00bb. Esto puede ser especialmente relevante para grupos sensibles como los ni\u00f1os y las personas mayores.<\/p>\n<p style=\"font-weight: 400; text-align: justify;\">Seg\u00fan la psic\u00f3loga, el cuerpo humano est\u00e1 intr\u00ednsecamente ligado a rutinas y ciclos biol\u00f3gicos, como el de la melatonina, la hormona del sue\u00f1o. \u00abCuando tenemos cambios de hora, se altera su producci\u00f3n, lo que puede llevar a problemas para conciliar el sue\u00f1o\u00bb, indica.<\/p>\n<p style=\"font-weight: 400; text-align: justify;\">Adem\u00e1s, la experta subraya el papel crucial de la melatonina en la en el bienestar emocional. \u00abNuestra tendencia a segregar melatonina aumenta con la llegada del oscurecer, lo que nos hace sentir m\u00e1s cansados y necesitados de calidez\u00bb, comenta. El aumento de esta hormona, junto con la disminuci\u00f3n de la luz natural, puede generar una sensaci\u00f3n de querer estar m\u00e1s resguardados y afectar nuestro estado de \u00e1nimo.<\/p>\n<p style=\"font-weight: 400; text-align: justify;\">La comprensi\u00f3n de estos efectos es fundamental para proporcionar el apoyo necesario y mitigar cualquier malestar durante este per\u00edodo de transici\u00f3n. Como se\u00f1ala la psic\u00f3loga de la UST, \u00abcada individuo tiene su propia experiencia frente al cambio de hora, por lo que es importante estar atentos a las necesidades espec\u00edficas de cada uno\u00bb.<\/p>\n<p style=\"font-weight: 400; text-align: justify;\"><strong>Adaptaci\u00f3n progresiva<\/strong><\/p>\n<p style=\"font-weight: 400; text-align: justify;\">En t\u00e9rminos generales, el tiempo de adaptaci\u00f3n puede llevar de cuatro d\u00edas a una semana, dependiendo de cada persona. Pero los ni\u00f1os, especialmente los m\u00e1s peque\u00f1os y aquellos en edad escolar, pueden experimentar mayores dificultades para adaptarse al nuevo horario.<\/p>\n<p style=\"font-weight: 400; text-align: justify;\">Para minimizar los efectos negativos del cambio de hora, Jade Ortiz destaca la importancia de adaptarse gradualmente, respetando la rutina diaria y buscando compatibilizar las necesidades de toda la familia.<\/p>\n<p style=\"font-weight: 400; text-align: justify;\">\u201cC\u00f3mo familia es ideal buscar la manera de adaptarse poco a poco. Lo mejor es comenzar a modificar la rutina unos d\u00edas antes, cambiando progresivamente la hora de acostarse. De esta forma se evita un cambio repentino en las horas de sue\u00f1o\u201d, se\u00f1ala la especialista.<\/p>\n<p style=\"font-weight: 400; text-align: justify;\">Adem\u00e1s, es recomendable limitar el uso el uso de dispositivos electr\u00f3nicos durante la tarde-noche, ya que la luz emitida por las pantallas de tel\u00e9fonos y tablets puede alterar a\u00fan m\u00e1s el ciclo de sue\u00f1o y la producci\u00f3n de melatonina, aumentando la fatiga y sobreestimulaci\u00f3n, especialmente en ni\u00f1os.<\/p>\n<p style=\"font-weight: 400; text-align: justify;\">Finalmente, la psic\u00f3loga indica que se deber\u00eda evitar el consumo de bebidas estimulantes como t\u00e9, caf\u00e9 o alcohol para contrarrestar los efectos del cambio de hora, sobre todo durante la tarde. Destaca que estas sustancias pueden aumentar la activaci\u00f3n del cerebro, dificultando a\u00fan m\u00e1s conciliar el sue\u00f1o. En su lugar, sugiere buscar \u201cactividades relajantes y menos exigentes para preparar el cuerpo para el descanso.\u00bb<\/p>\n<\/div><\/section><\/div><div  style='height:50px' class='hr hr-invisible   avia-builder-el-6  el_after_av_one_full  el_before_av_social_share '><span class='hr-inner ' ><span class='hr-inner-style'><\/span><\/span><\/div><\/p>\n<div  class='av-social-sharing-box  avia-builder-el-7  el_after_av_hr  el_before_av_hr  '><div class='av-share-box'><h5 class='av-share-link-description av-no-toc '>Compartir esta noticia<\/h5><ul class='av-share-box-list noLightbox'><li class='av-share-link av-social-link-facebook' ><a target=\"_blank\" aria-label=\"Compartir en Facebook\" href='https:\/\/www.facebook.com\/sharer.php?u=https:\/\/radiorevelacionfm.cl\/?p=41044&#038;t=Cambio%20de%20hora%3A%20Consejos%20para%20un%20ajuste%20f%C3%ADsico%20y%20emocional%20saludable' aria-hidden='false' data-av_icon='\ue8f3' data-av_iconfont='entypo-fontello' title='' data-avia-related-tooltip='Compartir en Facebook' rel=\"noopener\"><span class='avia_hidden_link_text'>Compartir en Facebook<\/span><\/a><\/li><li class='av-share-link av-social-link-twitter' ><a target=\"_blank\" aria-label=\"Compartir en Twitter\" href='https:\/\/twitter.com\/share?text=Cambio%20de%20hora%3A%20Consejos%20para%20un%20ajuste%20f%C3%ADsico%20y%20emocional%20saludable&#038;url=https:\/\/radiorevelacionfm.cl\/?p=41044' aria-hidden='false' data-av_icon='\ue8f1' data-av_iconfont='entypo-fontello' title='' data-avia-related-tooltip='Compartir en Twitter' rel=\"noopener\"><span class='avia_hidden_link_text'>Compartir en Twitter<\/span><\/a><\/li><li class='av-share-link av-social-link-whatsapp' ><a target=\"_blank\" aria-label=\"Compartir en Whatsapp\" href='https:\/\/api.whatsapp.com\/send?text=https:\/\/radiorevelacionfm.cl\/?p=41044' aria-hidden='false' data-av_icon='\uf232' data-av_iconfont='entypo-fontello' title='' data-avia-related-tooltip='Compartir en Whatsapp' rel=\"noopener\"><span class='avia_hidden_link_text'>Compartir en Whatsapp<\/span><\/a><\/li><li class='av-share-link av-social-link-linkedin' ><a target=\"_blank\" aria-label=\"Compartir en LinkedIn\" href='https:\/\/linkedin.com\/shareArticle?mini=true&#038;title=Cambio%20de%20hora%3A%20Consejos%20para%20un%20ajuste%20f%C3%ADsico%20y%20emocional%20saludable&#038;url=https:\/\/radiorevelacionfm.cl\/?p=41044' aria-hidden='false' data-av_icon='\ue8fc' data-av_iconfont='entypo-fontello' title='' data-avia-related-tooltip='Compartir en LinkedIn' rel=\"noopener\"><span class='avia_hidden_link_text'>Compartir en LinkedIn<\/span><\/a><\/li><li class='av-share-link av-social-link-mail' ><a  aria-label=\"Compartir por correo\" href='mailto:?subject=Cambio%20de%20hora%3A%20Consejos%20para%20un%20ajuste%20f%C3%ADsico%20y%20emocional%20saludable&#038;body=https:\/\/radiorevelacionfm.cl\/?p=41044' aria-hidden='false' data-av_icon='\ue805' data-av_iconfont='entypo-fontello' title='' data-avia-related-tooltip='Compartir por correo'><span class='avia_hidden_link_text'>Compartir por correo<\/span><\/a><\/li><\/ul><\/div><\/div>\n<div  style='height:50px' class='hr hr-invisible   avia-builder-el-8  el_after_av_social_share  el_before_av_comments_list '><span class='hr-inner ' ><span class='hr-inner-style'><\/span><\/span><\/div>\n<div  class='av-buildercomment  av-blog-meta-html-info-disabled av-blog-meta-tag-disabled  '><\/div>\n","protected":false},"excerpt":{"rendered":"","protected":false},"author":1,"featured_media":41045,"comment_status":"open","ping_status":"open","sticky":false,"template":"","format":"standard","meta":{"footnotes":""},"categories":[46],"tags":[],"class_list":["post-41044","post","type-post","status-publish","format-standard","has-post-thumbnail","hentry","category-salud"],"jetpack_featured_media_url":"https:\/\/radiorevelacionfm.cl\/wp-content\/uploads\/2024\/04\/Cambio-Hora1-1.jpg","_links":{"self":[{"href":"https:\/\/radiorevelacionfm.cl\/index.php?rest_route=\/wp\/v2\/posts\/41044","targetHints":{"allow":["GET"]}}],"collection":[{"href":"https:\/\/radiorevelacionfm.cl\/index.php?rest_route=\/wp\/v2\/posts"}],"about":[{"href":"https:\/\/radiorevelacionfm.cl\/index.php?rest_route=\/wp\/v2\/types\/post"}],"author":[{"embeddable":true,"href":"https:\/\/radiorevelacionfm.cl\/index.php?rest_route=\/wp\/v2\/users\/1"}],"replies":[{"embeddable":true,"href":"https:\/\/radiorevelacionfm.cl\/index.php?rest_route=%2Fwp%2Fv2%2Fcomments&post=41044"}],"version-history":[{"count":2,"href":"https:\/\/radiorevelacionfm.cl\/index.php?rest_route=\/wp\/v2\/posts\/41044\/revisions"}],"predecessor-version":[{"id":41072,"href":"https:\/\/radiorevelacionfm.cl\/index.php?rest_route=\/wp\/v2\/posts\/41044\/revisions\/41072"}],"wp:featuredmedia":[{"embeddable":true,"href":"https:\/\/radiorevelacionfm.cl\/index.php?rest_route=\/wp\/v2\/media\/41045"}],"wp:attachment":[{"href":"https:\/\/radiorevelacionfm.cl\/index.php?rest_route=%2Fwp%2Fv2%2Fmedia&parent=41044"}],"wp:term":[{"taxonomy":"category","embeddable":true,"href":"https:\/\/radiorevelacionfm.cl\/index.php?rest_route=%2Fwp%2Fv2%2Fcategories&post=41044"},{"taxonomy":"post_tag","embeddable":true,"href":"https:\/\/radiorevelacionfm.cl\/index.php?rest_route=%2Fwp%2Fv2%2Ftags&post=41044"}],"curies":[{"name":"wp","href":"https:\/\/api.w.org\/{rel}","templated":true}]}}