{"id":41041,"date":"2024-04-05T15:36:29","date_gmt":"2024-04-05T18:36:29","guid":{"rendered":"https:\/\/radiorevelacionfm.cl\/?p=41041"},"modified":"2024-04-05T15:36:29","modified_gmt":"2024-04-05T18:36:29","slug":"convocan-a-proceso-de-participacion-ciudadana-para-definir-horario-regional-definitivo","status":"publish","type":"post","link":"https:\/\/radiorevelacionfm.cl\/?p=41041","title":{"rendered":"Convocan a proceso de participaci\u00f3n ciudadana para definir horario regional definitivo"},"content":{"rendered":"<div class=\"flex_column av_one_full  flex_column_div av-zero-column-padding first  avia-builder-el-0  el_before_av_one_full  avia-builder-el-first  \" style='border-radius:0px; '><div  class='avia-image-container  av-styling-    avia-builder-el-1  avia-builder-el-no-sibling  avia-align-center '  itemprop=\"image\" itemscope=\"itemscope\" itemtype=\"https:\/\/schema.org\/ImageObject\"  ><div class='avia-image-container-inner'><div class='avia-image-overlay-wrap'><img decoding=\"async\" class='wp-image-41042 avia-img-lazy-loading-not-41042 avia_image' src=\"https:\/\/radiorevelacionfm.cl\/wp-content\/uploads\/2024\/04\/cambio-de-hora-2024-1-1.jpg\" alt='' title='cambio-de-hora-2024 (1) (1)' height=\"600\" width=\"900\"  itemprop=\"thumbnailUrl\" srcset=\"https:\/\/radiorevelacionfm.cl\/wp-content\/uploads\/2024\/04\/cambio-de-hora-2024-1-1.jpg 900w, https:\/\/radiorevelacionfm.cl\/wp-content\/uploads\/2024\/04\/cambio-de-hora-2024-1-1-300x200.jpg 300w, https:\/\/radiorevelacionfm.cl\/wp-content\/uploads\/2024\/04\/cambio-de-hora-2024-1-1-768x512.jpg 768w, https:\/\/radiorevelacionfm.cl\/wp-content\/uploads\/2024\/04\/cambio-de-hora-2024-1-1-705x470.jpg 705w, https:\/\/radiorevelacionfm.cl\/wp-content\/uploads\/2024\/04\/cambio-de-hora-2024-1-1-450x300.jpg 450w, https:\/\/radiorevelacionfm.cl\/wp-content\/uploads\/2024\/04\/cambio-de-hora-2024-1-1-600x400.jpg 600w\" sizes=\"(max-width: 900px) 100vw, 900px\" \/><\/div><\/div><\/div><\/div><div class=\"flex_column av_one_full  flex_column_div av-zero-column-padding first  avia-builder-el-2  el_after_av_one_full  el_before_av_one_full  column-top-margin\" style='border-radius:0px; '><section class=\"av_textblock_section \"  itemscope=\"itemscope\" itemtype=\"https:\/\/schema.org\/BlogPosting\" itemprop=\"blogPost\" ><div class='avia_textblock  '   itemprop=\"text\" ><p style=\"text-align: center;\"><strong><span style=\"font-size: 18pt;\">Convocan a proceso de participaci\u00f3n ciudadana para definir horario regional definitivo <\/span><\/strong><\/p>\n<div id=\"gtx-trans\" style=\"position: absolute; left: -50px; top: 4.31534px;\">\n<div class=\"gtx-trans-icon\"><\/div>\n<\/div>\n<\/div><\/section><\/div><div class=\"flex_column av_one_full  flex_column_div av-zero-column-padding first  avia-builder-el-4  el_after_av_one_full  el_before_av_hr  column-top-margin\" style='border-radius:0px; '><section class=\"av_textblock_section \"  itemscope=\"itemscope\" itemtype=\"https:\/\/schema.org\/BlogPosting\" itemprop=\"blogPost\" ><div class='avia_textblock  '   itemprop=\"text\" ><p style=\"font-weight: 400; text-align: justify;\">Un proceso de participaci\u00f3n ciudadana desarrollar\u00e1 durante este a\u00f1o la Delegaci\u00f3n Presidencial Regional de Ays\u00e9n para definir el horario regional definitivo, ante las expresiones de permanencia del horario de verano. As\u00ed lo inform\u00f3 este viernes el Delegado Presidencial Regional, Rodrigo Araya, quien confirm\u00f3 que se mantendr\u00e1 el cambio de horario de invierno este a\u00f1o.<\/p>\n<p style=\"font-weight: 400; text-align: justify;\">Al mismo tiempo, comunic\u00f3 la puesta en marcha de un amplio proceso participativo, para que el Ministerio del Interior y Seguridad P\u00fablica implemente adecuadamente la medida, en caso de un consenso regional claro en este tema.<\/p>\n<p style=\"font-weight: 400; text-align: justify;\">\u201cDesde la Delegaci\u00f3n Presidencial Regional, haremos una coordinaci\u00f3n con los actores pol\u00edticos relevantes -Gobierno Regional, alcaldes y parlamentarios-, para que se debata este tema, que haya informaci\u00f3n disponible para toda la ciudadan\u00eda y concretar durante este a\u00f1o una consulta p\u00fablica, una consulta ciudadana, ojal\u00e1 en los diez municipios de la regi\u00f3n, donde se pueda determinar que, efectivamente, hay una decisi\u00f3n ciudadana mayoritaria con respecto a esta decisi\u00f3n del cambio de horario\u201d, se\u00f1al\u00f3.<\/p>\n<p style=\"font-weight: 400; text-align: justify;\">El Delegado Rodrigo Araya dijo que el proceso de participaci\u00f3n ciudadana se desarrollar\u00e1 antes de fin de a\u00f1o, con el objetivo de tener la certeza y los plazos necesarios para la gesti\u00f3n legal y administrativa pertinente.<\/p>\n<p style=\"font-weight: 400; text-align: justify;\">\u201cSe requiere un plazo entre cuatro y seis meses para generar todos los cambios antes del d\u00eda del cambio horario -el primer s\u00e1bado de abril de cada a\u00f1o-, por lo tanto, tendr\u00edamos hasta el mes de diciembre para tomar la decisi\u00f3n, sin embargo, no queremos demorar tanto el proceso. De hecho el cambio de horario de invierno dura hasta septiembre y creemos que este es un plazo prudente como para poder hacer esta difusi\u00f3n, estas conversaciones con los distintos actores, que la comunidad sepa y levantar esa consulta ciudadana, idealmente en el mes de septiembre\u201d, a\u00f1adi\u00f3.<\/p>\n<p style=\"font-weight: 400; text-align: justify;\">La autoridad regional recalc\u00f3 que el t\u00e9rmino del cambio de horario es una demanda ciudadana que ha ido creciendo de forma paulatina, ante lo cual se realiz\u00f3 una recopilaci\u00f3n de informaci\u00f3n y una revisi\u00f3n del estudio realizado por la Universidad de Magallanes, as\u00ed como tambi\u00e9n de investigaciones que aportan informaci\u00f3n, sobre todo, en el \u00e1mbito de la salud. Con esta informaci\u00f3n se estima que se puede dar esta conversaci\u00f3n y obtener y una decisi\u00f3n regional definitiva desde 2025.<\/p>\n<\/div><\/section><\/div><div  style='height:50px' class='hr hr-invisible   avia-builder-el-6  el_after_av_one_full  el_before_av_social_share '><span class='hr-inner ' ><span class='hr-inner-style'><\/span><\/span><\/div><\/p>\n<div  class='av-social-sharing-box  avia-builder-el-7  el_after_av_hr  el_before_av_hr  '><div class='av-share-box'><h5 class='av-share-link-description av-no-toc '>Compartir esta noticia<\/h5><ul class='av-share-box-list noLightbox'><li class='av-share-link av-social-link-facebook' ><a target=\"_blank\" aria-label=\"Compartir en Facebook\" href='https:\/\/www.facebook.com\/sharer.php?u=https:\/\/radiorevelacionfm.cl\/?p=41041&#038;t=Convocan%20a%20proceso%20de%20participaci%C3%B3n%20ciudadana%20para%20definir%20horario%20regional%20definitivo' aria-hidden='false' data-av_icon='\ue8f3' data-av_iconfont='entypo-fontello' title='' data-avia-related-tooltip='Compartir en Facebook' rel=\"noopener\"><span class='avia_hidden_link_text'>Compartir en Facebook<\/span><\/a><\/li><li class='av-share-link av-social-link-twitter' ><a target=\"_blank\" aria-label=\"Compartir en Twitter\" href='https:\/\/twitter.com\/share?text=Convocan%20a%20proceso%20de%20participaci%C3%B3n%20ciudadana%20para%20definir%20horario%20regional%20definitivo&#038;url=https:\/\/radiorevelacionfm.cl\/?p=41041' aria-hidden='false' data-av_icon='\ue8f1' data-av_iconfont='entypo-fontello' title='' data-avia-related-tooltip='Compartir en Twitter' rel=\"noopener\"><span class='avia_hidden_link_text'>Compartir en Twitter<\/span><\/a><\/li><li class='av-share-link av-social-link-whatsapp' ><a target=\"_blank\" aria-label=\"Compartir en Whatsapp\" href='https:\/\/api.whatsapp.com\/send?text=https:\/\/radiorevelacionfm.cl\/?p=41041' aria-hidden='false' data-av_icon='\uf232' data-av_iconfont='entypo-fontello' title='' data-avia-related-tooltip='Compartir en Whatsapp' rel=\"noopener\"><span class='avia_hidden_link_text'>Compartir en Whatsapp<\/span><\/a><\/li><li class='av-share-link av-social-link-linkedin' ><a target=\"_blank\" aria-label=\"Compartir en LinkedIn\" href='https:\/\/linkedin.com\/shareArticle?mini=true&#038;title=Convocan%20a%20proceso%20de%20participaci%C3%B3n%20ciudadana%20para%20definir%20horario%20regional%20definitivo&#038;url=https:\/\/radiorevelacionfm.cl\/?p=41041' aria-hidden='false' data-av_icon='\ue8fc' data-av_iconfont='entypo-fontello' title='' data-avia-related-tooltip='Compartir en LinkedIn' rel=\"noopener\"><span class='avia_hidden_link_text'>Compartir en LinkedIn<\/span><\/a><\/li><li class='av-share-link av-social-link-mail' ><a  aria-label=\"Compartir por correo\" href='mailto:?subject=Convocan%20a%20proceso%20de%20participaci%C3%B3n%20ciudadana%20para%20definir%20horario%20regional%20definitivo&#038;body=https:\/\/radiorevelacionfm.cl\/?p=41041' aria-hidden='false' data-av_icon='\ue805' data-av_iconfont='entypo-fontello' title='' data-avia-related-tooltip='Compartir por correo'><span class='avia_hidden_link_text'>Compartir por correo<\/span><\/a><\/li><\/ul><\/div><\/div>\n<div  style='height:50px' class='hr hr-invisible   avia-builder-el-8  el_after_av_social_share  el_before_av_comments_list '><span class='hr-inner ' ><span class='hr-inner-style'><\/span><\/span><\/div>\n<div  class='av-buildercomment  av-blog-meta-html-info-disabled av-blog-meta-tag-disabled  '><\/div>\n","protected":false},"excerpt":{"rendered":"","protected":false},"author":1,"featured_media":41042,"comment_status":"open","ping_status":"open","sticky":false,"template":"","format":"standard","meta":{"footnotes":""},"categories":[38],"tags":[],"class_list":["post-41041","post","type-post","status-publish","format-standard","has-post-thumbnail","hentry","category-regional"],"jetpack_featured_media_url":"https:\/\/radiorevelacionfm.cl\/wp-content\/uploads\/2024\/04\/cambio-de-hora-2024-1-1.jpg","_links":{"self":[{"href":"https:\/\/radiorevelacionfm.cl\/index.php?rest_route=\/wp\/v2\/posts\/41041","targetHints":{"allow":["GET"]}}],"collection":[{"href":"https:\/\/radiorevelacionfm.cl\/index.php?rest_route=\/wp\/v2\/posts"}],"about":[{"href":"https:\/\/radiorevelacionfm.cl\/index.php?rest_route=\/wp\/v2\/types\/post"}],"author":[{"embeddable":true,"href":"https:\/\/radiorevelacionfm.cl\/index.php?rest_route=\/wp\/v2\/users\/1"}],"replies":[{"embeddable":true,"href":"https:\/\/radiorevelacionfm.cl\/index.php?rest_route=%2Fwp%2Fv2%2Fcomments&post=41041"}],"version-history":[{"count":1,"href":"https:\/\/radiorevelacionfm.cl\/index.php?rest_route=\/wp\/v2\/posts\/41041\/revisions"}],"predecessor-version":[{"id":41043,"href":"https:\/\/radiorevelacionfm.cl\/index.php?rest_route=\/wp\/v2\/posts\/41041\/revisions\/41043"}],"wp:featuredmedia":[{"embeddable":true,"href":"https:\/\/radiorevelacionfm.cl\/index.php?rest_route=\/wp\/v2\/media\/41042"}],"wp:attachment":[{"href":"https:\/\/radiorevelacionfm.cl\/index.php?rest_route=%2Fwp%2Fv2%2Fmedia&parent=41041"}],"wp:term":[{"taxonomy":"category","embeddable":true,"href":"https:\/\/radiorevelacionfm.cl\/index.php?rest_route=%2Fwp%2Fv2%2Fcategories&post=41041"},{"taxonomy":"post_tag","embeddable":true,"href":"https:\/\/radiorevelacionfm.cl\/index.php?rest_route=%2Fwp%2Fv2%2Ftags&post=41041"}],"curies":[{"name":"wp","href":"https:\/\/api.w.org\/{rel}","templated":true}]}}