{"id":41038,"date":"2024-04-05T15:07:49","date_gmt":"2024-04-05T18:07:49","guid":{"rendered":"https:\/\/radiorevelacionfm.cl\/?p=41038"},"modified":"2024-04-05T15:07:49","modified_gmt":"2024-04-05T18:07:49","slug":"los-lazos-intimo-el-documental-que-busca-asegurar-el-legado-del-maestro-arturo-barros-y-su-historico-conjunto","status":"publish","type":"post","link":"https:\/\/radiorevelacionfm.cl\/?p=41038","title":{"rendered":"\u00abLos Lazos \u00cdntimo\u00bb, el documental que busca asegurar el legado del Maestro Arturo Barros y su hist\u00f3rico conjunto"},"content":{"rendered":"<div class=\"flex_column av_one_full  flex_column_div av-zero-column-padding first  avia-builder-el-0  el_before_av_one_full  avia-builder-el-first  \" style='border-radius:0px; '><div  class='avia-image-container  av-styling-    avia-builder-el-1  avia-builder-el-no-sibling  avia-align-center '  itemprop=\"image\" itemscope=\"itemscope\" itemtype=\"https:\/\/schema.org\/ImageObject\"  ><div class='avia-image-container-inner'><div class='avia-image-overlay-wrap'><img decoding=\"async\" class='wp-image-41039 avia-img-lazy-loading-not-41039 avia_image' src=\"https:\/\/radiorevelacionfm.cl\/wp-content\/uploads\/2024\/04\/Los-Lazos-1-1.jpg\" alt='' title='Los Lazos (1) (1)' height=\"600\" width=\"1065\"  itemprop=\"thumbnailUrl\" srcset=\"https:\/\/radiorevelacionfm.cl\/wp-content\/uploads\/2024\/04\/Los-Lazos-1-1.jpg 1065w, https:\/\/radiorevelacionfm.cl\/wp-content\/uploads\/2024\/04\/Los-Lazos-1-1-300x169.jpg 300w, https:\/\/radiorevelacionfm.cl\/wp-content\/uploads\/2024\/04\/Los-Lazos-1-1-1030x580.jpg 1030w, https:\/\/radiorevelacionfm.cl\/wp-content\/uploads\/2024\/04\/Los-Lazos-1-1-768x433.jpg 768w, https:\/\/radiorevelacionfm.cl\/wp-content\/uploads\/2024\/04\/Los-Lazos-1-1-705x397.jpg 705w, https:\/\/radiorevelacionfm.cl\/wp-content\/uploads\/2024\/04\/Los-Lazos-1-1-450x254.jpg 450w, https:\/\/radiorevelacionfm.cl\/wp-content\/uploads\/2024\/04\/Los-Lazos-1-1-600x338.jpg 600w\" sizes=\"(max-width: 1065px) 100vw, 1065px\" \/><\/div><\/div><\/div><\/div><div class=\"flex_column av_one_full  flex_column_div av-zero-column-padding first  avia-builder-el-2  el_after_av_one_full  el_before_av_one_full  column-top-margin\" style='border-radius:0px; '><section class=\"av_textblock_section \"  itemscope=\"itemscope\" itemtype=\"https:\/\/schema.org\/BlogPosting\" itemprop=\"blogPost\" ><div class='avia_textblock  '   itemprop=\"text\" ><p style=\"text-align: center;\"><strong><span style=\"font-size: 18pt;\">\u00abLos Lazos \u00cdntimo\u00bb, el documental que busca asegurar el legado del Maestro Arturo Barros y su hist\u00f3rico conjunto<\/span><\/strong><\/p>\n<div id=\"gtx-trans\" style=\"position: absolute; left: -50px; top: 4.31534px;\">\n<div class=\"gtx-trans-icon\"><\/div>\n<\/div>\n<\/div><\/section><\/div><div class=\"flex_column av_one_full  flex_column_div av-zero-column-padding first  avia-builder-el-4  el_after_av_one_full  el_before_av_hr  column-top-margin\" style='border-radius:0px; '><section class=\"av_textblock_section \"  itemscope=\"itemscope\" itemtype=\"https:\/\/schema.org\/BlogPosting\" itemprop=\"blogPost\" ><div class='avia_textblock  '   itemprop=\"text\" ><p dir=\"ltr\" style=\"text-align: justify;\">Desde esta semana se puede ver en el canal de YouTube de la Fundaci\u00f3n Manos que Ayudan los tres cap\u00edtulos que componen el documental Los Lazos \u00cdntimo, realizado por el profesor y m\u00fasico Carlos Beltr\u00e1n y financiado por el Gobierno Regional y su Consejo.<\/p>\n<p dir=\"ltr\" style=\"text-align: justify;\">Parte de este documental fue exhibido el pasado lunes para la conmemoraci\u00f3n del D\u00eda de las Regiones donde el conjunto Los Lazos recibieron la primera medalla de la Regi\u00f3n de Ays\u00e9n, entregada por el GORE, de manos de la Gobernadora Andrea Mac\u00edas Palma. Esto, junto con el encargo de componer el himno para la Regi\u00f3n.<\/p>\n<p dir=\"ltr\" style=\"text-align: justify;\">El realizador a cargo de Los Lazos \u00cdntimo, Carlos Beltr\u00e1n dijo que el documental se hizo buscando \u00abtransmitir o traspasar todo ese tesoro que ten\u00eda la m\u00fasica del Maestro Arturo Barros y de Los Lazos por supuesto eh a las nuevas generaciones a lugares donde no llegaba por ejemplo un concierto eh gente que pudiera conocer c\u00f3mo los lazos ensayaban c\u00f3mo se pon\u00edan de acuerdo c\u00f3mo creaban la m\u00fasica entonces\u00bb<\/p>\n<p dir=\"ltr\" style=\"text-align: justify;\">Asimismo el realizador valor\u00f3 el reconocimiento recibido por parte de la Gobernadora Andrea Mac\u00edas y el Gobierno Regional y su consejo.<\/p>\n<p dir=\"ltr\" style=\"text-align: justify;\">\u00abEs lo justo, es merecido, es lo que se debi\u00f3 hacerse hace mucho tiempo atr\u00e1s. Los Lazos creo que transportan un tesoro pero muy maravilloso porque logran un paisaje tan lindo como los que tiene la Patagonia, transformarlo en poes\u00eda y llevarlo a la m\u00fasica\u00bb, se\u00f1al\u00f3.<\/p>\n<p dir=\"ltr\" style=\"text-align: justify;\">En esa misma l\u00ednea, la Consejera Regional Paula Acu\u00f1a destac\u00f3 el gesto del ejecutivo del Gobierno Regional para marcar este hito en el D\u00eda de las Regiones.<\/p>\n<p dir=\"ltr\" style=\"text-align: justify;\">\u00abEllos recopilan nuestra historia de quienes llegaron primero a la Regi\u00f3n de Ays\u00e9n y hoy d\u00eda el reconocimiento que hace la Gobernadora al entregar la medalla regional es un sentir que los Consejeros y Consejeras Regionales tenemos, poder reconocer en vida la trayectoria que ellos tienen, particularmente del maestro Arturo Barros es sumamente importante\u00bb, afirm\u00f3.<\/p>\n<p dir=\"ltr\" style=\"text-align: justify;\">Tambi\u00e9n el Consejero Regional Omar Mu\u00f1oz concluy\u00f3 que el homenaje, el documental y el encargo del himno regional son decisiones correctas, por cuanto conectan al mundo pol\u00edtico con la pertinencia territorial y cultural de la regi\u00f3n.<\/p>\n<p dir=\"ltr\" style=\"text-align: justify;\">\u00abContribuye a la identidad de la Regi\u00f3n y por lo tanto est\u00e1 muy vinculado con lo que tiene que ver con las decisiones pol\u00edticas y administrativas que se toman a nivel regional y ayuda a que las autoridades y en la autonom\u00eda de las regiones las decisiones se tomen tomando en cuenta nuestra idiosincrasia, nuestra cultura, nuestras costumbres y aqu\u00ed es relevante lo que ha aportado el grupo Los Lazos\u00bb.<\/p>\n<p dir=\"ltr\" style=\"text-align: justify;\">El Documental Los Lazos \u00cdntimos est\u00e1 disponible en el canal de YouTube de la Fundaci\u00f3n Manos Que Ayudan Patagonia, quienes ejecutaron el proyecto con un financiamiento de 6 millones de pesos v\u00eda asignaci\u00f3n directa del Fondo Nacional de Desarrollo Regional del Gobierno Regional de Ays\u00e9n y su Consejo.<\/p>\n<p dir=\"ltr\" style=\"text-align: justify;\">LINK cap\u00edtulos del documental:<\/p>\n<p dir=\"ltr\" style=\"text-align: left;\"><a href=\"https:\/\/youtu.be\/srUXM9jyfvM?si=je1w5OJHb6YuQ2kG\" target=\"_blank\" rel=\"noopener noreferrer\">https:\/\/youtu.be\/srUXM9jyfvM?si=je1w5OJHb6YuQ2kG<\/a>\u00a0\/\/\u00a0<a href=\"https:\/\/youtu.be\/RrV7gj07STU?si=oR6SMLCjWInHkVcg\" target=\"_blank\" rel=\"noopener noreferrer\">https:\/\/youtu.be\/RrV7gj07STU?si=oR6SMLCjWInHkVcg<\/a>\u00a0\/\/\u00a0<a href=\"https:\/\/youtu.be\/l91bcgMmSP0?si=ONNz4YxYcGm7cyEo\" target=\"_blank\" rel=\"noopener noreferrer\">https:\/\/youtu.be\/l91bcgMmSP0?si=ONNz4YxYcGm7cyEo<\/a><\/p>\n<\/div><\/section><\/div><div  style='height:50px' class='hr hr-invisible   avia-builder-el-6  el_after_av_one_full  el_before_av_social_share '><span class='hr-inner ' ><span class='hr-inner-style'><\/span><\/span><\/div><\/p>\n<div  class='av-social-sharing-box  avia-builder-el-7  el_after_av_hr  el_before_av_hr  '><div class='av-share-box'><h5 class='av-share-link-description av-no-toc '>Compartir esta noticia<\/h5><ul class='av-share-box-list noLightbox'><li class='av-share-link av-social-link-facebook' ><a target=\"_blank\" aria-label=\"Compartir en Facebook\" href='https:\/\/www.facebook.com\/sharer.php?u=https:\/\/radiorevelacionfm.cl\/?p=41038&#038;t=%C2%ABLos%20Lazos%20%C3%8Dntimo%C2%BB%2C%20el%20documental%20que%20busca%20asegurar%20el%20legado%20del%20Maestro%20Arturo%20Barros%20y%20su%20hist%C3%B3rico%20conjunto' aria-hidden='false' data-av_icon='\ue8f3' data-av_iconfont='entypo-fontello' title='' data-avia-related-tooltip='Compartir en Facebook' rel=\"noopener\"><span class='avia_hidden_link_text'>Compartir en Facebook<\/span><\/a><\/li><li class='av-share-link av-social-link-twitter' ><a target=\"_blank\" aria-label=\"Compartir en Twitter\" href='https:\/\/twitter.com\/share?text=%C2%ABLos%20Lazos%20%C3%8Dntimo%C2%BB%2C%20el%20documental%20que%20busca%20asegurar%20el%20legado%20del%20Maestro%20Arturo%20Barros%20y%20su%20hist%C3%B3rico%20conjunto&#038;url=https:\/\/radiorevelacionfm.cl\/?p=41038' aria-hidden='false' data-av_icon='\ue8f1' data-av_iconfont='entypo-fontello' title='' data-avia-related-tooltip='Compartir en Twitter' rel=\"noopener\"><span class='avia_hidden_link_text'>Compartir en Twitter<\/span><\/a><\/li><li class='av-share-link av-social-link-whatsapp' ><a target=\"_blank\" aria-label=\"Compartir en Whatsapp\" href='https:\/\/api.whatsapp.com\/send?text=https:\/\/radiorevelacionfm.cl\/?p=41038' aria-hidden='false' data-av_icon='\uf232' data-av_iconfont='entypo-fontello' title='' data-avia-related-tooltip='Compartir en Whatsapp' rel=\"noopener\"><span class='avia_hidden_link_text'>Compartir en Whatsapp<\/span><\/a><\/li><li class='av-share-link av-social-link-linkedin' ><a target=\"_blank\" aria-label=\"Compartir en LinkedIn\" href='https:\/\/linkedin.com\/shareArticle?mini=true&#038;title=%C2%ABLos%20Lazos%20%C3%8Dntimo%C2%BB%2C%20el%20documental%20que%20busca%20asegurar%20el%20legado%20del%20Maestro%20Arturo%20Barros%20y%20su%20hist%C3%B3rico%20conjunto&#038;url=https:\/\/radiorevelacionfm.cl\/?p=41038' aria-hidden='false' data-av_icon='\ue8fc' data-av_iconfont='entypo-fontello' title='' data-avia-related-tooltip='Compartir en LinkedIn' rel=\"noopener\"><span class='avia_hidden_link_text'>Compartir en LinkedIn<\/span><\/a><\/li><li class='av-share-link av-social-link-mail' ><a  aria-label=\"Compartir por correo\" href='mailto:?subject=%C2%ABLos%20Lazos%20%C3%8Dntimo%C2%BB%2C%20el%20documental%20que%20busca%20asegurar%20el%20legado%20del%20Maestro%20Arturo%20Barros%20y%20su%20hist%C3%B3rico%20conjunto&#038;body=https:\/\/radiorevelacionfm.cl\/?p=41038' aria-hidden='false' data-av_icon='\ue805' data-av_iconfont='entypo-fontello' title='' data-avia-related-tooltip='Compartir por correo'><span class='avia_hidden_link_text'>Compartir por correo<\/span><\/a><\/li><\/ul><\/div><\/div>\n<div  style='height:50px' class='hr hr-invisible   avia-builder-el-8  el_after_av_social_share  el_before_av_comments_list '><span class='hr-inner ' ><span class='hr-inner-style'><\/span><\/span><\/div>\n<div  class='av-buildercomment  av-blog-meta-html-info-disabled av-blog-meta-tag-disabled  '><\/div>\n","protected":false},"excerpt":{"rendered":"","protected":false},"author":1,"featured_media":41039,"comment_status":"open","ping_status":"open","sticky":false,"template":"","format":"standard","meta":{"footnotes":""},"categories":[43],"tags":[],"class_list":["post-41038","post","type-post","status-publish","format-standard","has-post-thumbnail","hentry","category-musica"],"jetpack_featured_media_url":"https:\/\/radiorevelacionfm.cl\/wp-content\/uploads\/2024\/04\/Los-Lazos-1-1.jpg","_links":{"self":[{"href":"https:\/\/radiorevelacionfm.cl\/index.php?rest_route=\/wp\/v2\/posts\/41038","targetHints":{"allow":["GET"]}}],"collection":[{"href":"https:\/\/radiorevelacionfm.cl\/index.php?rest_route=\/wp\/v2\/posts"}],"about":[{"href":"https:\/\/radiorevelacionfm.cl\/index.php?rest_route=\/wp\/v2\/types\/post"}],"author":[{"embeddable":true,"href":"https:\/\/radiorevelacionfm.cl\/index.php?rest_route=\/wp\/v2\/users\/1"}],"replies":[{"embeddable":true,"href":"https:\/\/radiorevelacionfm.cl\/index.php?rest_route=%2Fwp%2Fv2%2Fcomments&post=41038"}],"version-history":[{"count":1,"href":"https:\/\/radiorevelacionfm.cl\/index.php?rest_route=\/wp\/v2\/posts\/41038\/revisions"}],"predecessor-version":[{"id":41040,"href":"https:\/\/radiorevelacionfm.cl\/index.php?rest_route=\/wp\/v2\/posts\/41038\/revisions\/41040"}],"wp:featuredmedia":[{"embeddable":true,"href":"https:\/\/radiorevelacionfm.cl\/index.php?rest_route=\/wp\/v2\/media\/41039"}],"wp:attachment":[{"href":"https:\/\/radiorevelacionfm.cl\/index.php?rest_route=%2Fwp%2Fv2%2Fmedia&parent=41038"}],"wp:term":[{"taxonomy":"category","embeddable":true,"href":"https:\/\/radiorevelacionfm.cl\/index.php?rest_route=%2Fwp%2Fv2%2Fcategories&post=41038"},{"taxonomy":"post_tag","embeddable":true,"href":"https:\/\/radiorevelacionfm.cl\/index.php?rest_route=%2Fwp%2Fv2%2Ftags&post=41038"}],"curies":[{"name":"wp","href":"https:\/\/api.w.org\/{rel}","templated":true}]}}