{"id":41035,"date":"2024-04-08T11:07:16","date_gmt":"2024-04-08T14:07:16","guid":{"rendered":"https:\/\/radiorevelacionfm.cl\/?p=41035"},"modified":"2024-04-08T11:07:16","modified_gmt":"2024-04-08T14:07:16","slug":"cortinas-cortaviento-forestales-su-impacto-positivo-en-los-efectos-del-cambio-climatico","status":"publish","type":"post","link":"https:\/\/radiorevelacionfm.cl\/?p=41035","title":{"rendered":"Cortinas Cortaviento Forestales: su impacto positivo en los efectos del cambio clim\u00e1tico"},"content":{"rendered":"<div class=\"flex_column av_one_full  flex_column_div av-zero-column-padding first  avia-builder-el-0  el_before_av_one_full  avia-builder-el-first  \" style='border-radius:0px; '><div  class='avia-image-container  av-styling-    avia-builder-el-1  avia-builder-el-no-sibling  avia-align-center '  itemprop=\"image\" itemscope=\"itemscope\" itemtype=\"https:\/\/schema.org\/ImageObject\"  ><div class='avia-image-container-inner'><div class='avia-image-overlay-wrap'><img decoding=\"async\" class='wp-image-41036 avia-img-lazy-loading-not-41036 avia_image' src=\"https:\/\/radiorevelacionfm.cl\/wp-content\/uploads\/2024\/04\/Jaime-Salinas-1-1.jpeg\" alt='' title='Jaime Salinas (1) (1)' height=\"998\" width=\"795\"  itemprop=\"thumbnailUrl\" srcset=\"https:\/\/radiorevelacionfm.cl\/wp-content\/uploads\/2024\/04\/Jaime-Salinas-1-1.jpeg 795w, https:\/\/radiorevelacionfm.cl\/wp-content\/uploads\/2024\/04\/Jaime-Salinas-1-1-239x300.jpeg 239w, https:\/\/radiorevelacionfm.cl\/wp-content\/uploads\/2024\/04\/Jaime-Salinas-1-1-768x964.jpeg 768w, https:\/\/radiorevelacionfm.cl\/wp-content\/uploads\/2024\/04\/Jaime-Salinas-1-1-562x705.jpeg 562w, https:\/\/radiorevelacionfm.cl\/wp-content\/uploads\/2024\/04\/Jaime-Salinas-1-1-450x565.jpeg 450w, https:\/\/radiorevelacionfm.cl\/wp-content\/uploads\/2024\/04\/Jaime-Salinas-1-1-600x753.jpeg 600w\" sizes=\"(max-width: 795px) 100vw, 795px\" \/><\/div><\/div><\/div><\/div><div class=\"flex_column av_one_full  flex_column_div av-zero-column-padding first  avia-builder-el-2  el_after_av_one_full  el_before_av_one_full  column-top-margin\" style='border-radius:0px; '><section class=\"av_textblock_section \"  itemscope=\"itemscope\" itemtype=\"https:\/\/schema.org\/BlogPosting\" itemprop=\"blogPost\" ><div class='avia_textblock  '   itemprop=\"text\" ><p style=\"text-align: center;\"><span style=\"font-size: 18pt;\"><strong>Cortinas Cortaviento Forestales: su impacto positivo en los efectos del cambio clim\u00e1<\/strong><strong>tico<\/strong><\/span><\/p>\n<div id=\"gtx-trans\" style=\"position: absolute; left: -50px; top: 4.31534px;\">\n<div class=\"gtx-trans-icon\"><\/div>\n<\/div>\n<\/div><\/section><\/div><div class=\"flex_column av_one_full  flex_column_div av-zero-column-padding first  avia-builder-el-4  el_after_av_one_full  el_before_av_hr  column-top-margin\" style='border-radius:0px; '><section class=\"av_textblock_section \"  itemscope=\"itemscope\" itemtype=\"https:\/\/schema.org\/BlogPosting\" itemprop=\"blogPost\" ><div class='avia_textblock  '   itemprop=\"text\" ><p style=\"text-align: justify;\">Aumentos de la temperatura del aire, deshielo de glaciares, incremento del nivel del mar, as\u00ed como por la mayor frecuencia de fen\u00f3menos atmosf\u00e9ricos extremos como olas de calor, sequ\u00edas, inundaciones y tormentas, son parte de los visibles efectos del cambio clim\u00e1tico. Estos fen\u00f3menos no son globalmente uniformes y afectan a algunas regiones en mayor medida. Por ejemplo, para la comuna de Coyhaique se proyecta una disminuci\u00f3n en la precipitaci\u00f3n media anual de un 8%, aumentos de la temperatura en verano en torno a un 17% en sus valores m\u00e1ximos y de un 25% en los valores m\u00ednimos y, en la temporada de invierno un aumento del 58% en la temperatura m\u00ednima y un 30% en la m\u00e1xima, seg\u00fan un estudio de la Universidad de Chile.<\/p>\n<p style=\"text-align: justify;\">Pero un factor que poco se ha discutido, es el aumento de la velocidad de los vientos que podr\u00eda provocar perjuicio a los sectores productivos ligados al agro. En este sentido cobran relevancia las cortinas forestales cortavientos o de protecci\u00f3n, que son una m\u00e1s de las alternativas que entregan las pr\u00e1cticas agroforestales para ser utilizadas por los agricultores con fines productivos y de protecci\u00f3n ambiental. Estas se definen como el establecimiento de una o m\u00e1s hileras de \u00e1rboles y\/o arbustos dentro de un predio para reducir la intensidad de los vientos y proteger y conservar los recursos naturales incidiendo en el aumento de la productividad predial. La reducci\u00f3n de la velocidad del viento produce cambios micro clim\u00e1ticos\u00a0generando una zona de protecci\u00f3n que se traduce en mejores condiciones para el crecimiento de los cultivos y la protecci\u00f3n del ganado.<\/p>\n<p style=\"text-align: justify;\">Estudios realizados por INFOR e INIA han demostrado importantes resultados en t\u00e9rminos de aumento de productividad de predios que utilizan cortinas cortaviento, donde se han observado incrementos de hasta en un 40% para tr\u00e9bol rosado y alfalfa respectivamente. En t\u00e9rminos simples, un productor que siembra 10 hect\u00e1reas podr\u00eda cosechar la productividad de 14 hect\u00e1reas. Adem\u00e1s, es posible obtener productos maderables y no maderables a trav\u00e9s de su manejo. Pero las cortinas cortaviento tambi\u00e9n exhiben m\u00faltiples efectos ambientales positivos, como la conservaci\u00f3n del suelo, captura de carbono, reducci\u00f3n de la erosi\u00f3n y aumento en la biodiversidad entre otras.<\/p>\n<p style=\"text-align: justify;\">Fomentar estas pr\u00e1cticas de uso del suelo son desaf\u00edos para la Regi\u00f3n, por lo cual es necesario pensar en una mirada de largo plazo, que contemple la generaci\u00f3n de nuevo conocimiento e investigaci\u00f3n cient\u00edfica para su aplicaci\u00f3n territorial. En esa l\u00ednea, INFOR, en conjunto con otras instituciones est\u00e1 organizando en la ciudad de Coyhaique el V Congreso Internacional Agroforestal Patag\u00f3nico (CIAP), instancia donde investigadores, profesionales y tomadores de decisi\u00f3n discutir\u00e1n estas tem\u00e1ticas y propondr\u00e1n perspectivas y propuestas para el futuro de esta y las nuevas generaciones.<\/p>\n<p style=\"text-align: justify;\">\u00a0Por:\u00a0 Jaime Salinas Sanhueza, Gerente Instituto Forestal (INFOR) Sede Patagonia.<\/p>\n<\/div><\/section><\/div><div  style='height:50px' class='hr hr-invisible   avia-builder-el-6  el_after_av_one_full  el_before_av_social_share '><span class='hr-inner ' ><span class='hr-inner-style'><\/span><\/span><\/div><\/p>\n<div  class='av-social-sharing-box  avia-builder-el-7  el_after_av_hr  el_before_av_hr  '><div class='av-share-box'><h5 class='av-share-link-description av-no-toc '>Compartir esta noticia<\/h5><ul class='av-share-box-list noLightbox'><li class='av-share-link av-social-link-facebook' ><a target=\"_blank\" aria-label=\"Compartir en Facebook\" href='https:\/\/www.facebook.com\/sharer.php?u=https:\/\/radiorevelacionfm.cl\/?p=41035&#038;t=Cortinas%20Cortaviento%20Forestales%3A%20su%20impacto%20positivo%20en%20los%20efectos%20del%20cambio%20clim%C3%A1tico' aria-hidden='false' data-av_icon='\ue8f3' data-av_iconfont='entypo-fontello' title='' data-avia-related-tooltip='Compartir en Facebook' rel=\"noopener\"><span class='avia_hidden_link_text'>Compartir en Facebook<\/span><\/a><\/li><li class='av-share-link av-social-link-twitter' ><a target=\"_blank\" aria-label=\"Compartir en Twitter\" href='https:\/\/twitter.com\/share?text=Cortinas%20Cortaviento%20Forestales%3A%20su%20impacto%20positivo%20en%20los%20efectos%20del%20cambio%20clim%C3%A1tico&#038;url=https:\/\/radiorevelacionfm.cl\/?p=41035' aria-hidden='false' data-av_icon='\ue8f1' data-av_iconfont='entypo-fontello' title='' data-avia-related-tooltip='Compartir en Twitter' rel=\"noopener\"><span class='avia_hidden_link_text'>Compartir en Twitter<\/span><\/a><\/li><li class='av-share-link av-social-link-whatsapp' ><a target=\"_blank\" aria-label=\"Compartir en Whatsapp\" href='https:\/\/api.whatsapp.com\/send?text=https:\/\/radiorevelacionfm.cl\/?p=41035' aria-hidden='false' data-av_icon='\uf232' data-av_iconfont='entypo-fontello' title='' data-avia-related-tooltip='Compartir en Whatsapp' rel=\"noopener\"><span class='avia_hidden_link_text'>Compartir en Whatsapp<\/span><\/a><\/li><li class='av-share-link av-social-link-linkedin' ><a target=\"_blank\" aria-label=\"Compartir en LinkedIn\" href='https:\/\/linkedin.com\/shareArticle?mini=true&#038;title=Cortinas%20Cortaviento%20Forestales%3A%20su%20impacto%20positivo%20en%20los%20efectos%20del%20cambio%20clim%C3%A1tico&#038;url=https:\/\/radiorevelacionfm.cl\/?p=41035' aria-hidden='false' data-av_icon='\ue8fc' data-av_iconfont='entypo-fontello' title='' data-avia-related-tooltip='Compartir en LinkedIn' rel=\"noopener\"><span class='avia_hidden_link_text'>Compartir en LinkedIn<\/span><\/a><\/li><li class='av-share-link av-social-link-mail' ><a  aria-label=\"Compartir por correo\" href='mailto:?subject=Cortinas%20Cortaviento%20Forestales%3A%20su%20impacto%20positivo%20en%20los%20efectos%20del%20cambio%20clim%C3%A1tico&#038;body=https:\/\/radiorevelacionfm.cl\/?p=41035' aria-hidden='false' data-av_icon='\ue805' data-av_iconfont='entypo-fontello' title='' data-avia-related-tooltip='Compartir por correo'><span class='avia_hidden_link_text'>Compartir por correo<\/span><\/a><\/li><\/ul><\/div><\/div>\n<div  style='height:50px' class='hr hr-invisible   avia-builder-el-8  el_after_av_social_share  el_before_av_comments_list '><span class='hr-inner ' ><span class='hr-inner-style'><\/span><\/span><\/div>\n<div  class='av-buildercomment  av-blog-meta-html-info-disabled av-blog-meta-tag-disabled  '><\/div>\n","protected":false},"excerpt":{"rendered":"","protected":false},"author":1,"featured_media":41036,"comment_status":"open","ping_status":"open","sticky":false,"template":"","format":"standard","meta":{"footnotes":""},"categories":[50],"tags":[],"class_list":["post-41035","post","type-post","status-publish","format-standard","has-post-thumbnail","hentry","category-cartas-y-opinion"],"jetpack_featured_media_url":"https:\/\/radiorevelacionfm.cl\/wp-content\/uploads\/2024\/04\/Jaime-Salinas-1-1.jpeg","_links":{"self":[{"href":"https:\/\/radiorevelacionfm.cl\/index.php?rest_route=\/wp\/v2\/posts\/41035","targetHints":{"allow":["GET"]}}],"collection":[{"href":"https:\/\/radiorevelacionfm.cl\/index.php?rest_route=\/wp\/v2\/posts"}],"about":[{"href":"https:\/\/radiorevelacionfm.cl\/index.php?rest_route=\/wp\/v2\/types\/post"}],"author":[{"embeddable":true,"href":"https:\/\/radiorevelacionfm.cl\/index.php?rest_route=\/wp\/v2\/users\/1"}],"replies":[{"embeddable":true,"href":"https:\/\/radiorevelacionfm.cl\/index.php?rest_route=%2Fwp%2Fv2%2Fcomments&post=41035"}],"version-history":[{"count":1,"href":"https:\/\/radiorevelacionfm.cl\/index.php?rest_route=\/wp\/v2\/posts\/41035\/revisions"}],"predecessor-version":[{"id":41037,"href":"https:\/\/radiorevelacionfm.cl\/index.php?rest_route=\/wp\/v2\/posts\/41035\/revisions\/41037"}],"wp:featuredmedia":[{"embeddable":true,"href":"https:\/\/radiorevelacionfm.cl\/index.php?rest_route=\/wp\/v2\/media\/41036"}],"wp:attachment":[{"href":"https:\/\/radiorevelacionfm.cl\/index.php?rest_route=%2Fwp%2Fv2%2Fmedia&parent=41035"}],"wp:term":[{"taxonomy":"category","embeddable":true,"href":"https:\/\/radiorevelacionfm.cl\/index.php?rest_route=%2Fwp%2Fv2%2Fcategories&post=41035"},{"taxonomy":"post_tag","embeddable":true,"href":"https:\/\/radiorevelacionfm.cl\/index.php?rest_route=%2Fwp%2Fv2%2Ftags&post=41035"}],"curies":[{"name":"wp","href":"https:\/\/api.w.org\/{rel}","templated":true}]}}