{"id":41032,"date":"2024-04-05T10:09:52","date_gmt":"2024-04-05T13:09:52","guid":{"rendered":"https:\/\/radiorevelacionfm.cl\/?p=41032"},"modified":"2024-04-05T10:09:52","modified_gmt":"2024-04-05T13:09:52","slug":"refuerzan-convocatoria-para-certificaciones-de-competencias-laborales-dirigidas-a-guias-de-turismo-en-aysen","status":"publish","type":"post","link":"https:\/\/radiorevelacionfm.cl\/?p=41032","title":{"rendered":"Refuerzan convocatoria para Certificaciones de Competencias Laborales dirigidas a Gu\u00edas de Turismo en Ays\u00e9n"},"content":{"rendered":"<div class=\"flex_column av_one_full  flex_column_div av-zero-column-padding first  avia-builder-el-0  el_before_av_one_full  avia-builder-el-first  \" style='border-radius:0px; '><div  class='avia-image-container  av-styling-    avia-builder-el-1  avia-builder-el-no-sibling  avia-align-center '  itemprop=\"image\" itemscope=\"itemscope\" itemtype=\"https:\/\/schema.org\/ImageObject\"  ><div class='avia-image-container-inner'><div class='avia-image-overlay-wrap'><img decoding=\"async\" class='wp-image-41033 avia-img-lazy-loading-not-41033 avia_image' src=\"https:\/\/radiorevelacionfm.cl\/wp-content\/uploads\/2024\/04\/guias03-1_optimized-1.jpg\" alt='' title='guias03-(1)_optimized (1)' height=\"600\" width=\"900\"  itemprop=\"thumbnailUrl\" srcset=\"https:\/\/radiorevelacionfm.cl\/wp-content\/uploads\/2024\/04\/guias03-1_optimized-1.jpg 900w, https:\/\/radiorevelacionfm.cl\/wp-content\/uploads\/2024\/04\/guias03-1_optimized-1-300x200.jpg 300w, https:\/\/radiorevelacionfm.cl\/wp-content\/uploads\/2024\/04\/guias03-1_optimized-1-768x512.jpg 768w, https:\/\/radiorevelacionfm.cl\/wp-content\/uploads\/2024\/04\/guias03-1_optimized-1-705x470.jpg 705w, https:\/\/radiorevelacionfm.cl\/wp-content\/uploads\/2024\/04\/guias03-1_optimized-1-450x300.jpg 450w, https:\/\/radiorevelacionfm.cl\/wp-content\/uploads\/2024\/04\/guias03-1_optimized-1-600x400.jpg 600w\" sizes=\"(max-width: 900px) 100vw, 900px\" \/><\/div><\/div><\/div><\/div><div class=\"flex_column av_one_full  flex_column_div av-zero-column-padding first  avia-builder-el-2  el_after_av_one_full  el_before_av_one_full  column-top-margin\" style='border-radius:0px; '><section class=\"av_textblock_section \"  itemscope=\"itemscope\" itemtype=\"https:\/\/schema.org\/BlogPosting\" itemprop=\"blogPost\" ><div class='avia_textblock  '   itemprop=\"text\" ><p style=\"text-align: center;\"><span style=\"font-size: 18pt;\"><strong>Refuerzan convocatoria para Certificaciones de Competencias Laborales dirigidas a Gu\u00edas de Turismo en Ays\u00e9n<\/strong><\/span><\/p>\n<div id=\"gtx-trans\" style=\"position: absolute; left: -50px; top: 4.31534px;\">\n<div class=\"gtx-trans-icon\"><\/div>\n<\/div>\n<\/div><\/section><\/div><div class=\"flex_column av_one_full  flex_column_div av-zero-column-padding first  avia-builder-el-4  el_after_av_one_full  el_before_av_hr  column-top-margin\" style='border-radius:0px; '><section class=\"av_textblock_section \"  itemscope=\"itemscope\" itemtype=\"https:\/\/schema.org\/BlogPosting\" itemprop=\"blogPost\" ><div class='avia_textblock  '   itemprop=\"text\" ><p style=\"text-align: justify;\"><em>La iniciativa busca <\/em><em>reconocer formalmente los conocimientos, capacidades y aptitudes de quienes desarrollan la labor tur\u00edstica en la regi\u00f3n. <\/em><\/p>\n<p style=\"text-align: justify;\">A trav\u00e9s de un convenio para fortalecer el sector tur\u00edstico en la regi\u00f3n de Ays\u00e9n entre el Servicio Nacional de Turismo (Sernatur), ChileValora y el Servicio Nacional de Capacitaci\u00f3n y Empleo (Sence), se inici\u00f3 una convocatoria para llevar a cabo Certificaciones de Competencias Laborales destinadas a los Gu\u00edas de Turismo Generales.<\/p>\n<p style=\"text-align: justify;\">La certificaci\u00f3n est\u00e1 dirigida a aquellos Gu\u00edas de Turismo Generales que se encuentren registrados en Sernatur en estado provisorio debido a la carencia de t\u00edtulos de estudios en turismo, as\u00ed como aquellos gu\u00edas que deseen registrarse y que actualmente no pueden hacerlo por no contar con esta certificaci\u00f3n.<\/p>\n<p style=\"text-align: justify;\">Son 55 cupos para la regi\u00f3n de Ays\u00e9n, que est\u00e1n siendo gestionados por el Centro de Evaluaci\u00f3n de Competencias Laborales, CNC Valida. Estas certificaciones ser\u00e1n llevadas a cabo en terreno, facilitando as\u00ed el acceso de los gu\u00edas a este importante proceso de validaci\u00f3n.<\/p>\n<p style=\"text-align: justify;\">Claudio Montecinos, director regional de Sernatur Ays\u00e9n, resalt\u00f3 el impacto positivo de estas certificaciones en la formalizaci\u00f3n de la oferta tur\u00edstica regional. \u00abLa certificaci\u00f3n de las competencias laborales de los Gu\u00edas de Turismo nos permite avanzar en la profesionalizaci\u00f3n de nuestro sector, garantizando una mejor experiencia para los visitantes que llegan a Ays\u00e9n Patagonia\u00bb.<\/p>\n<p style=\"text-align: justify;\">En tanto el Seremi de Trabajo y Previsi\u00f3n Social, Rodrigo D\u00edaz Cordaro, destac\u00f3 la importancia del trabajo intersectorial para apoyar la econom\u00eda y el turismo en la regi\u00f3n. \u00abComo Gobierno, estamos realizando un trabajo conjunto para potenciar el turismo, una de las vocaciones productivas de nuestra Regi\u00f3n de Ays\u00e9n. A trav\u00e9s de las Zonas de Inter\u00e9s Tur\u00edstico (ZOIT), estamos recabando informaci\u00f3n de requerimientos para capacitaciones a cargo de Sence y ChileValora, instituci\u00f3n que certifica las competencias laborales, permitiendo acceder a mejores puestos de trabajo\u00bb.<\/p>\n<p style=\"text-align: justify;\">Por su parte, el coordinador regional de ChileValora, Rodrigo Moreno, subray\u00f3 el valor de las certificaciones de competencias laborales. \u00abUna certificaci\u00f3n es garant\u00eda de que un trabajador sabe hacer el trabajo requerido, lo que beneficia tanto a los empleadores como a los trabajadores. En el caso de los Gu\u00edas de Turismo, representa un reconocimiento a su experiencia y habilidades, contribuyendo al desarrollo del capital humano en nuestro pa\u00eds\u00bb.<\/p>\n<p style=\"text-align: justify;\">Para mayor informaci\u00f3n, los interesados deben enviar sus datos de contacto (nombre, correo, n\u00famero de celular y localidad) al correo ffigueroa@sernatur.cl<\/p>\n<\/div><\/section><\/div><div  style='height:50px' class='hr hr-invisible   avia-builder-el-6  el_after_av_one_full  el_before_av_social_share '><span class='hr-inner ' ><span class='hr-inner-style'><\/span><\/span><\/div><\/p>\n<div  class='av-social-sharing-box  avia-builder-el-7  el_after_av_hr  el_before_av_hr  '><div class='av-share-box'><h5 class='av-share-link-description av-no-toc '>Compartir esta noticia<\/h5><ul class='av-share-box-list noLightbox'><li class='av-share-link av-social-link-facebook' ><a target=\"_blank\" aria-label=\"Compartir en Facebook\" href='https:\/\/www.facebook.com\/sharer.php?u=https:\/\/radiorevelacionfm.cl\/?p=41032&#038;t=Refuerzan%20convocatoria%20para%20Certificaciones%20de%20Competencias%20Laborales%20dirigidas%20a%20Gu%C3%ADas%20de%20Turismo%20en%20Ays%C3%A9n' aria-hidden='false' data-av_icon='\ue8f3' data-av_iconfont='entypo-fontello' title='' data-avia-related-tooltip='Compartir en Facebook' rel=\"noopener\"><span class='avia_hidden_link_text'>Compartir en Facebook<\/span><\/a><\/li><li class='av-share-link av-social-link-twitter' ><a target=\"_blank\" aria-label=\"Compartir en Twitter\" href='https:\/\/twitter.com\/share?text=Refuerzan%20convocatoria%20para%20Certificaciones%20de%20Competencias%20Laborales%20dirigidas%20a%20Gu%C3%ADas%20de%20Turismo%20en%20Ays%C3%A9n&#038;url=https:\/\/radiorevelacionfm.cl\/?p=41032' aria-hidden='false' data-av_icon='\ue8f1' data-av_iconfont='entypo-fontello' title='' data-avia-related-tooltip='Compartir en Twitter' rel=\"noopener\"><span class='avia_hidden_link_text'>Compartir en Twitter<\/span><\/a><\/li><li class='av-share-link av-social-link-whatsapp' ><a target=\"_blank\" aria-label=\"Compartir en Whatsapp\" href='https:\/\/api.whatsapp.com\/send?text=https:\/\/radiorevelacionfm.cl\/?p=41032' aria-hidden='false' data-av_icon='\uf232' data-av_iconfont='entypo-fontello' title='' data-avia-related-tooltip='Compartir en Whatsapp' rel=\"noopener\"><span class='avia_hidden_link_text'>Compartir en Whatsapp<\/span><\/a><\/li><li class='av-share-link av-social-link-linkedin' ><a target=\"_blank\" aria-label=\"Compartir en LinkedIn\" href='https:\/\/linkedin.com\/shareArticle?mini=true&#038;title=Refuerzan%20convocatoria%20para%20Certificaciones%20de%20Competencias%20Laborales%20dirigidas%20a%20Gu%C3%ADas%20de%20Turismo%20en%20Ays%C3%A9n&#038;url=https:\/\/radiorevelacionfm.cl\/?p=41032' aria-hidden='false' data-av_icon='\ue8fc' data-av_iconfont='entypo-fontello' title='' data-avia-related-tooltip='Compartir en LinkedIn' rel=\"noopener\"><span class='avia_hidden_link_text'>Compartir en LinkedIn<\/span><\/a><\/li><li class='av-share-link av-social-link-mail' ><a  aria-label=\"Compartir por correo\" href='mailto:?subject=Refuerzan%20convocatoria%20para%20Certificaciones%20de%20Competencias%20Laborales%20dirigidas%20a%20Gu%C3%ADas%20de%20Turismo%20en%20Ays%C3%A9n&#038;body=https:\/\/radiorevelacionfm.cl\/?p=41032' aria-hidden='false' data-av_icon='\ue805' data-av_iconfont='entypo-fontello' title='' data-avia-related-tooltip='Compartir por correo'><span class='avia_hidden_link_text'>Compartir por correo<\/span><\/a><\/li><\/ul><\/div><\/div>\n<div  style='height:50px' class='hr hr-invisible   avia-builder-el-8  el_after_av_social_share  el_before_av_comments_list '><span class='hr-inner ' ><span class='hr-inner-style'><\/span><\/span><\/div>\n<div  class='av-buildercomment  av-blog-meta-html-info-disabled av-blog-meta-tag-disabled  '><\/div>\n","protected":false},"excerpt":{"rendered":"","protected":false},"author":1,"featured_media":41033,"comment_status":"open","ping_status":"open","sticky":false,"template":"","format":"standard","meta":{"footnotes":""},"categories":[54],"tags":[],"class_list":["post-41032","post","type-post","status-publish","format-standard","has-post-thumbnail","hentry","category-turismo"],"jetpack_featured_media_url":"https:\/\/radiorevelacionfm.cl\/wp-content\/uploads\/2024\/04\/guias03-1_optimized-1.jpg","_links":{"self":[{"href":"https:\/\/radiorevelacionfm.cl\/index.php?rest_route=\/wp\/v2\/posts\/41032","targetHints":{"allow":["GET"]}}],"collection":[{"href":"https:\/\/radiorevelacionfm.cl\/index.php?rest_route=\/wp\/v2\/posts"}],"about":[{"href":"https:\/\/radiorevelacionfm.cl\/index.php?rest_route=\/wp\/v2\/types\/post"}],"author":[{"embeddable":true,"href":"https:\/\/radiorevelacionfm.cl\/index.php?rest_route=\/wp\/v2\/users\/1"}],"replies":[{"embeddable":true,"href":"https:\/\/radiorevelacionfm.cl\/index.php?rest_route=%2Fwp%2Fv2%2Fcomments&post=41032"}],"version-history":[{"count":1,"href":"https:\/\/radiorevelacionfm.cl\/index.php?rest_route=\/wp\/v2\/posts\/41032\/revisions"}],"predecessor-version":[{"id":41034,"href":"https:\/\/radiorevelacionfm.cl\/index.php?rest_route=\/wp\/v2\/posts\/41032\/revisions\/41034"}],"wp:featuredmedia":[{"embeddable":true,"href":"https:\/\/radiorevelacionfm.cl\/index.php?rest_route=\/wp\/v2\/media\/41033"}],"wp:attachment":[{"href":"https:\/\/radiorevelacionfm.cl\/index.php?rest_route=%2Fwp%2Fv2%2Fmedia&parent=41032"}],"wp:term":[{"taxonomy":"category","embeddable":true,"href":"https:\/\/radiorevelacionfm.cl\/index.php?rest_route=%2Fwp%2Fv2%2Fcategories&post=41032"},{"taxonomy":"post_tag","embeddable":true,"href":"https:\/\/radiorevelacionfm.cl\/index.php?rest_route=%2Fwp%2Fv2%2Ftags&post=41032"}],"curies":[{"name":"wp","href":"https:\/\/api.w.org\/{rel}","templated":true}]}}