{"id":41028,"date":"2024-04-05T09:54:34","date_gmt":"2024-04-05T12:54:34","guid":{"rendered":"https:\/\/radiorevelacionfm.cl\/?p=41028"},"modified":"2024-04-05T09:54:34","modified_gmt":"2024-04-05T12:54:34","slug":"en-coyhaique-se-constituye-la-agrupacion-esperanza-de-vida","status":"publish","type":"post","link":"https:\/\/radiorevelacionfm.cl\/?p=41028","title":{"rendered":"En Coyhaique se constituye la agrupaci\u00f3n Esperanza de Vida"},"content":{"rendered":"<div class=\"flex_column av_one_full  flex_column_div av-zero-column-padding first  avia-builder-el-0  el_before_av_one_full  avia-builder-el-first  \" style='border-radius:0px; '><div  class='avia-image-container  av-styling-    avia-builder-el-1  avia-builder-el-no-sibling  avia-align-center '  itemprop=\"image\" itemscope=\"itemscope\" itemtype=\"https:\/\/schema.org\/ImageObject\"  ><div class='avia-image-container-inner'><div class='avia-image-overlay-wrap'><img decoding=\"async\" class='wp-image-41030 avia-img-lazy-loading-not-41030 avia_image' src=\"https:\/\/radiorevelacionfm.cl\/wp-content\/uploads\/2024\/04\/02-1-2-1.jpeg\" alt='' title='02 (1) (2) (1)' height=\"600\" width=\"800\"  itemprop=\"thumbnailUrl\" srcset=\"https:\/\/radiorevelacionfm.cl\/wp-content\/uploads\/2024\/04\/02-1-2-1.jpeg 800w, https:\/\/radiorevelacionfm.cl\/wp-content\/uploads\/2024\/04\/02-1-2-1-300x225.jpeg 300w, https:\/\/radiorevelacionfm.cl\/wp-content\/uploads\/2024\/04\/02-1-2-1-768x576.jpeg 768w, https:\/\/radiorevelacionfm.cl\/wp-content\/uploads\/2024\/04\/02-1-2-1-705x529.jpeg 705w, https:\/\/radiorevelacionfm.cl\/wp-content\/uploads\/2024\/04\/02-1-2-1-450x338.jpeg 450w, https:\/\/radiorevelacionfm.cl\/wp-content\/uploads\/2024\/04\/02-1-2-1-600x450.jpeg 600w\" sizes=\"(max-width: 800px) 100vw, 800px\" \/><\/div><\/div><\/div><\/div><div class=\"flex_column av_one_full  flex_column_div av-zero-column-padding first  avia-builder-el-2  el_after_av_one_full  el_before_av_one_full  column-top-margin\" style='border-radius:0px; '><section class=\"av_textblock_section \"  itemscope=\"itemscope\" itemtype=\"https:\/\/schema.org\/BlogPosting\" itemprop=\"blogPost\" ><div class='avia_textblock  '   itemprop=\"text\" ><p style=\"text-align: center;\"><strong><span style=\"font-size: 18pt;\">En Coyhaique se constituye la agrupaci\u00f3n Esperanza de Vida<\/span><\/strong><\/p>\n<div id=\"gtx-trans\" style=\"position: absolute; left: -50px; top: 4.31534px;\">\n<div class=\"gtx-trans-icon\"><\/div>\n<\/div>\n<\/div><\/section><\/div><div class=\"flex_column av_one_full  flex_column_div av-zero-column-padding first  avia-builder-el-4  el_after_av_one_full  el_before_av_hr  column-top-margin\" style='border-radius:0px; '><section class=\"av_textblock_section \"  itemscope=\"itemscope\" itemtype=\"https:\/\/schema.org\/BlogPosting\" itemprop=\"blogPost\" ><div class='avia_textblock  '   itemprop=\"text\" ><p style=\"text-align: justify;\">Emulando el ejemplo de la organizaci\u00f3n en Puerto Ays\u00e9n, se constituyeron mujeres de Coyhaique para trabajar por pacientes con obesidad que requieren acceso a mejores tratamientos y acciones complementarias que les permitan lograr una mejor calidad de vida.<\/p>\n<p style=\"text-align: justify;\">De este modo, la Agrupaci\u00f3n qued\u00f3 constituida por Francisca Melinao como Presidenta, acompa\u00f1ada de las dirigentes Makarena Villagr\u00e1n Vidal, Secretaria; Elizabeth V\u00e1squez Mu\u00f1oz, Tesorera; y las Delegadas Jovita Rodr\u00edguez Quiloran, Valeria Araneda Gallardo y Lisvy Villagr\u00e1n Vidal.<\/p>\n<p style=\"text-align: justify;\">En la oportunidad, asisti\u00f3 la Agrupaci\u00f3n \u201cEsperanza de Vida\u201d de Puerto Ays\u00e9n liderada por Jaqueline Melinao, quienes expusieron la experiencia de su organizaci\u00f3n y el trabajo realizado junto al sector salud en la Comuna. Las dirigentes entregaron un mensaje de motivaci\u00f3n a las socias y canalizaron el mensaje de las autoridades sectoriales.<\/p>\n<p style=\"text-align: justify;\">La obesidad ha sido declarada una enfermedad cr\u00f3nica de alta prevalencia en Chile, y desde el 2021 se ha solicitado una mejor cobertura financiera que permita costear atenci\u00f3n, f\u00e1rmacos y gastos asociados a cirug\u00edas, intervenciones m\u00e9dicas, entre otros tratamientos.<\/p>\n<p style=\"text-align: justify;\">\u201cEsta patolog\u00eda cr\u00f3nica aumenta el riesgo para la salud de las personas dado las variables demogr\u00e1ficas, de sedentarismo, clima y alimentaci\u00f3n, que refuerzan los riesgos de sufrir la enfermedad. Razones por la que resulta determinante la organizaci\u00f3n de los pacientes en la Regi\u00f3n\u201d, se\u00f1alaron las dirigentes.<\/p>\n<p style=\"text-align: justify;\">Para finalizar, indicaron que prontamente la nueva organizaci\u00f3n de salud se reunir\u00e1 con las autoridades sectoriales para exponer los desaf\u00edos que se han trazado.<\/p>\n<\/div><\/section><\/div><div  style='height:50px' class='hr hr-invisible   avia-builder-el-6  el_after_av_one_full  el_before_av_social_share '><span class='hr-inner ' ><span class='hr-inner-style'><\/span><\/span><\/div><\/p>\n<div  class='av-social-sharing-box  avia-builder-el-7  el_after_av_hr  el_before_av_hr  '><div class='av-share-box'><h5 class='av-share-link-description av-no-toc '>Compartir esta noticia<\/h5><ul class='av-share-box-list noLightbox'><li class='av-share-link av-social-link-facebook' ><a target=\"_blank\" aria-label=\"Compartir en Facebook\" href='https:\/\/www.facebook.com\/sharer.php?u=https:\/\/radiorevelacionfm.cl\/?p=41028&#038;t=En%20Coyhaique%20se%20constituye%20la%20agrupaci%C3%B3n%20Esperanza%20de%20Vida' aria-hidden='false' data-av_icon='\ue8f3' data-av_iconfont='entypo-fontello' title='' data-avia-related-tooltip='Compartir en Facebook' rel=\"noopener\"><span class='avia_hidden_link_text'>Compartir en Facebook<\/span><\/a><\/li><li class='av-share-link av-social-link-twitter' ><a target=\"_blank\" aria-label=\"Compartir en Twitter\" href='https:\/\/twitter.com\/share?text=En%20Coyhaique%20se%20constituye%20la%20agrupaci%C3%B3n%20Esperanza%20de%20Vida&#038;url=https:\/\/radiorevelacionfm.cl\/?p=41028' aria-hidden='false' data-av_icon='\ue8f1' data-av_iconfont='entypo-fontello' title='' data-avia-related-tooltip='Compartir en Twitter' rel=\"noopener\"><span class='avia_hidden_link_text'>Compartir en Twitter<\/span><\/a><\/li><li class='av-share-link av-social-link-whatsapp' ><a target=\"_blank\" aria-label=\"Compartir en Whatsapp\" href='https:\/\/api.whatsapp.com\/send?text=https:\/\/radiorevelacionfm.cl\/?p=41028' aria-hidden='false' data-av_icon='\uf232' data-av_iconfont='entypo-fontello' title='' data-avia-related-tooltip='Compartir en Whatsapp' rel=\"noopener\"><span class='avia_hidden_link_text'>Compartir en Whatsapp<\/span><\/a><\/li><li class='av-share-link av-social-link-linkedin' ><a target=\"_blank\" aria-label=\"Compartir en LinkedIn\" href='https:\/\/linkedin.com\/shareArticle?mini=true&#038;title=En%20Coyhaique%20se%20constituye%20la%20agrupaci%C3%B3n%20Esperanza%20de%20Vida&#038;url=https:\/\/radiorevelacionfm.cl\/?p=41028' aria-hidden='false' data-av_icon='\ue8fc' data-av_iconfont='entypo-fontello' title='' data-avia-related-tooltip='Compartir en LinkedIn' rel=\"noopener\"><span class='avia_hidden_link_text'>Compartir en LinkedIn<\/span><\/a><\/li><li class='av-share-link av-social-link-mail' ><a  aria-label=\"Compartir por correo\" href='mailto:?subject=En%20Coyhaique%20se%20constituye%20la%20agrupaci%C3%B3n%20Esperanza%20de%20Vida&#038;body=https:\/\/radiorevelacionfm.cl\/?p=41028' aria-hidden='false' data-av_icon='\ue805' data-av_iconfont='entypo-fontello' title='' data-avia-related-tooltip='Compartir por correo'><span class='avia_hidden_link_text'>Compartir por correo<\/span><\/a><\/li><\/ul><\/div><\/div>\n<div  style='height:50px' class='hr hr-invisible   avia-builder-el-8  el_after_av_social_share  el_before_av_comments_list '><span class='hr-inner ' ><span class='hr-inner-style'><\/span><\/span><\/div>\n<div  class='av-buildercomment  av-blog-meta-html-info-disabled av-blog-meta-tag-disabled  '><\/div>\n","protected":false},"excerpt":{"rendered":"","protected":false},"author":1,"featured_media":41030,"comment_status":"open","ping_status":"open","sticky":false,"template":"","format":"standard","meta":{"footnotes":""},"categories":[38],"tags":[],"class_list":["post-41028","post","type-post","status-publish","format-standard","has-post-thumbnail","hentry","category-regional"],"jetpack_featured_media_url":"https:\/\/radiorevelacionfm.cl\/wp-content\/uploads\/2024\/04\/02-1-2-1.jpeg","_links":{"self":[{"href":"https:\/\/radiorevelacionfm.cl\/index.php?rest_route=\/wp\/v2\/posts\/41028","targetHints":{"allow":["GET"]}}],"collection":[{"href":"https:\/\/radiorevelacionfm.cl\/index.php?rest_route=\/wp\/v2\/posts"}],"about":[{"href":"https:\/\/radiorevelacionfm.cl\/index.php?rest_route=\/wp\/v2\/types\/post"}],"author":[{"embeddable":true,"href":"https:\/\/radiorevelacionfm.cl\/index.php?rest_route=\/wp\/v2\/users\/1"}],"replies":[{"embeddable":true,"href":"https:\/\/radiorevelacionfm.cl\/index.php?rest_route=%2Fwp%2Fv2%2Fcomments&post=41028"}],"version-history":[{"count":1,"href":"https:\/\/radiorevelacionfm.cl\/index.php?rest_route=\/wp\/v2\/posts\/41028\/revisions"}],"predecessor-version":[{"id":41031,"href":"https:\/\/radiorevelacionfm.cl\/index.php?rest_route=\/wp\/v2\/posts\/41028\/revisions\/41031"}],"wp:featuredmedia":[{"embeddable":true,"href":"https:\/\/radiorevelacionfm.cl\/index.php?rest_route=\/wp\/v2\/media\/41030"}],"wp:attachment":[{"href":"https:\/\/radiorevelacionfm.cl\/index.php?rest_route=%2Fwp%2Fv2%2Fmedia&parent=41028"}],"wp:term":[{"taxonomy":"category","embeddable":true,"href":"https:\/\/radiorevelacionfm.cl\/index.php?rest_route=%2Fwp%2Fv2%2Fcategories&post=41028"},{"taxonomy":"post_tag","embeddable":true,"href":"https:\/\/radiorevelacionfm.cl\/index.php?rest_route=%2Fwp%2Fv2%2Ftags&post=41028"}],"curies":[{"name":"wp","href":"https:\/\/api.w.org\/{rel}","templated":true}]}}