{"id":41016,"date":"2024-04-04T16:33:59","date_gmt":"2024-04-04T19:33:59","guid":{"rendered":"https:\/\/radiorevelacionfm.cl\/?p=41016"},"modified":"2024-04-04T16:33:59","modified_gmt":"2024-04-04T19:33:59","slug":"fosiles-y-rocas-patrimoniales-se-tomaron-el-doble-lanzamiento-del-proyecto-geoparque-chelenko-en-la-provincia-general-carrera","status":"publish","type":"post","link":"https:\/\/radiorevelacionfm.cl\/?p=41016","title":{"rendered":"F\u00f3siles y rocas patrimoniales se tomaron el doble lanzamiento del proyecto Geoparque Chelenko en la provincia General Carrera"},"content":{"rendered":"<div class=\"flex_column av_one_full  flex_column_div av-zero-column-padding first  avia-builder-el-0  el_before_av_one_full  avia-builder-el-first  \" style='border-radius:0px; '><div  class='avia-image-container  av-styling-    avia-builder-el-1  avia-builder-el-no-sibling  avia-align-center '  itemprop=\"image\" itemscope=\"itemscope\" itemtype=\"https:\/\/schema.org\/ImageObject\"  ><div class='avia-image-container-inner'><div class='avia-image-overlay-wrap'><img decoding=\"async\" class='wp-image-41017 avia-img-lazy-loading-not-41017 avia_image' src=\"https:\/\/radiorevelacionfm.cl\/wp-content\/uploads\/2024\/04\/09-GeoParque-1-1.jpg\" alt='' title='09 GeoParque (1) (1)' height=\"600\" width=\"900\"  itemprop=\"thumbnailUrl\" srcset=\"https:\/\/radiorevelacionfm.cl\/wp-content\/uploads\/2024\/04\/09-GeoParque-1-1.jpg 900w, https:\/\/radiorevelacionfm.cl\/wp-content\/uploads\/2024\/04\/09-GeoParque-1-1-300x200.jpg 300w, https:\/\/radiorevelacionfm.cl\/wp-content\/uploads\/2024\/04\/09-GeoParque-1-1-768x512.jpg 768w, https:\/\/radiorevelacionfm.cl\/wp-content\/uploads\/2024\/04\/09-GeoParque-1-1-705x470.jpg 705w, https:\/\/radiorevelacionfm.cl\/wp-content\/uploads\/2024\/04\/09-GeoParque-1-1-450x300.jpg 450w, https:\/\/radiorevelacionfm.cl\/wp-content\/uploads\/2024\/04\/09-GeoParque-1-1-600x400.jpg 600w\" sizes=\"(max-width: 900px) 100vw, 900px\" \/><\/div><\/div><\/div><\/div><div class=\"flex_column av_one_full  flex_column_div av-zero-column-padding first  avia-builder-el-2  el_after_av_one_full  el_before_av_one_full  column-top-margin\" style='border-radius:0px; '><section class=\"av_textblock_section \"  itemscope=\"itemscope\" itemtype=\"https:\/\/schema.org\/BlogPosting\" itemprop=\"blogPost\" ><div class='avia_textblock  '   itemprop=\"text\" ><p style=\"text-align: center;\"><span style=\"font-size: 18pt;\"><b><span lang=\"es-419\">F\u00f3siles y rocas patrimoniales se tomaron el doble lanzamiento del proyecto Geoparque Chelenko en la provincia General Carrera<\/span><\/b><\/span><\/p>\n<div id=\"gtx-trans\" style=\"position: absolute; left: -50px; top: 4.31534px;\">\n<div class=\"gtx-trans-icon\"><\/div>\n<\/div>\n<\/div><\/section><\/div><div class=\"flex_column av_one_full  flex_column_div av-zero-column-padding first  avia-builder-el-4  el_after_av_one_full  el_before_av_hr  column-top-margin\" style='border-radius:0px; '><section class=\"av_textblock_section \"  itemscope=\"itemscope\" itemtype=\"https:\/\/schema.org\/BlogPosting\" itemprop=\"blogPost\" ><div class='avia_textblock  '   itemprop=\"text\" ><p class=\"v1MsoNormal\" style=\"text-align: justify;\"><i><span lang=\"es-419\">Una alta convocatoria de autoridades, dirigentes sociales y j\u00f3venes marc\u00f3 la puesta en marcha de un proyecto que busca poner en el mapa mundial el patrimonio geol\u00f3gico de la ribera del lago.<\/span><\/i><\/p>\n<p class=\"v1MsoNormal\" style=\"text-align: justify;\"><span lang=\"es-419\">\u00ab\u00a1Queremos tener un geoparque en la regi\u00f3n de Ays\u00e9n!\u00bb Esa es la premisa base del proyecto Geoparque Chelenko, iniciativa que recientemente celebr\u00f3 un doble lanzamiento en la provincia de General Carrera. Y es que con un patrimonio que destaca a nivel internacional, este hito se convirti\u00f3 en una verdadera exposici\u00f3n geol\u00f3gica y paleontol\u00f3gica, con material directamente proveniente del Museo Regional de Ays\u00e9n. Los eventos tuvieron lugar el lunes 1 de abril en Villa Cerro Castillo y el mi\u00e9rcoles 3 en Chile Chico.<\/span><\/p>\n<p class=\"v1MsoNormal\" style=\"text-align: justify;\"><span lang=\"es-419\">Esta iniciativa, financiada a trav\u00e9s del programa Bien P\u00fablico de Corfo de Corfo y con el respaldo del Gobierno Regional de Ays\u00e9n, tiene como objetivo la creaci\u00f3n del primer geoparque de la regi\u00f3n, ubicado en la provincia de General Carrera. Esta decisi\u00f3n se fundamenta en la notable riqueza y diversidad geol\u00f3gica presentes en la zona, la cual cuenta con el mayor n\u00famero de geositios reconocidos por la Sociedad Geol\u00f3gica de Chile en todo el pa\u00eds.<\/span><\/p>\n<p class=\"v1MsoNormal\" style=\"text-align: justify;\"><span lang=\"es-419\">Como resultado, diversas instituciones participan en su ejecuci\u00f3n, proporcionando una visi\u00f3n multidisciplinaria del tema. La subsecretar\u00eda de Miner\u00eda act\u00faa como mandante, mientras que el Servicio Nacional de Patrimonio Cultural, a trav\u00e9s del Museo Regional de Ays\u00e9n, es responsable de su ejecuci\u00f3n. Adem\u00e1s, las municipalidades de R\u00edo Ib\u00e1\u00f1ez y Chile Chico, SERNATUR, SERNAGEOMIN, Universidad Andr\u00e9s Bello y la Corporaci\u00f3n Chelenko participan como co-ejecutores y colaboradores, respectivamente.<\/span><\/p>\n<p class=\"v1MsoNormal\" style=\"text-align: justify;\"><b><span lang=\"es-419\">VALORACI\u00d3N INTEGRAL DEL PATRIMONIO<\/span><\/b><\/p>\n<p class=\"v1MsoNormal\" style=\"text-align: justify;\"><span lang=\"es-419\">La Gobernadora Regional de Ays\u00e9n, Andrea Mac\u00edas Palma, explic\u00f3 en el lanzamiento que este proyecto es una \u00abiniciativa que da el puntapi\u00e9 inicial para cumplir un sue\u00f1o en nuestra regi\u00f3n, que es el reconocimiento de un geoparque a trav\u00e9s de la UNESCO: el primer geoparque para la Regi\u00f3n de Ays\u00e9n con reconocimiento mundial UNESCO. En ese sentido, nosotros estamos muy comprometidos con todas las tem\u00e1ticas patrimoniales, y como Gobierno Regional llevamos varios a\u00f1os realizando inversi\u00f3n en esta materia, porque entendemos que en la medida en que somos capaces de levantar informaci\u00f3n a nivel geol\u00f3gico y paleontol\u00f3gico, ponemos en valor nuestro territorio, pero adem\u00e1s nos permite tener una mirada de desarrollo donde se vinculan sectores productivos, con todas estas tem\u00e1ticas, y que permiten que las comunidades aleda\u00f1as a estos sectores pueden desarrollarse\u00bb, asegura la autoridad regional.<\/span><\/p>\n<p class=\"v1MsoNormal\" style=\"text-align: justify;\"><span lang=\"es-419\">Los geoparques valoran el patrimonio biol\u00f3gico, que incluye tanto el natural como el geol\u00f3gico, as\u00ed como el cultural, reconociendo y beneficiando a las comunidades que forman parte de ellos. Desde esta perspectiva, la subsecretar\u00eda de Patrimonio Cultural, Carolina P\u00e9rez Dattari, enfatiz\u00f3 que \u00abhoy d\u00eda dimos un paso important\u00edsimo en tener un geoparque reconocido por la UNESCO, en la Regi\u00f3n de Ays\u00e9n. En primer lugar, porque nos acerca a una comunidad que accede a educaci\u00f3n patrimonial, es decir, que puede acceder a informaci\u00f3n para entender su entorno y tambi\u00e9n la historia de nuestro planeta. En segundo lugar, porque nos ayuda a un desarrollo sostenible, es decir, podemos trabajar productivamente en mejorar la vida de quienes habitan la regi\u00f3n. Y, por \u00faltimo, queremos un mayor desarrollo de la ciencia, queremos que en las regiones se desarrolle el conocimiento, y eso quiere decir que aqu\u00ed podemos encontrar puzles importantes para entender la historia de la humanidad y de nuestro planeta\u00bb, sentenci\u00f3 P\u00e9rez.<\/span><\/p>\n<p class=\"v1MsoNormal\" style=\"text-align: justify;\"><b><span lang=\"es-419\">UN POTENCIAL TRANSFORMADOR<\/span><\/b><\/p>\n<p class=\"v1MsoNormal\" style=\"text-align: justify;\"><span lang=\"es-419\">Como Bien P\u00fablico de Corfo, este proyecto adquiere valor a partir del alcance provincial y regional, lo que pone de manifiesto la riqueza del territorio. En palabras de Humberto Mar\u00edn Leiva, director de Corfo Ays\u00e9n, \u00abcreemos en el potencial transformador del proyecto de Dise\u00f1o del Geoparque Chelenko, que busca preservar la riqueza geopatrimonial regional y catalizar el desarrollo econ\u00f3mico local. Al sentar las bases para la creaci\u00f3n de un geoparque bajo la Red Global de la UNESCO, aspiramos a posicionar a Ays\u00e9n como referente mundial en geodiversidad y desarrollo sostenible. La misi\u00f3n de Corfo es promover el desarrollo econ\u00f3mico y la innovaci\u00f3n en la regi\u00f3n, colaborando con actores locales y organismos gubernamentales. El Geoparque Chelenko es una oportunidad \u00fanica para potenciar el desarrollo sostenible de Ays\u00e9n, conservando nuestro invaluable geopatrimonio. Desde Corfo Ays\u00e9n nos comprometemos con un futuro donde la riqueza natural y el progreso econ\u00f3mico coexistan armoniosamente, trabajando en estrecha colaboraci\u00f3n con el Museo Regional y el equipo de la Seremi de Miner\u00eda para abordar este desaf\u00edo.\u00bb, asegura.<\/span><\/p>\n<p class=\"v1MsoNormal\" style=\"text-align: justify;\"><span lang=\"es-419\">Al respecto, desde la subsecretar\u00eda de Miner\u00eda, entidad mandante de la iniciativa, su Seremi regional, Juan V\u00e1squez Alarc\u00f3n, explic\u00f3 la importancia de este proceso, \u00abel Ministerio de Miner\u00eda entiende que poner en valor la geolog\u00eda de nuestra regi\u00f3n es una oportunidad que produce sinergias en distintos niveles con una importante apuesta que hace nuestro Gobierno Regional de Ays\u00e9n a trav\u00e9s de los instrumentos de CORFO, con la participaci\u00f3n\u00a0 de los municipios y los actores territoriales, sociales, tur\u00edsticos y ambientales\u00a0 en la cuenca del General Carrera que nos permiten la construcci\u00f3n de un expediente para postular a la categor\u00eda de Geoparque de la Unesco\u00bb, puntualiz\u00f3.<\/span><\/p>\n<p class=\"v1MsoNormal\" style=\"text-align: justify;\"><b><span lang=\"es-419\">VALORACI\u00d3N INTEGRAL DEL PATRIMONIO<\/span><\/b><\/p>\n<p class=\"v1MsoNormal\" style=\"text-align: justify;\"><span lang=\"es-419\">Durante este doble lanzamiento, cuyo foco estuvo centrado en generar un espacio educativo para vecinos y vecinas de las localidades protagonistas, la atenci\u00f3n estuvo puesta en los f\u00f3siles Chilesaurus diegosuarezi, Plesiosaurio y Burkesuchus mallingrandensis, (antecesor de los lagartos dulceacu\u00edcolas de Am\u00e9rica del Sur), quienes permitieron revivir el pasado de la regi\u00f3n.<\/span><\/p>\n<p class=\"v1MsoNormal\" style=\"text-align: justify;\"><span lang=\"es-419\">Seg\u00fan Gustavo Saldivia P\u00e9rez, director del Museo Regional de Ays\u00e9n, entidad encargada de ejecutar la iniciativa, el sentido de este proyecto est\u00e1 en sus comunidades, agregando que \u00abel foco que hemos dado al proyecto es que los habitantes del lago sean los principales beneficiarios de las maravillas que contiene su territorio, buscando generar con esto mayor orgullo local, arraigo y beneficios concretos hacia las econom\u00edas locales, as\u00ed como a la protecci\u00f3n activa de su patrimonio. Adem\u00e1s, es importante aclarar que este proyecto sienta las bases para que el territorio del lago General Carrera sea reconocido dentro de la Red Global de Geoparques de la UNESCO, no obstante, para que esto se oficialice, se requiere un par de a\u00f1os de trabajo para que cuente con la validaci\u00f3n de sus habitantes\u00bb.<\/span><\/p>\n<p class=\"v1MsoNormal\" style=\"text-align: justify;\"><span lang=\"es-419\">El proyecto \u00abDise\u00f1o del Geoparque Chelenko\u00bb, financiado por el Gobierno Regional a trav\u00e9s del Bien P\u00fablico de Corfo, tiene una duraci\u00f3n prevista de 14 meses. Durante este per\u00edodo, el equipo a cargo se dedicar\u00e1 a definir el \u00e1rea que abarcar\u00e1 este geoparque, as\u00ed como a trabajar en el desarrollo de un plan de gesti\u00f3n y gobernanza, con un enfoque centrado en la comunidad. Adem\u00e1s, se establecer\u00e1 un inventario que identifique los principales geositios de inter\u00e9s. De esta manera, se sentar\u00e1n las bases para lo que se espera sea el primer geoparque de la regi\u00f3n de Ays\u00e9n en el futuro.<\/span><\/p>\n<div style=\"text-align: justify;\"><\/div>\n<\/div><\/section><\/div><div  style='height:50px' class='hr hr-invisible   avia-builder-el-6  el_after_av_one_full  el_before_av_social_share '><span class='hr-inner ' ><span class='hr-inner-style'><\/span><\/span><\/div><\/p>\n<div  class='av-social-sharing-box  avia-builder-el-7  el_after_av_hr  el_before_av_hr  '><div class='av-share-box'><h5 class='av-share-link-description av-no-toc '>Compartir esta noticia<\/h5><ul class='av-share-box-list noLightbox'><li class='av-share-link av-social-link-facebook' ><a target=\"_blank\" aria-label=\"Compartir en Facebook\" href='https:\/\/www.facebook.com\/sharer.php?u=https:\/\/radiorevelacionfm.cl\/?p=41016&#038;t=F%C3%B3siles%20y%20rocas%20patrimoniales%20se%20tomaron%20el%20doble%20lanzamiento%20del%20proyecto%20Geoparque%20Chelenko%20en%20la%20provincia%20General%20Carrera' aria-hidden='false' data-av_icon='\ue8f3' data-av_iconfont='entypo-fontello' title='' data-avia-related-tooltip='Compartir en Facebook' rel=\"noopener\"><span class='avia_hidden_link_text'>Compartir en Facebook<\/span><\/a><\/li><li class='av-share-link av-social-link-twitter' ><a target=\"_blank\" aria-label=\"Compartir en Twitter\" href='https:\/\/twitter.com\/share?text=F%C3%B3siles%20y%20rocas%20patrimoniales%20se%20tomaron%20el%20doble%20lanzamiento%20del%20proyecto%20Geoparque%20Chelenko%20en%20la%20provincia%20General%20Carrera&#038;url=https:\/\/radiorevelacionfm.cl\/?p=41016' aria-hidden='false' data-av_icon='\ue8f1' data-av_iconfont='entypo-fontello' title='' data-avia-related-tooltip='Compartir en Twitter' rel=\"noopener\"><span class='avia_hidden_link_text'>Compartir en Twitter<\/span><\/a><\/li><li class='av-share-link av-social-link-whatsapp' ><a target=\"_blank\" aria-label=\"Compartir en Whatsapp\" href='https:\/\/api.whatsapp.com\/send?text=https:\/\/radiorevelacionfm.cl\/?p=41016' aria-hidden='false' data-av_icon='\uf232' data-av_iconfont='entypo-fontello' title='' data-avia-related-tooltip='Compartir en Whatsapp' rel=\"noopener\"><span class='avia_hidden_link_text'>Compartir en Whatsapp<\/span><\/a><\/li><li class='av-share-link av-social-link-linkedin' ><a target=\"_blank\" aria-label=\"Compartir en LinkedIn\" href='https:\/\/linkedin.com\/shareArticle?mini=true&#038;title=F%C3%B3siles%20y%20rocas%20patrimoniales%20se%20tomaron%20el%20doble%20lanzamiento%20del%20proyecto%20Geoparque%20Chelenko%20en%20la%20provincia%20General%20Carrera&#038;url=https:\/\/radiorevelacionfm.cl\/?p=41016' aria-hidden='false' data-av_icon='\ue8fc' data-av_iconfont='entypo-fontello' title='' data-avia-related-tooltip='Compartir en LinkedIn' rel=\"noopener\"><span class='avia_hidden_link_text'>Compartir en LinkedIn<\/span><\/a><\/li><li class='av-share-link av-social-link-mail' ><a  aria-label=\"Compartir por correo\" href='mailto:?subject=F%C3%B3siles%20y%20rocas%20patrimoniales%20se%20tomaron%20el%20doble%20lanzamiento%20del%20proyecto%20Geoparque%20Chelenko%20en%20la%20provincia%20General%20Carrera&#038;body=https:\/\/radiorevelacionfm.cl\/?p=41016' aria-hidden='false' data-av_icon='\ue805' data-av_iconfont='entypo-fontello' title='' data-avia-related-tooltip='Compartir por correo'><span class='avia_hidden_link_text'>Compartir por correo<\/span><\/a><\/li><\/ul><\/div><\/div>\n<div  style='height:50px' class='hr hr-invisible   avia-builder-el-8  el_after_av_social_share  el_before_av_comments_list '><span class='hr-inner ' ><span class='hr-inner-style'><\/span><\/span><\/div>\n<div  class='av-buildercomment  av-blog-meta-html-info-disabled av-blog-meta-tag-disabled  '><\/div>\n","protected":false},"excerpt":{"rendered":"","protected":false},"author":1,"featured_media":41017,"comment_status":"open","ping_status":"open","sticky":false,"template":"","format":"standard","meta":{"footnotes":""},"categories":[38],"tags":[],"class_list":["post-41016","post","type-post","status-publish","format-standard","has-post-thumbnail","hentry","category-regional"],"jetpack_featured_media_url":"https:\/\/radiorevelacionfm.cl\/wp-content\/uploads\/2024\/04\/09-GeoParque-1-1.jpg","_links":{"self":[{"href":"https:\/\/radiorevelacionfm.cl\/index.php?rest_route=\/wp\/v2\/posts\/41016","targetHints":{"allow":["GET"]}}],"collection":[{"href":"https:\/\/radiorevelacionfm.cl\/index.php?rest_route=\/wp\/v2\/posts"}],"about":[{"href":"https:\/\/radiorevelacionfm.cl\/index.php?rest_route=\/wp\/v2\/types\/post"}],"author":[{"embeddable":true,"href":"https:\/\/radiorevelacionfm.cl\/index.php?rest_route=\/wp\/v2\/users\/1"}],"replies":[{"embeddable":true,"href":"https:\/\/radiorevelacionfm.cl\/index.php?rest_route=%2Fwp%2Fv2%2Fcomments&post=41016"}],"version-history":[{"count":1,"href":"https:\/\/radiorevelacionfm.cl\/index.php?rest_route=\/wp\/v2\/posts\/41016\/revisions"}],"predecessor-version":[{"id":41018,"href":"https:\/\/radiorevelacionfm.cl\/index.php?rest_route=\/wp\/v2\/posts\/41016\/revisions\/41018"}],"wp:featuredmedia":[{"embeddable":true,"href":"https:\/\/radiorevelacionfm.cl\/index.php?rest_route=\/wp\/v2\/media\/41017"}],"wp:attachment":[{"href":"https:\/\/radiorevelacionfm.cl\/index.php?rest_route=%2Fwp%2Fv2%2Fmedia&parent=41016"}],"wp:term":[{"taxonomy":"category","embeddable":true,"href":"https:\/\/radiorevelacionfm.cl\/index.php?rest_route=%2Fwp%2Fv2%2Fcategories&post=41016"},{"taxonomy":"post_tag","embeddable":true,"href":"https:\/\/radiorevelacionfm.cl\/index.php?rest_route=%2Fwp%2Fv2%2Ftags&post=41016"}],"curies":[{"name":"wp","href":"https:\/\/api.w.org\/{rel}","templated":true}]}}