{"id":41013,"date":"2024-04-05T11:15:34","date_gmt":"2024-04-05T14:15:34","guid":{"rendered":"https:\/\/radiorevelacionfm.cl\/?p=41013"},"modified":"2024-04-05T11:15:34","modified_gmt":"2024-04-05T14:15:34","slug":"patrimonio-y-formacion-desafios-del-trabajo-cultural-comunitario","status":"publish","type":"post","link":"https:\/\/radiorevelacionfm.cl\/?p=41013","title":{"rendered":"Patrimonio y formaci\u00f3n: Desaf\u00edos del trabajo cultural comunitario"},"content":{"rendered":"<div class=\"flex_column av_one_full  flex_column_div av-zero-column-padding first  avia-builder-el-0  el_before_av_one_full  avia-builder-el-first  \" style='border-radius:0px; '><div  class='avia-image-container  av-styling-    avia-builder-el-1  avia-builder-el-no-sibling  avia-align-center '  itemprop=\"image\" itemscope=\"itemscope\" itemtype=\"https:\/\/schema.org\/ImageObject\"  ><div class='avia-image-container-inner'><div class='avia-image-overlay-wrap'><img decoding=\"async\" class='wp-image-41014 avia-img-lazy-loading-not-41014 avia_image' src=\"https:\/\/radiorevelacionfm.cl\/wp-content\/uploads\/2024\/04\/DSC_7736-1-1.jpg\" alt='' title='DSC_7736 (1) (1)' height=\"600\" width=\"899\"  itemprop=\"thumbnailUrl\" srcset=\"https:\/\/radiorevelacionfm.cl\/wp-content\/uploads\/2024\/04\/DSC_7736-1-1.jpg 899w, https:\/\/radiorevelacionfm.cl\/wp-content\/uploads\/2024\/04\/DSC_7736-1-1-300x200.jpg 300w, https:\/\/radiorevelacionfm.cl\/wp-content\/uploads\/2024\/04\/DSC_7736-1-1-768x513.jpg 768w, https:\/\/radiorevelacionfm.cl\/wp-content\/uploads\/2024\/04\/DSC_7736-1-1-705x471.jpg 705w, https:\/\/radiorevelacionfm.cl\/wp-content\/uploads\/2024\/04\/DSC_7736-1-1-450x300.jpg 450w, https:\/\/radiorevelacionfm.cl\/wp-content\/uploads\/2024\/04\/DSC_7736-1-1-600x400.jpg 600w\" sizes=\"(max-width: 899px) 100vw, 899px\" \/><\/div><\/div><\/div><\/div><div class=\"flex_column av_one_full  flex_column_div av-zero-column-padding first  avia-builder-el-2  el_after_av_one_full  el_before_av_one_full  column-top-margin\" style='border-radius:0px; '><section class=\"av_textblock_section \"  itemscope=\"itemscope\" itemtype=\"https:\/\/schema.org\/BlogPosting\" itemprop=\"blogPost\" ><div class='avia_textblock  '   itemprop=\"text\" ><p style=\"text-align: center;\"><span style=\"font-size: 18pt;\"><b>Patrimonio y formaci\u00f3n: Desaf\u00edos del trabajo cultural comunitario\u00a0<\/b><\/span><\/p>\n<div id=\"gtx-trans\" style=\"position: absolute; left: -50px; top: 4.31534px;\">\n<div class=\"gtx-trans-icon\"><\/div>\n<\/div>\n<\/div><\/section><\/div><div class=\"flex_column av_one_full  flex_column_div av-zero-column-padding first  avia-builder-el-4  el_after_av_one_full  el_before_av_hr  column-top-margin\" style='border-radius:0px; '><section class=\"av_textblock_section \"  itemscope=\"itemscope\" itemtype=\"https:\/\/schema.org\/BlogPosting\" itemprop=\"blogPost\" ><div class='avia_textblock  '   itemprop=\"text\" ><p style=\"text-align: justify;\">La arquitecta Constanza P\u00e9rez Lira cuenta que cuando comenz\u00f3 a trabajar en proyectos patrimoniales era com\u00fan encontrarse con habitantes que desconoc\u00edan por completo el valor hist\u00f3rico de la propiedad donde viv\u00edan: \u201cEn los primeros a\u00f1os hab\u00eda familias que se preguntaban c\u00f3mo mi casa es patrimonio si se est\u00e1 cayendo, pero ahora ya hay un concepto instalado de que realmente s\u00ed habitamos en el patrimonio, y as\u00ed coexistimos con pr\u00e1cticas patrimoniales y eso se ha ido construyendo como un di\u00e1logo, con un relato en torno a diversas instancias y ya se ve valorado en las comunidades\u201d.<\/p>\n<p style=\"text-align: justify;\">Constanza resume as\u00ed el trabajo previo a esta nueva etapa que el equipo de la Corporaci\u00f3n Memoria Austral desarrollar\u00e1 este 2024, tras adjudicarse fondos del Programa de Apoyo a Organizaciones Culturales Comunitarias, PAOCC 2024, del Ministerio de las Culturas, las Artes y el Patrimonio.<\/p>\n<p style=\"text-align: justify;\">Como responsable de investigaci\u00f3n del proyecto, Constanza dice que \u201cel mayor impacto es la estabilidad que nos entrega este fondo para poder apoyar desde la gesti\u00f3n de modo m\u00e1s formal, de manera que podamos generar estrategias para llegar a la comunidad en cuanto a distintas instancias de difusi\u00f3n de cada proyecto, en cuanto a la organizaci\u00f3n de encuentros con las comunidades y de c\u00f3mo traspasar estos conocimientos que vamos generando. Siempre en contacto con la comunidad. Ese es el principal aporte del PAOCC: la estabilidad y poder sentarse a pensar de forma estrat\u00e9gica en el corto, mediano y largo plazo\u201d.<\/p>\n<p style=\"text-align: justify;\">Junto a Memoria Austral, otras 3 organizaciones se adjudicaron fondos PAOCC para trabajar con las comunidades. A saber, Malotun Ortiga, Escuela de Danzas Z\u00edngara y Paralelo 47.<\/p>\n<p style=\"text-align: justify;\">El seremi de Culturas Ays\u00e9n, Felipe Quiroz, ha sostenido reuniones de coordinaci\u00f3n con todos los equipos de PAOCC para establecer una estrategia y criterios de trabajo que permitan entregar un resumen s\u00f3lido hacia el cierre de los proyectos: \u201cEsto no se trata solo del trabajo de una u otra organizaci\u00f3n comunitaria. Tambi\u00e9n promovemos la colaboraci\u00f3n entre la instituci\u00f3n cultural, la organizaci\u00f3n comunitaria y la comunidad.. Por eso este programa del ministerio es tan importante para potenciar los lazos y sostener la red que tejen las artes, las culturas y el patrimonio en nuestra regi\u00f3n\u201d.<\/p>\n<p style=\"text-align: justify;\">Licaray\u00e9n Quel\u00edn es parte del equipo de Malotun y dice que ha sido fundamental contar nuevamente con los fondos del PAOCC: \u201cA\u00f1o a a\u00f1o estamos recibiendo este PAOCC que es un trabajo conjunto nacido de la organizaci\u00f3n comunitaria donde tenemos estas l\u00edneas claras de artes esc\u00e9nicas y m\u00fasica. Para este a\u00f1o tenemos muchas ganas, y as\u00ed lo hemos planificado, para fortalecer el \u00e1rea de formaci\u00f3n y darle vida al espacio que aloja a la agrupaci\u00f3n cultural Malotun Ortiga, que tambi\u00e9n est\u00e1 financiado por el PAOCC. De una u otra manera esto le da continuidad a los artistas, trabajadores y gestores de las culturas y las artes y estamos muy contentos tambi\u00e9n de que ahora haya m\u00e1s PAOCC en la regi\u00f3n\u201d.<\/p>\n<p style=\"text-align: justify;\">Sobre los proyectos que tienen preparados, Licaray\u00e9n adelanta que \u201cestamos programando la itinerancia de oto\u00f1o hacia el sur y ah\u00ed la comunidad de R\u00edo Tranquilo, que a trav\u00e9s de su junta de vecinos nos invit\u00f3, nos dec\u00eda que para ellos es muy importante el trabajo que se hac\u00eda de poder generar programaci\u00f3n art\u00edstico-cultural o crear oportunidades y que todas las personas entiendan que son objetos de derecho y parte de eso son los derechos culturales\u201d.<\/p>\n<p style=\"text-align: justify;\">Ana Ans\u00f3n, bailarina de Z\u00edngara, que cuenta con m\u00e1s de 150 estudiantes de 6 disciplinas de Danza este 2024, dice que \u201cel PAOCC nos da una tranquilidad para poder mantener nuestra salita, la calefacci\u00f3n, el arriendo, nuestros trabajos. Estamos contentas y convencidas de que lo que estamos haciendo es beneficioso para nuestra comunidad. Y vemos como las chicas lo est\u00e1n aprovechando al m\u00e1ximo\u201d.<\/p>\n<\/div><\/section><\/div><div  style='height:50px' class='hr hr-invisible   avia-builder-el-6  el_after_av_one_full  el_before_av_social_share '><span class='hr-inner ' ><span class='hr-inner-style'><\/span><\/span><\/div><\/p>\n<div  class='av-social-sharing-box  avia-builder-el-7  el_after_av_hr  el_before_av_hr  '><div class='av-share-box'><h5 class='av-share-link-description av-no-toc '>Compartir esta noticia<\/h5><ul class='av-share-box-list noLightbox'><li class='av-share-link av-social-link-facebook' ><a target=\"_blank\" aria-label=\"Compartir en Facebook\" href='https:\/\/www.facebook.com\/sharer.php?u=https:\/\/radiorevelacionfm.cl\/?p=41013&#038;t=Patrimonio%20y%20formaci%C3%B3n%3A%20Desaf%C3%ADos%20del%20trabajo%20cultural%20comunitario' aria-hidden='false' data-av_icon='\ue8f3' data-av_iconfont='entypo-fontello' title='' data-avia-related-tooltip='Compartir en Facebook' rel=\"noopener\"><span class='avia_hidden_link_text'>Compartir en Facebook<\/span><\/a><\/li><li class='av-share-link av-social-link-twitter' ><a target=\"_blank\" aria-label=\"Compartir en Twitter\" href='https:\/\/twitter.com\/share?text=Patrimonio%20y%20formaci%C3%B3n%3A%20Desaf%C3%ADos%20del%20trabajo%20cultural%20comunitario&#038;url=https:\/\/radiorevelacionfm.cl\/?p=41013' aria-hidden='false' data-av_icon='\ue8f1' data-av_iconfont='entypo-fontello' title='' data-avia-related-tooltip='Compartir en Twitter' rel=\"noopener\"><span class='avia_hidden_link_text'>Compartir en Twitter<\/span><\/a><\/li><li class='av-share-link av-social-link-whatsapp' ><a target=\"_blank\" aria-label=\"Compartir en Whatsapp\" href='https:\/\/api.whatsapp.com\/send?text=https:\/\/radiorevelacionfm.cl\/?p=41013' aria-hidden='false' data-av_icon='\uf232' data-av_iconfont='entypo-fontello' title='' data-avia-related-tooltip='Compartir en Whatsapp' rel=\"noopener\"><span class='avia_hidden_link_text'>Compartir en Whatsapp<\/span><\/a><\/li><li class='av-share-link av-social-link-linkedin' ><a target=\"_blank\" aria-label=\"Compartir en LinkedIn\" href='https:\/\/linkedin.com\/shareArticle?mini=true&#038;title=Patrimonio%20y%20formaci%C3%B3n%3A%20Desaf%C3%ADos%20del%20trabajo%20cultural%20comunitario&#038;url=https:\/\/radiorevelacionfm.cl\/?p=41013' aria-hidden='false' data-av_icon='\ue8fc' data-av_iconfont='entypo-fontello' title='' data-avia-related-tooltip='Compartir en LinkedIn' rel=\"noopener\"><span class='avia_hidden_link_text'>Compartir en LinkedIn<\/span><\/a><\/li><li class='av-share-link av-social-link-mail' ><a  aria-label=\"Compartir por correo\" href='mailto:?subject=Patrimonio%20y%20formaci%C3%B3n%3A%20Desaf%C3%ADos%20del%20trabajo%20cultural%20comunitario&#038;body=https:\/\/radiorevelacionfm.cl\/?p=41013' aria-hidden='false' data-av_icon='\ue805' data-av_iconfont='entypo-fontello' title='' data-avia-related-tooltip='Compartir por correo'><span class='avia_hidden_link_text'>Compartir por correo<\/span><\/a><\/li><\/ul><\/div><\/div>\n<div  style='height:50px' class='hr hr-invisible   avia-builder-el-8  el_after_av_social_share  el_before_av_comments_list '><span class='hr-inner ' ><span class='hr-inner-style'><\/span><\/span><\/div>\n<div  class='av-buildercomment  av-blog-meta-html-info-disabled av-blog-meta-tag-disabled  '><\/div>\n","protected":false},"excerpt":{"rendered":"","protected":false},"author":1,"featured_media":41014,"comment_status":"open","ping_status":"open","sticky":false,"template":"","format":"standard","meta":{"footnotes":""},"categories":[52],"tags":[],"class_list":["post-41013","post","type-post","status-publish","format-standard","has-post-thumbnail","hentry","category-cultura"],"jetpack_featured_media_url":"https:\/\/radiorevelacionfm.cl\/wp-content\/uploads\/2024\/04\/DSC_7736-1-1.jpg","_links":{"self":[{"href":"https:\/\/radiorevelacionfm.cl\/index.php?rest_route=\/wp\/v2\/posts\/41013","targetHints":{"allow":["GET"]}}],"collection":[{"href":"https:\/\/radiorevelacionfm.cl\/index.php?rest_route=\/wp\/v2\/posts"}],"about":[{"href":"https:\/\/radiorevelacionfm.cl\/index.php?rest_route=\/wp\/v2\/types\/post"}],"author":[{"embeddable":true,"href":"https:\/\/radiorevelacionfm.cl\/index.php?rest_route=\/wp\/v2\/users\/1"}],"replies":[{"embeddable":true,"href":"https:\/\/radiorevelacionfm.cl\/index.php?rest_route=%2Fwp%2Fv2%2Fcomments&post=41013"}],"version-history":[{"count":1,"href":"https:\/\/radiorevelacionfm.cl\/index.php?rest_route=\/wp\/v2\/posts\/41013\/revisions"}],"predecessor-version":[{"id":41015,"href":"https:\/\/radiorevelacionfm.cl\/index.php?rest_route=\/wp\/v2\/posts\/41013\/revisions\/41015"}],"wp:featuredmedia":[{"embeddable":true,"href":"https:\/\/radiorevelacionfm.cl\/index.php?rest_route=\/wp\/v2\/media\/41014"}],"wp:attachment":[{"href":"https:\/\/radiorevelacionfm.cl\/index.php?rest_route=%2Fwp%2Fv2%2Fmedia&parent=41013"}],"wp:term":[{"taxonomy":"category","embeddable":true,"href":"https:\/\/radiorevelacionfm.cl\/index.php?rest_route=%2Fwp%2Fv2%2Fcategories&post=41013"},{"taxonomy":"post_tag","embeddable":true,"href":"https:\/\/radiorevelacionfm.cl\/index.php?rest_route=%2Fwp%2Fv2%2Ftags&post=41013"}],"curies":[{"name":"wp","href":"https:\/\/api.w.org\/{rel}","templated":true}]}}