{"id":41009,"date":"2024-04-04T15:20:26","date_gmt":"2024-04-04T18:20:26","guid":{"rendered":"https:\/\/radiorevelacionfm.cl\/?p=41009"},"modified":"2024-04-04T15:46:42","modified_gmt":"2024-04-04T18:46:42","slug":"un-total-de-34-544-hogares-seran-beneficiados-este-2024-con-el-subsidio-a-la-calefaccion-en-aysen","status":"publish","type":"post","link":"https:\/\/radiorevelacionfm.cl\/?p=41009","title":{"rendered":"Un total de 34.544 hogares en Ays\u00e9n ser\u00e1n beneficiados este 2024 con el Subsidio a la Calefacci\u00f3n"},"content":{"rendered":"<div class=\"flex_column av_one_full  flex_column_div av-zero-column-padding first  avia-builder-el-0  el_before_av_one_full  avia-builder-el-first  \" style='border-radius:0px; '><div  class='avia-image-container  av-styling-    avia-builder-el-1  avia-builder-el-no-sibling  avia-align-center '  itemprop=\"image\" itemscope=\"itemscope\" itemtype=\"https:\/\/schema.org\/ImageObject\"  ><div class='avia-image-container-inner'><div class='avia-image-overlay-wrap'><img decoding=\"async\" class='wp-image-41010 avia-img-lazy-loading-not-41010 avia_image' src=\"https:\/\/radiorevelacionfm.cl\/wp-content\/uploads\/2024\/04\/Bono-Calefaccion-1-1.jpg\" alt='' title='Bono-Calefaccion (1) (1)' height=\"600\" width=\"1067\"  itemprop=\"thumbnailUrl\" srcset=\"https:\/\/radiorevelacionfm.cl\/wp-content\/uploads\/2024\/04\/Bono-Calefaccion-1-1.jpg 1067w, https:\/\/radiorevelacionfm.cl\/wp-content\/uploads\/2024\/04\/Bono-Calefaccion-1-1-300x169.jpg 300w, https:\/\/radiorevelacionfm.cl\/wp-content\/uploads\/2024\/04\/Bono-Calefaccion-1-1-1030x579.jpg 1030w, https:\/\/radiorevelacionfm.cl\/wp-content\/uploads\/2024\/04\/Bono-Calefaccion-1-1-768x432.jpg 768w, https:\/\/radiorevelacionfm.cl\/wp-content\/uploads\/2024\/04\/Bono-Calefaccion-1-1-705x396.jpg 705w, https:\/\/radiorevelacionfm.cl\/wp-content\/uploads\/2024\/04\/Bono-Calefaccion-1-1-450x253.jpg 450w, https:\/\/radiorevelacionfm.cl\/wp-content\/uploads\/2024\/04\/Bono-Calefaccion-1-1-600x337.jpg 600w\" sizes=\"(max-width: 1067px) 100vw, 1067px\" \/><\/div><\/div><\/div><\/div>\n<div class=\"flex_column av_one_full  flex_column_div av-zero-column-padding first  avia-builder-el-2  el_after_av_one_full  el_before_av_one_full  column-top-margin\" style='border-radius:0px; '><section class=\"av_textblock_section \"  itemscope=\"itemscope\" itemtype=\"https:\/\/schema.org\/BlogPosting\" itemprop=\"blogPost\" ><div class='avia_textblock  '   itemprop=\"text\" ><p style=\"text-align: center;\"><strong><span style=\"font-size: 18pt;\">Un total de 34.544 hogares en Ays\u00e9n ser\u00e1n beneficiados este 2024 con el Subsidio a la Calefacci\u00f3n<\/span><\/strong><\/p>\n<div id=\"gtx-trans\" style=\"position: absolute; left: -50px; top: 4.31534px;\">\n<div class=\"gtx-trans-icon\"><\/div>\n<\/div>\n<\/div><\/section><\/div><div class=\"flex_column av_one_full  flex_column_div av-zero-column-padding first  avia-builder-el-4  el_after_av_one_full  el_before_av_hr  column-top-margin\" style='border-radius:0px; '><section class=\"av_textblock_section \"  itemscope=\"itemscope\" itemtype=\"https:\/\/schema.org\/BlogPosting\" itemprop=\"blogPost\" ><div class='avia_textblock  '   itemprop=\"text\" ><p style=\"text-align: justify;\"><i>La fecha estimada de la entrega del bono es a fines del mes de abril y se habilitar\u00e1 la plataforma\u00a0<a id=\"v1OWAe7c97e34-5dba-0dfb-ca25-eeff8e7204b6\" class=\"v1OWAAutoLink\" href=\"https:\/\/subsidiocalefaccion.gob.cl\/consulta\" target=\"_blank\" rel=\"noopener noreferrer\">https:\/\/subsidiocalefaccion.gob.cl\/consulta<\/a>\u00a0.<\/i><\/p>\n<p style=\"text-align: justify;\">Un total de 34.544 hogares ser\u00e1n beneficiados este 2024 con el Subsidio a la Calefacci\u00f3n que entrega el Ministerio de Desarrollo Social y Familia en la regi\u00f3n de Ays\u00e9n, aumentando su cobertura a 4.102 familias.<\/p>\n<p style=\"text-align: justify;\">Con el objetivo de mitigar los costos en calefacci\u00f3n de los hogares, el Subsidio a la Calefacci\u00f3n que se entrega una vez al a\u00f1o es un bono de $100.000 destinado a atender a las familias que vivan en territorio aysenino, que pertenezcan al 80% m\u00e1s vulnerable seg\u00fan el Registro Social de Hogares y que est\u00e9n priorizados en los criterios de selecci\u00f3n.<\/p>\n<p style=\"text-align: justify;\">As\u00ed lo expres\u00f3 la Seremi de Desarrollo Social y Familia Karina Acevedo Auad \u00abEl\u00a0Subsidio de Calefacci\u00f3n se paga en forma directa en la Cuenta Rut del Banco Estado, en este momento estamos esperando la tramitaci\u00f3n final del proceso administrativo que se requiere para poder hacer el pago en la fecha estimada que es a fines de abril\u00bb a lo que agreg\u00f3 la autoridad sectorial que \u00abAlgo s\u00faper importante en esta oportunidad para este a\u00f1o 2024 aumentamos en 4102 hogares que van a ser beneficiados.\u00a0No tenemos aumento en monto, pero s\u00ed en cobertura de hogares, que equivale a una localidad completa. Tenemos un total de 34544 hogares que van a recibir este beneficio.\u00a0Los requisitos generales son pertenecer hasta el 80% del registro social de hogares y con residencia en la regi\u00f3n de Ays\u00e9n, despu\u00e9s viene una orden de prelaci\u00f3n, que se puede ver en detalle en la p\u00e1gina web\u00bb.<\/p>\n<p style=\"text-align: justify;\">Durante el a\u00f1o 2023, aproximadamente unos 700 subsidios debieron ser devueltos porque los beneficiarios no lo cobraron, por lo que Acevedo Auad enfatiz\u00f3 en que hagan las consultas para evitar esta situaci\u00f3n \u00bb Es importante decir que un buen n\u00famero de subsidios tuvimos que devolverlos porque no estaban los datos actualizados en el registro social de hogares, por esto es importante que se revise y activen su cuenta rut porque el pago es autom\u00e1tico y se transfiere en forma directa al jefe o jefa de hogar\u00bb.<\/p>\n<p class=\"v1elementToProof\" style=\"text-align: justify;\"><a id=\"v1OWA56a572cb-6866-6d44-1c25-fd157292d086\" class=\"v1OWAAutoLink\" href=\"https:\/\/subsidiocalefaccion.gob.cl\/consulta\" target=\"_blank\" rel=\"noopener noreferrer\">https:\/\/subsidiocalefaccion.gob.cl\/consulta<\/a>\u00a0es el sitio web oficial para saber si es beneficiario. Hay que recordar que para la selecci\u00f3n de los hogares beneficiarios se prioriza a los grupos m\u00e1s vulnerables, seg\u00fan el orden de prelaci\u00f3n que se inicia con los\u00a0Usuarios del Subsistema Seguridades y Oportunidades, luego con los Participantes de la Red Local de Apoyos y Cuidados, en tercer lugar, est\u00e1n los hogares que tengan ni\u00f1os, ni\u00f1as o adolescentes en su composici\u00f3n, despu\u00e9s con presencia de alg\u00fan adulto mayor, Hogares con personas en situaci\u00f3n de dependencia y Hogares con jefatura de hogar femenina.<\/p>\n<\/div><\/section><\/div><\/p>\n<div  style='height:50px' class='hr hr-invisible   avia-builder-el-6  el_after_av_one_full  el_before_av_social_share '><span class='hr-inner ' ><span class='hr-inner-style'><\/span><\/span><\/div>\n<div  class='av-social-sharing-box  avia-builder-el-7  el_after_av_hr  el_before_av_hr  '><div class='av-share-box'><h5 class='av-share-link-description av-no-toc '>Compartir esta noticia<\/h5><ul class='av-share-box-list noLightbox'><li class='av-share-link av-social-link-facebook' ><a target=\"_blank\" aria-label=\"Compartir en Facebook\" href='https:\/\/www.facebook.com\/sharer.php?u=https:\/\/radiorevelacionfm.cl\/?p=41009&#038;t=Un%20total%20de%2034.544%20hogares%20en%20Ays%C3%A9n%20ser%C3%A1n%20beneficiados%20este%202024%20con%20el%20Subsidio%20a%20la%20Calefacci%C3%B3n' aria-hidden='false' data-av_icon='\ue8f3' data-av_iconfont='entypo-fontello' title='' data-avia-related-tooltip='Compartir en Facebook' rel=\"noopener\"><span class='avia_hidden_link_text'>Compartir en Facebook<\/span><\/a><\/li><li class='av-share-link av-social-link-twitter' ><a target=\"_blank\" aria-label=\"Compartir en Twitter\" href='https:\/\/twitter.com\/share?text=Un%20total%20de%2034.544%20hogares%20en%20Ays%C3%A9n%20ser%C3%A1n%20beneficiados%20este%202024%20con%20el%20Subsidio%20a%20la%20Calefacci%C3%B3n&#038;url=https:\/\/radiorevelacionfm.cl\/?p=41009' aria-hidden='false' data-av_icon='\ue8f1' data-av_iconfont='entypo-fontello' title='' data-avia-related-tooltip='Compartir en Twitter' rel=\"noopener\"><span class='avia_hidden_link_text'>Compartir en Twitter<\/span><\/a><\/li><li class='av-share-link av-social-link-whatsapp' ><a target=\"_blank\" aria-label=\"Compartir en Whatsapp\" href='https:\/\/api.whatsapp.com\/send?text=https:\/\/radiorevelacionfm.cl\/?p=41009' aria-hidden='false' data-av_icon='\uf232' data-av_iconfont='entypo-fontello' title='' data-avia-related-tooltip='Compartir en Whatsapp' rel=\"noopener\"><span class='avia_hidden_link_text'>Compartir en Whatsapp<\/span><\/a><\/li><li class='av-share-link av-social-link-linkedin' ><a target=\"_blank\" aria-label=\"Compartir en LinkedIn\" href='https:\/\/linkedin.com\/shareArticle?mini=true&#038;title=Un%20total%20de%2034.544%20hogares%20en%20Ays%C3%A9n%20ser%C3%A1n%20beneficiados%20este%202024%20con%20el%20Subsidio%20a%20la%20Calefacci%C3%B3n&#038;url=https:\/\/radiorevelacionfm.cl\/?p=41009' aria-hidden='false' data-av_icon='\ue8fc' data-av_iconfont='entypo-fontello' title='' data-avia-related-tooltip='Compartir en LinkedIn' rel=\"noopener\"><span class='avia_hidden_link_text'>Compartir en LinkedIn<\/span><\/a><\/li><li class='av-share-link av-social-link-mail' ><a  aria-label=\"Compartir por correo\" href='mailto:?subject=Un%20total%20de%2034.544%20hogares%20en%20Ays%C3%A9n%20ser%C3%A1n%20beneficiados%20este%202024%20con%20el%20Subsidio%20a%20la%20Calefacci%C3%B3n&#038;body=https:\/\/radiorevelacionfm.cl\/?p=41009' aria-hidden='false' data-av_icon='\ue805' data-av_iconfont='entypo-fontello' title='' data-avia-related-tooltip='Compartir por correo'><span class='avia_hidden_link_text'>Compartir por correo<\/span><\/a><\/li><\/ul><\/div><\/div>\n<div  style='height:50px' class='hr hr-invisible   avia-builder-el-8  el_after_av_social_share  el_before_av_comments_list '><span class='hr-inner ' ><span class='hr-inner-style'><\/span><\/span><\/div>\n<div  class='av-buildercomment  av-blog-meta-html-info-disabled av-blog-meta-tag-disabled  '><\/div>\n","protected":false},"excerpt":{"rendered":"","protected":false},"author":1,"featured_media":41010,"comment_status":"open","ping_status":"open","sticky":false,"template":"","format":"standard","meta":{"footnotes":""},"categories":[38],"tags":[],"class_list":["post-41009","post","type-post","status-publish","format-standard","has-post-thumbnail","hentry","category-regional"],"jetpack_featured_media_url":"https:\/\/radiorevelacionfm.cl\/wp-content\/uploads\/2024\/04\/Bono-Calefaccion-1-1.jpg","_links":{"self":[{"href":"https:\/\/radiorevelacionfm.cl\/index.php?rest_route=\/wp\/v2\/posts\/41009","targetHints":{"allow":["GET"]}}],"collection":[{"href":"https:\/\/radiorevelacionfm.cl\/index.php?rest_route=\/wp\/v2\/posts"}],"about":[{"href":"https:\/\/radiorevelacionfm.cl\/index.php?rest_route=\/wp\/v2\/types\/post"}],"author":[{"embeddable":true,"href":"https:\/\/radiorevelacionfm.cl\/index.php?rest_route=\/wp\/v2\/users\/1"}],"replies":[{"embeddable":true,"href":"https:\/\/radiorevelacionfm.cl\/index.php?rest_route=%2Fwp%2Fv2%2Fcomments&post=41009"}],"version-history":[{"count":2,"href":"https:\/\/radiorevelacionfm.cl\/index.php?rest_route=\/wp\/v2\/posts\/41009\/revisions"}],"predecessor-version":[{"id":41012,"href":"https:\/\/radiorevelacionfm.cl\/index.php?rest_route=\/wp\/v2\/posts\/41009\/revisions\/41012"}],"wp:featuredmedia":[{"embeddable":true,"href":"https:\/\/radiorevelacionfm.cl\/index.php?rest_route=\/wp\/v2\/media\/41010"}],"wp:attachment":[{"href":"https:\/\/radiorevelacionfm.cl\/index.php?rest_route=%2Fwp%2Fv2%2Fmedia&parent=41009"}],"wp:term":[{"taxonomy":"category","embeddable":true,"href":"https:\/\/radiorevelacionfm.cl\/index.php?rest_route=%2Fwp%2Fv2%2Fcategories&post=41009"},{"taxonomy":"post_tag","embeddable":true,"href":"https:\/\/radiorevelacionfm.cl\/index.php?rest_route=%2Fwp%2Fv2%2Ftags&post=41009"}],"curies":[{"name":"wp","href":"https:\/\/api.w.org\/{rel}","templated":true}]}}