{"id":41006,"date":"2024-04-04T15:58:14","date_gmt":"2024-04-04T18:58:14","guid":{"rendered":"https:\/\/radiorevelacionfm.cl\/?p=41006"},"modified":"2024-04-04T15:58:14","modified_gmt":"2024-04-04T18:58:14","slug":"programa-piloto-de-reciclaje-domiciliario-en-puerto-aysen-comienza-la-recepcion-de-pilas-en-desuso","status":"publish","type":"post","link":"https:\/\/radiorevelacionfm.cl\/?p=41006","title":{"rendered":"Programa piloto de reciclaje domiciliario en Puerto Ays\u00e9n comienza la recepci\u00f3n de pilas en desuso"},"content":{"rendered":"<div class=\"flex_column av_one_full  flex_column_div av-zero-column-padding first  avia-builder-el-0  el_before_av_one_full  avia-builder-el-first  \" style='border-radius:0px; '><div  class='avia-image-container  av-styling-    avia-builder-el-1  avia-builder-el-no-sibling  avia-align-center '  itemprop=\"image\" itemscope=\"itemscope\" itemtype=\"https:\/\/schema.org\/ImageObject\"  ><div class='avia-image-container-inner'><div class='avia-image-overlay-wrap'><img decoding=\"async\" class='wp-image-41007 avia-img-lazy-loading-not-41007 avia_image' src=\"https:\/\/radiorevelacionfm.cl\/wp-content\/uploads\/2024\/04\/img-01-pilas-1_optimized-1.jpg\" alt='' title='img-01-pilas-(1)_optimized (1)' height=\"600\" width=\"1050\"  itemprop=\"thumbnailUrl\" srcset=\"https:\/\/radiorevelacionfm.cl\/wp-content\/uploads\/2024\/04\/img-01-pilas-1_optimized-1.jpg 1050w, https:\/\/radiorevelacionfm.cl\/wp-content\/uploads\/2024\/04\/img-01-pilas-1_optimized-1-300x171.jpg 300w, https:\/\/radiorevelacionfm.cl\/wp-content\/uploads\/2024\/04\/img-01-pilas-1_optimized-1-1030x589.jpg 1030w, https:\/\/radiorevelacionfm.cl\/wp-content\/uploads\/2024\/04\/img-01-pilas-1_optimized-1-768x439.jpg 768w, https:\/\/radiorevelacionfm.cl\/wp-content\/uploads\/2024\/04\/img-01-pilas-1_optimized-1-705x403.jpg 705w, https:\/\/radiorevelacionfm.cl\/wp-content\/uploads\/2024\/04\/img-01-pilas-1_optimized-1-450x257.jpg 450w, https:\/\/radiorevelacionfm.cl\/wp-content\/uploads\/2024\/04\/img-01-pilas-1_optimized-1-600x343.jpg 600w\" sizes=\"(max-width: 1050px) 100vw, 1050px\" \/><\/div><\/div><\/div><\/div><div class=\"flex_column av_one_full  flex_column_div av-zero-column-padding first  avia-builder-el-2  el_after_av_one_full  el_before_av_one_full  column-top-margin\" style='border-radius:0px; '><section class=\"av_textblock_section \"  itemscope=\"itemscope\" itemtype=\"https:\/\/schema.org\/BlogPosting\" itemprop=\"blogPost\" ><div class='avia_textblock  '   itemprop=\"text\" ><p style=\"text-align: center;\"><strong><span style=\"font-size: 18pt;\">Programa piloto de reciclaje domiciliario en Puerto Ays\u00e9n comienza la recepci\u00f3n de pilas en desuso<\/span><\/strong><\/p>\n<div id=\"gtx-trans\" style=\"position: absolute; left: -50px; top: 4.31534px;\">\n<div class=\"gtx-trans-icon\"><\/div>\n<\/div>\n<\/div><\/section><\/div><div class=\"flex_column av_one_full  flex_column_div av-zero-column-padding first  avia-builder-el-4  el_after_av_one_full  el_before_av_hr  column-top-margin\" style='border-radius:0px; '><section class=\"av_textblock_section \"  itemscope=\"itemscope\" itemtype=\"https:\/\/schema.org\/BlogPosting\" itemprop=\"blogPost\" ><div class='avia_textblock  '   itemprop=\"text\" ><p style=\"text-align: justify;\">Desde la Escuela B\u00e1sica Rivera Sur en la comuna porte\u00f1a se dio inicio formal a la alianza p\u00fablico-privada que integran Empresas Bahamonde, AquaChile, Edelaysen y el Municipio de Ays\u00e9n para generar un espacio seguro de acopio destinado a las Pilas en Ays\u00e9n. Esto en el contexto de la octava versi\u00f3n de la iniciativa \u201cPonte las Pilas\u201d del Grupo Saesa y que ya ha permitido la disposici\u00f3n final de 80 toneladas de este residuo en el pa\u00eds. Ahora, los \u201cPuntos verdes\u201d que posee la empresa encargada de la recolecci\u00f3n de residuos domiciliarios en Puerto Ays\u00e9n \u00a0y que forman parte del piloto de Reciclaje domiciliario recepcionar\u00e1n este material para encaminarlo adecuadamente hasta el destino final en Concepci\u00f3n.<\/p>\n<p style=\"text-align: justify;\">Al respecto, B\u00e1rbara Weisser Rivera, destac\u00f3 que \u201cEmpresa Bahamonde agradece la colaboraci\u00f3n de Edelaysen para incorporar un contenedor destinado al acopio de pilas en cada Punto Verde que exista en la comuna de Ays\u00e9n para nuestro proyecto de reciclaje domiciliario. Le agradecemos tambi\u00e9n a la Escuela Rivera Sur, dado que ellos nos brindaron el espacio, son grandes colaboradores quienes ya est\u00e1n interiorizados en el tema del reciclaje de las pilas, tambi\u00e9n incentivar a que m\u00e1s ni\u00f1os, apoderados y la comunidad educativa e igualmente de la comunidad general de Ays\u00e9n puedan aportar disponiendo de las pilas en estos recept\u00e1culos para su correcta eliminaci\u00f3n\u201d.<\/p>\n<p style=\"text-align: justify;\">Mientras que, Francisco Pavez, Jefe zonal de Edelaysen relat\u00f3 que para la industria que representa este tipo de alianzas de car\u00e1cter social son muy importantes. As\u00ed tambi\u00e9n, explic\u00f3 que la recolecci\u00f3n de Pilas por parte del Grupo Saesa se ha realizado por 11 a\u00f1os y que \u201cel material recolectado lo llevamos a un dep\u00f3sito seguro en Concepci\u00f3n. El da\u00f1o que provocan (las pilas) es que, al estar en desuso, los materiales pesados que contienen da\u00f1an el medio ambiente de forma sustancial. Entonces lo que nosotros hacemos es trasladarlas a un lugar seguro para que no puedan contaminar\u201d.<\/p>\n<p style=\"text-align: justify;\">Por su parte, la encargada de Medio Ambiente de la Municipalidad de Ays\u00e9n, Carolina Pacheco, reiter\u00f3 su mensaje a la uni\u00f3n para generar cambios en la comuna porte\u00f1a enfatizando en los esfuerzos ya sean p\u00fablicos o privados para cuidar el ecosistema aysenino, \u201cfeliz de ser parte de estas alianzas, feliz como municipio tambi\u00e9n de poder aportar\u201d.<\/p>\n<p style=\"text-align: justify;\">Finalmente, Marcela Villanueva, docente de la Escuela B\u00e1sica Ribera Sur de Puerto Ays\u00e9n, destac\u00f3 que \u201crealmente hay empresas que tienen compromisos sociales, que realmente est\u00e1n incentivando lo que es el reciclaje en Puerto Ays\u00e9n. Primeramente, con Edelaysen en el tema de las pilas y tambi\u00e9n Empresas Bahamonde con el Humus que para nosotros ha sido un aporte importante para nuestro huerto y el cultivo del mismo. Este a\u00f1o hemos visto los frutos de ello, esto se complementa a nuestros sellos educativos que son compromiso social y medio ambiente, entonces tambi\u00e9n va de la mano con lo que es la vida saludable. Los tres sellos se conjugan en esta actividad. Ha sido un proceso muy importante y maravilloso para todos nosotros\u201d, sentenci\u00f3 la educadora aysenina.<\/p>\n<\/div><\/section><\/div><div  style='height:50px' class='hr hr-invisible   avia-builder-el-6  el_after_av_one_full  el_before_av_social_share '><span class='hr-inner ' ><span class='hr-inner-style'><\/span><\/span><\/div><\/p>\n<div  class='av-social-sharing-box  avia-builder-el-7  el_after_av_hr  el_before_av_hr  '><div class='av-share-box'><h5 class='av-share-link-description av-no-toc '>Compartir esta noticia<\/h5><ul class='av-share-box-list noLightbox'><li class='av-share-link av-social-link-facebook' ><a target=\"_blank\" aria-label=\"Compartir en Facebook\" href='https:\/\/www.facebook.com\/sharer.php?u=https:\/\/radiorevelacionfm.cl\/?p=41006&#038;t=Programa%20piloto%20de%20reciclaje%20domiciliario%20en%20Puerto%20Ays%C3%A9n%20comienza%20la%20recepci%C3%B3n%20de%20pilas%20en%20desuso' aria-hidden='false' data-av_icon='\ue8f3' data-av_iconfont='entypo-fontello' title='' data-avia-related-tooltip='Compartir en Facebook' rel=\"noopener\"><span class='avia_hidden_link_text'>Compartir en Facebook<\/span><\/a><\/li><li class='av-share-link av-social-link-twitter' ><a target=\"_blank\" aria-label=\"Compartir en Twitter\" href='https:\/\/twitter.com\/share?text=Programa%20piloto%20de%20reciclaje%20domiciliario%20en%20Puerto%20Ays%C3%A9n%20comienza%20la%20recepci%C3%B3n%20de%20pilas%20en%20desuso&#038;url=https:\/\/radiorevelacionfm.cl\/?p=41006' aria-hidden='false' data-av_icon='\ue8f1' data-av_iconfont='entypo-fontello' title='' data-avia-related-tooltip='Compartir en Twitter' rel=\"noopener\"><span class='avia_hidden_link_text'>Compartir en Twitter<\/span><\/a><\/li><li class='av-share-link av-social-link-whatsapp' ><a target=\"_blank\" aria-label=\"Compartir en Whatsapp\" href='https:\/\/api.whatsapp.com\/send?text=https:\/\/radiorevelacionfm.cl\/?p=41006' aria-hidden='false' data-av_icon='\uf232' data-av_iconfont='entypo-fontello' title='' data-avia-related-tooltip='Compartir en Whatsapp' rel=\"noopener\"><span class='avia_hidden_link_text'>Compartir en Whatsapp<\/span><\/a><\/li><li class='av-share-link av-social-link-linkedin' ><a target=\"_blank\" aria-label=\"Compartir en LinkedIn\" href='https:\/\/linkedin.com\/shareArticle?mini=true&#038;title=Programa%20piloto%20de%20reciclaje%20domiciliario%20en%20Puerto%20Ays%C3%A9n%20comienza%20la%20recepci%C3%B3n%20de%20pilas%20en%20desuso&#038;url=https:\/\/radiorevelacionfm.cl\/?p=41006' aria-hidden='false' data-av_icon='\ue8fc' data-av_iconfont='entypo-fontello' title='' data-avia-related-tooltip='Compartir en LinkedIn' rel=\"noopener\"><span class='avia_hidden_link_text'>Compartir en LinkedIn<\/span><\/a><\/li><li class='av-share-link av-social-link-mail' ><a  aria-label=\"Compartir por correo\" href='mailto:?subject=Programa%20piloto%20de%20reciclaje%20domiciliario%20en%20Puerto%20Ays%C3%A9n%20comienza%20la%20recepci%C3%B3n%20de%20pilas%20en%20desuso&#038;body=https:\/\/radiorevelacionfm.cl\/?p=41006' aria-hidden='false' data-av_icon='\ue805' data-av_iconfont='entypo-fontello' title='' data-avia-related-tooltip='Compartir por correo'><span class='avia_hidden_link_text'>Compartir por correo<\/span><\/a><\/li><\/ul><\/div><\/div>\n<div  style='height:50px' class='hr hr-invisible   avia-builder-el-8  el_after_av_social_share  el_before_av_comments_list '><span class='hr-inner ' ><span class='hr-inner-style'><\/span><\/span><\/div>\n<div  class='av-buildercomment  av-blog-meta-html-info-disabled av-blog-meta-tag-disabled  '><\/div>\n","protected":false},"excerpt":{"rendered":"","protected":false},"author":1,"featured_media":41007,"comment_status":"open","ping_status":"open","sticky":false,"template":"","format":"standard","meta":{"footnotes":""},"categories":[38],"tags":[],"class_list":["post-41006","post","type-post","status-publish","format-standard","has-post-thumbnail","hentry","category-regional"],"jetpack_featured_media_url":"https:\/\/radiorevelacionfm.cl\/wp-content\/uploads\/2024\/04\/img-01-pilas-1_optimized-1.jpg","_links":{"self":[{"href":"https:\/\/radiorevelacionfm.cl\/index.php?rest_route=\/wp\/v2\/posts\/41006","targetHints":{"allow":["GET"]}}],"collection":[{"href":"https:\/\/radiorevelacionfm.cl\/index.php?rest_route=\/wp\/v2\/posts"}],"about":[{"href":"https:\/\/radiorevelacionfm.cl\/index.php?rest_route=\/wp\/v2\/types\/post"}],"author":[{"embeddable":true,"href":"https:\/\/radiorevelacionfm.cl\/index.php?rest_route=\/wp\/v2\/users\/1"}],"replies":[{"embeddable":true,"href":"https:\/\/radiorevelacionfm.cl\/index.php?rest_route=%2Fwp%2Fv2%2Fcomments&post=41006"}],"version-history":[{"count":1,"href":"https:\/\/radiorevelacionfm.cl\/index.php?rest_route=\/wp\/v2\/posts\/41006\/revisions"}],"predecessor-version":[{"id":41008,"href":"https:\/\/radiorevelacionfm.cl\/index.php?rest_route=\/wp\/v2\/posts\/41006\/revisions\/41008"}],"wp:featuredmedia":[{"embeddable":true,"href":"https:\/\/radiorevelacionfm.cl\/index.php?rest_route=\/wp\/v2\/media\/41007"}],"wp:attachment":[{"href":"https:\/\/radiorevelacionfm.cl\/index.php?rest_route=%2Fwp%2Fv2%2Fmedia&parent=41006"}],"wp:term":[{"taxonomy":"category","embeddable":true,"href":"https:\/\/radiorevelacionfm.cl\/index.php?rest_route=%2Fwp%2Fv2%2Fcategories&post=41006"},{"taxonomy":"post_tag","embeddable":true,"href":"https:\/\/radiorevelacionfm.cl\/index.php?rest_route=%2Fwp%2Fv2%2Ftags&post=41006"}],"curies":[{"name":"wp","href":"https:\/\/api.w.org\/{rel}","templated":true}]}}