{"id":41004,"date":"2024-04-04T14:28:38","date_gmt":"2024-04-04T17:28:38","guid":{"rendered":"https:\/\/radiorevelacionfm.cl\/?p=41004"},"modified":"2024-04-04T14:28:38","modified_gmt":"2024-04-04T17:28:38","slug":"calisto-resalta-aprobacion-de-mideso-para-apr-de-rio-los-palos-e-insta-a-agilizar-proceso-para-otros-comites","status":"publish","type":"post","link":"https:\/\/radiorevelacionfm.cl\/?p=41004","title":{"rendered":"Calisto resalta aprobaci\u00f3n de MIDESO para APR de R\u00edo los Palos e insta a agilizar proceso para otros comit\u00e9s"},"content":{"rendered":"<div class=\"flex_column av_one_full  flex_column_div av-zero-column-padding first  avia-builder-el-0  el_before_av_one_full  avia-builder-el-first  \" style='border-radius:0px; '><div  class='avia-image-container  av-styling-    avia-builder-el-1  avia-builder-el-no-sibling  avia-align-center '  itemprop=\"image\" itemscope=\"itemscope\" itemtype=\"https:\/\/schema.org\/ImageObject\"  ><div class='avia-image-container-inner'><div class='avia-image-overlay-wrap'><img decoding=\"async\" class='wp-image-19740 avia-img-lazy-loading-not-19740 avia_image' src=\"https:\/\/radiorevelacionfm.cl\/wp-content\/uploads\/2022\/07\/CALISTO3-1-1.jpg\" alt='' title='CALISTO3 (1) (1)' height=\"600\" width=\"1095\"  itemprop=\"thumbnailUrl\" srcset=\"https:\/\/radiorevelacionfm.cl\/wp-content\/uploads\/2022\/07\/CALISTO3-1-1.jpg 1095w, https:\/\/radiorevelacionfm.cl\/wp-content\/uploads\/2022\/07\/CALISTO3-1-1-300x164.jpg 300w, https:\/\/radiorevelacionfm.cl\/wp-content\/uploads\/2022\/07\/CALISTO3-1-1-1030x564.jpg 1030w, https:\/\/radiorevelacionfm.cl\/wp-content\/uploads\/2022\/07\/CALISTO3-1-1-768x421.jpg 768w, https:\/\/radiorevelacionfm.cl\/wp-content\/uploads\/2022\/07\/CALISTO3-1-1-705x386.jpg 705w, https:\/\/radiorevelacionfm.cl\/wp-content\/uploads\/2022\/07\/CALISTO3-1-1-600x329.jpg 600w\" sizes=\"(max-width: 1095px) 100vw, 1095px\" \/><\/div><\/div><\/div><\/div><div class=\"flex_column av_one_full  flex_column_div av-zero-column-padding first  avia-builder-el-2  el_after_av_one_full  el_before_av_one_full  column-top-margin\" style='border-radius:0px; '><section class=\"av_textblock_section \"  itemscope=\"itemscope\" itemtype=\"https:\/\/schema.org\/BlogPosting\" itemprop=\"blogPost\" ><div class='avia_textblock  '   itemprop=\"text\" ><p style=\"text-align: center;\"><strong><span style=\"font-size: 18pt;\">Calisto resalta aprobaci\u00f3n de MIDESO para APR de R\u00edo los Palos e insta a agilizar proceso para otros comit\u00e9s<\/span><\/strong><\/p>\n<div id=\"gtx-trans\" style=\"position: absolute; left: -50px; top: 4.31534px;\">\n<div class=\"gtx-trans-icon\"><\/div>\n<\/div>\n<\/div><\/section><\/div><div class=\"flex_column av_one_full  flex_column_div av-zero-column-padding first  avia-builder-el-4  el_after_av_one_full  el_before_av_hr  column-top-margin\" style='border-radius:0px; '><section class=\"av_textblock_section \"  itemscope=\"itemscope\" itemtype=\"https:\/\/schema.org\/BlogPosting\" itemprop=\"blogPost\" ><div class='avia_textblock  '   itemprop=\"text\" ><p style=\"font-weight: 400; text-align: justify;\">Como una gran noticia calific\u00f3 el diputado Miguel \u00c1ngel Calisto la confirmaci\u00f3n por parte del Ministerio de Desarrollo Social del RS para el proyecto de Agua Potable Rural de R\u00edo los Palos, un tema muy anhelado por los vecinos de este sector que les permitir\u00e1 poder acceder a los recursos por parte del Gobierno Regional para iniciar su construcci\u00f3n.<\/p>\n<p style=\"font-weight: 400; text-align: justify;\">Seg\u00fan el diputado Miguel \u00c1ngel Calisto, \u201cestamos muy contentos, porque luego de muchas gestiones y del trabajo por parte de los dirigentes del comit\u00e9 de APR R\u00edo Los Palos, se logr\u00f3 sacar adelante el RS del Ministerio de Desarrollo Social. Con esto, el Gobierno Regional y el Ministerio de Obras P\u00fablicas ya tienen la recomendaci\u00f3n t\u00e9cnica para financiar este APR para 135 familias del sector de R\u00edo Los Palos\u201d.<\/p>\n<p style=\"font-weight: 400; text-align: justify;\">\u201cHemos estado acompa\u00f1ando a los dirigentes en todo este proceso. Agradecemos su esfuerzo, como as\u00ed tambi\u00e9n valoramos el trabajo de los organismos t\u00e9cnicos que lograr sacar las observaciones, como la DOH y el Mideso. Esto es una manera de incentivar que los dem\u00e1s proyectos que faltan tambi\u00e9n puedan solucionarse r\u00e1pidamente y puedan salir con RS\u201d, se\u00f1al\u00f3.<\/p>\n<p style=\"font-weight: 400; text-align: justify;\">Calisto agreg\u00f3 que \u201cesto m\u00e1s que t\u00e9cnico, incluso es un tema de decisi\u00f3n pol\u00edtica. Falta aun conseguir el RS en Lago Pollux, en el sector Las Bandurrias, de Las Chacras de Cochrane, y muchos otros sectores. Es fundamental que estos sectores m\u00e1s rurales puedan contar con agua, se trata de gente de mucho esfuerzo que muchas veces no pueden tener su casa en la ciudad, pro los costos que significa\u201d.<\/p>\n<p style=\"font-weight: 400; text-align: justify;\">Por su parte, Ra\u00fal Arce, presidente del comit\u00e9 APR R\u00edo los Palos, indic\u00f3 que \u201cesto significa un importante avance para concretar el agua potable para los vecinos. Nuestro comit\u00e9 naci\u00f3 hace varios a\u00f1os atr\u00e1s y venimos luchando de forma muy organizada. Hemos tenido dificultades, pero tambi\u00e9n la ayuda de distintas personas\u201d.<\/p>\n<p style=\"font-weight: 400; text-align: justify;\">\u201cAhora estamos en espera que el Gobierno Regional se re\u00fana para poner en tabla nuestro proyecto y as\u00ed poder aprobar los recursos. Despu\u00e9s pasar\u00edamos a la fase de licitaci\u00f3n y posteriormente a la construcci\u00f3n de nuestro proyecto, y ya pensar que en alg\u00fan d\u00eda no tan lejano podremos contar con agua potable en las distintas casas de los vecinos de este sector\u201d, asegur\u00f3 Arce.<\/p>\n<p style=\"font-weight: 400; text-align: justify;\">Finalmente, el dirigente resalt\u00f3 el apoyo del diputado Miguel \u00c1ngel Calisto, afirmando que \u201cestamos tremendamente agradecidos de las gestiones que ha hecho el diputado por nuestro comit\u00e9. Tenemos diferentes parlamentarios en la regi\u00f3n, pero no todos estuvieron a la altura de lo que uno requer\u00eda en este caso. La \u00fanica autoridad que nos ayud\u00f3 realmente en esto fue el diputado\u201d.<\/p>\n<\/div><\/section><\/div><div  style='height:50px' class='hr hr-invisible   avia-builder-el-6  el_after_av_one_full  el_before_av_social_share '><span class='hr-inner ' ><span class='hr-inner-style'><\/span><\/span><\/div><\/p>\n<div  class='av-social-sharing-box  avia-builder-el-7  el_after_av_hr  el_before_av_hr  '><div class='av-share-box'><h5 class='av-share-link-description av-no-toc '>Compartir esta noticia<\/h5><ul class='av-share-box-list noLightbox'><li class='av-share-link av-social-link-facebook' ><a target=\"_blank\" aria-label=\"Compartir en Facebook\" href='https:\/\/www.facebook.com\/sharer.php?u=https:\/\/radiorevelacionfm.cl\/?p=41004&#038;t=Calisto%20resalta%20aprobaci%C3%B3n%20de%20MIDESO%20para%20APR%20de%20R%C3%ADo%20los%20Palos%20e%20insta%20a%20agilizar%20proceso%20para%20otros%20comit%C3%A9s' aria-hidden='false' data-av_icon='\ue8f3' data-av_iconfont='entypo-fontello' title='' data-avia-related-tooltip='Compartir en Facebook' rel=\"noopener\"><span class='avia_hidden_link_text'>Compartir en Facebook<\/span><\/a><\/li><li class='av-share-link av-social-link-twitter' ><a target=\"_blank\" aria-label=\"Compartir en Twitter\" href='https:\/\/twitter.com\/share?text=Calisto%20resalta%20aprobaci%C3%B3n%20de%20MIDESO%20para%20APR%20de%20R%C3%ADo%20los%20Palos%20e%20insta%20a%20agilizar%20proceso%20para%20otros%20comit%C3%A9s&#038;url=https:\/\/radiorevelacionfm.cl\/?p=41004' aria-hidden='false' data-av_icon='\ue8f1' data-av_iconfont='entypo-fontello' title='' data-avia-related-tooltip='Compartir en Twitter' rel=\"noopener\"><span class='avia_hidden_link_text'>Compartir en Twitter<\/span><\/a><\/li><li class='av-share-link av-social-link-whatsapp' ><a target=\"_blank\" aria-label=\"Compartir en Whatsapp\" href='https:\/\/api.whatsapp.com\/send?text=https:\/\/radiorevelacionfm.cl\/?p=41004' aria-hidden='false' data-av_icon='\uf232' data-av_iconfont='entypo-fontello' title='' data-avia-related-tooltip='Compartir en Whatsapp' rel=\"noopener\"><span class='avia_hidden_link_text'>Compartir en Whatsapp<\/span><\/a><\/li><li class='av-share-link av-social-link-linkedin' ><a target=\"_blank\" aria-label=\"Compartir en LinkedIn\" href='https:\/\/linkedin.com\/shareArticle?mini=true&#038;title=Calisto%20resalta%20aprobaci%C3%B3n%20de%20MIDESO%20para%20APR%20de%20R%C3%ADo%20los%20Palos%20e%20insta%20a%20agilizar%20proceso%20para%20otros%20comit%C3%A9s&#038;url=https:\/\/radiorevelacionfm.cl\/?p=41004' aria-hidden='false' data-av_icon='\ue8fc' data-av_iconfont='entypo-fontello' title='' data-avia-related-tooltip='Compartir en LinkedIn' rel=\"noopener\"><span class='avia_hidden_link_text'>Compartir en LinkedIn<\/span><\/a><\/li><li class='av-share-link av-social-link-mail' ><a  aria-label=\"Compartir por correo\" href='mailto:?subject=Calisto%20resalta%20aprobaci%C3%B3n%20de%20MIDESO%20para%20APR%20de%20R%C3%ADo%20los%20Palos%20e%20insta%20a%20agilizar%20proceso%20para%20otros%20comit%C3%A9s&#038;body=https:\/\/radiorevelacionfm.cl\/?p=41004' aria-hidden='false' data-av_icon='\ue805' data-av_iconfont='entypo-fontello' title='' data-avia-related-tooltip='Compartir por correo'><span class='avia_hidden_link_text'>Compartir por correo<\/span><\/a><\/li><\/ul><\/div><\/div>\n<div  style='height:50px' class='hr hr-invisible   avia-builder-el-8  el_after_av_social_share  el_before_av_comments_list '><span class='hr-inner ' ><span class='hr-inner-style'><\/span><\/span><\/div>\n<div  class='av-buildercomment  av-blog-meta-html-info-disabled av-blog-meta-tag-disabled  '><\/div>\n","protected":false},"excerpt":{"rendered":"","protected":false},"author":1,"featured_media":19740,"comment_status":"open","ping_status":"open","sticky":false,"template":"","format":"standard","meta":{"footnotes":""},"categories":[35],"tags":[],"class_list":["post-41004","post","type-post","status-publish","format-standard","has-post-thumbnail","hentry","category-politica"],"jetpack_featured_media_url":"https:\/\/radiorevelacionfm.cl\/wp-content\/uploads\/2022\/07\/CALISTO3-1-1.jpg","_links":{"self":[{"href":"https:\/\/radiorevelacionfm.cl\/index.php?rest_route=\/wp\/v2\/posts\/41004","targetHints":{"allow":["GET"]}}],"collection":[{"href":"https:\/\/radiorevelacionfm.cl\/index.php?rest_route=\/wp\/v2\/posts"}],"about":[{"href":"https:\/\/radiorevelacionfm.cl\/index.php?rest_route=\/wp\/v2\/types\/post"}],"author":[{"embeddable":true,"href":"https:\/\/radiorevelacionfm.cl\/index.php?rest_route=\/wp\/v2\/users\/1"}],"replies":[{"embeddable":true,"href":"https:\/\/radiorevelacionfm.cl\/index.php?rest_route=%2Fwp%2Fv2%2Fcomments&post=41004"}],"version-history":[{"count":1,"href":"https:\/\/radiorevelacionfm.cl\/index.php?rest_route=\/wp\/v2\/posts\/41004\/revisions"}],"predecessor-version":[{"id":41005,"href":"https:\/\/radiorevelacionfm.cl\/index.php?rest_route=\/wp\/v2\/posts\/41004\/revisions\/41005"}],"wp:featuredmedia":[{"embeddable":true,"href":"https:\/\/radiorevelacionfm.cl\/index.php?rest_route=\/wp\/v2\/media\/19740"}],"wp:attachment":[{"href":"https:\/\/radiorevelacionfm.cl\/index.php?rest_route=%2Fwp%2Fv2%2Fmedia&parent=41004"}],"wp:term":[{"taxonomy":"category","embeddable":true,"href":"https:\/\/radiorevelacionfm.cl\/index.php?rest_route=%2Fwp%2Fv2%2Fcategories&post=41004"},{"taxonomy":"post_tag","embeddable":true,"href":"https:\/\/radiorevelacionfm.cl\/index.php?rest_route=%2Fwp%2Fv2%2Ftags&post=41004"}],"curies":[{"name":"wp","href":"https:\/\/api.w.org\/{rel}","templated":true}]}}