{"id":40998,"date":"2024-04-04T10:49:20","date_gmt":"2024-04-04T13:49:20","guid":{"rendered":"https:\/\/radiorevelacionfm.cl\/?p=40998"},"modified":"2024-04-04T10:49:20","modified_gmt":"2024-04-04T13:49:20","slug":"grupo-de-adultos-mayores-visita-la-region-de-aysen-a-traves-de-programa-vacaciones-tercera-edad","status":"publish","type":"post","link":"https:\/\/radiorevelacionfm.cl\/?p=40998","title":{"rendered":"Grupo de adultos mayores visita la Regi\u00f3n de Ays\u00e9n a trav\u00e9s de programa Vacaciones Tercera Edad"},"content":{"rendered":"<div class=\"flex_column av_one_full  flex_column_div av-zero-column-padding first  avia-builder-el-0  el_before_av_one_full  avia-builder-el-first  \" style='border-radius:0px; '><div  class='avia-image-container  av-styling-    avia-builder-el-1  avia-builder-el-no-sibling  avia-align-center '  itemprop=\"image\" itemscope=\"itemscope\" itemtype=\"https:\/\/schema.org\/ImageObject\"  ><div class='avia-image-container-inner'><div class='avia-image-overlay-wrap'><img decoding=\"async\" class='wp-image-40999 avia-img-lazy-loading-not-40999 avia_image' src=\"https:\/\/radiorevelacionfm.cl\/wp-content\/uploads\/2024\/04\/vte-sernatur-01-1_optimized-1.jpg\" alt='' title='vte-sernatur-01-(1)_optimized (1)' height=\"600\" width=\"1040\"  itemprop=\"thumbnailUrl\" srcset=\"https:\/\/radiorevelacionfm.cl\/wp-content\/uploads\/2024\/04\/vte-sernatur-01-1_optimized-1.jpg 1040w, https:\/\/radiorevelacionfm.cl\/wp-content\/uploads\/2024\/04\/vte-sernatur-01-1_optimized-1-300x173.jpg 300w, https:\/\/radiorevelacionfm.cl\/wp-content\/uploads\/2024\/04\/vte-sernatur-01-1_optimized-1-1030x594.jpg 1030w, https:\/\/radiorevelacionfm.cl\/wp-content\/uploads\/2024\/04\/vte-sernatur-01-1_optimized-1-768x443.jpg 768w, https:\/\/radiorevelacionfm.cl\/wp-content\/uploads\/2024\/04\/vte-sernatur-01-1_optimized-1-705x407.jpg 705w, https:\/\/radiorevelacionfm.cl\/wp-content\/uploads\/2024\/04\/vte-sernatur-01-1_optimized-1-450x260.jpg 450w, https:\/\/radiorevelacionfm.cl\/wp-content\/uploads\/2024\/04\/vte-sernatur-01-1_optimized-1-600x346.jpg 600w\" sizes=\"(max-width: 1040px) 100vw, 1040px\" \/><\/div><\/div><\/div><\/div><div class=\"flex_column av_one_full  flex_column_div av-zero-column-padding first  avia-builder-el-2  el_after_av_one_full  el_before_av_one_full  column-top-margin\" style='border-radius:0px; '><section class=\"av_textblock_section \"  itemscope=\"itemscope\" itemtype=\"https:\/\/schema.org\/BlogPosting\" itemprop=\"blogPost\" ><div class='avia_textblock  '   itemprop=\"text\" ><p style=\"text-align: center;\"><strong><span style=\"font-size: 18pt;\">Grupo de adultos mayores visita la Regi\u00f3n de Ays\u00e9n a trav\u00e9s de programa Vacaciones Tercera Edad <\/span><\/strong><\/p>\n<div id=\"gtx-trans\" style=\"position: absolute; left: -50px; top: 4.31534px;\">\n<div class=\"gtx-trans-icon\"><\/div>\n<\/div>\n<\/div><\/section><\/div><div class=\"flex_column av_one_full  flex_column_div av-zero-column-padding first  avia-builder-el-4  el_after_av_one_full  el_before_av_hr  column-top-margin\" style='border-radius:0px; '><section class=\"av_textblock_section \"  itemscope=\"itemscope\" itemtype=\"https:\/\/schema.org\/BlogPosting\" itemprop=\"blogPost\" ><div class='avia_textblock  '   itemprop=\"text\" ><p style=\"text-align: justify;\"><em>Los pasajeros provenientes de distintas ciudades de la zona central del pa\u00eds, visitaran principalmente atractivos de las comunas de Coyhaique y Ays\u00e9n.<\/em><\/p>\n<p style=\"text-align: justify;\">Un grupo de 20 adultos mayores provenientes de diferentes rincones de Chile, lleg\u00f3 esta semana hasta el destino Ays\u00e9n Patagonia a trav\u00e9s del Programa Vacaciones Tercera Edad que ejecuta el Servicio Nacional de Turismo (Sernatur), para disfrutar de una experiencia \u00fanica en la zona.<\/p>\n<p style=\"text-align: justify;\">Los visitantes fueron recibidos por el director regional de Sernatur Ays\u00e9n, Claudio Montecinos quien destac\u00f3 la importancia de este primer grupo del a\u00f1o y anunci\u00f3 el inicio de otros programas sociales, como Gira de Estudio y Vacaciones de Turismo Familiar, que se llevar\u00e1n a cabo a lo largo del a\u00f1o. \u00abEstos programas beneficiar\u00e1n a m\u00e1s de 1500 personas, lo que contribuir\u00e1 a extender la temporada tur\u00edstica y activar las econom\u00edas locales, permitiendo tambi\u00e9n a los beneficiarios explorar los distintos destinos y atractivos de nuestra regi\u00f3n de Ays\u00e9n\u00bb.<\/p>\n<p style=\"text-align: justify;\">Durante su estancia, los visitantes tendr\u00e1n la oportunidad de conocer diversos atractivos tur\u00edsticos entre Coyhaique y Puerto Ays\u00e9n durante 7 d\u00edas, entre los que se incluyen la Reserva Nacional Coyhaique, el monumento al mate y el mirador del r\u00edo Simpson, as\u00ed como tambi\u00e9n las impresionantes Seis Lagunas y un recorrido por las ciudades de Coyhaique y Puerto Ays\u00e9n. Adem\u00e1s, tendr\u00e1n la opci\u00f3n de tomar tours opcionales para descubrir lugares de inter\u00e9s como las Capillas de M\u00e1rmol.<\/p>\n<p style=\"text-align: justify;\">\u00abEstamos muy ilusionados con este viaje. Acabo de cumplir 60 a\u00f1os, as\u00ed que es mi primer viaje y espero que sean muchos aprovechando estos tours de adulto mayor. Y mor\u00eda de ganas de venir al sur en esta \u00e9poca, en oto\u00f1o, para ver todos los coloridos. Estoy esperando ver amarillo, rojo, naranja, las lengas, los \u00f1irres, y todo lo que hay por aqu\u00ed\u00bb, expres\u00f3 Mar\u00eda Elena Fern\u00e1ndez, una de las pasajeras provenientes de Santiago.<\/p>\n<p style=\"text-align: justify;\">\u00abHasta aqu\u00ed vamos bien en el viaje, yo no tengo reclamo, el tiempo ya me hab\u00eda avisado que era lluvioso, con fr\u00edo, pero es un fr\u00edo distinto. Y compartir con gente que uno no conoce, que tiene las mismas vivencias, es bueno, muy bueno. Hace muchos a\u00f1os yo participaba en este mismo programa y fui con mi se\u00f1ora tres o cuatro veces, dos veces a Puc\u00f3n, despu\u00e9s fuimos a Valpara\u00edso y a La Serena tambi\u00e9n. As\u00ed que ya ten\u00eda la experiencia con ustedes. Mi hija y mi hijo me equiparon para venir y ahora estoy feliz aqu\u00ed\u00bb, comparti\u00f3 Maximiliano Cataldo Pizarro, procedente de Llay Llay, Regi\u00f3n Metropolitana.<\/p>\n<p style=\"text-align: justify;\">Se estima que con este viaje, la regi\u00f3n de Ays\u00e9n y el destino de Coyhaique recibir\u00e1n aproximadamente 500 pasajeros externos a lo largo del a\u00f1o 2024 y otros cerca de mil beneficiarios interregionales har\u00e1n uso de los programa sociales de Sernatur.<\/p>\n<\/div><\/section><\/div><div  style='height:50px' class='hr hr-invisible   avia-builder-el-6  el_after_av_one_full  el_before_av_social_share '><span class='hr-inner ' ><span class='hr-inner-style'><\/span><\/span><\/div><\/p>\n<div  class='av-social-sharing-box  avia-builder-el-7  el_after_av_hr  el_before_av_hr  '><div class='av-share-box'><h5 class='av-share-link-description av-no-toc '>Compartir esta noticia<\/h5><ul class='av-share-box-list noLightbox'><li class='av-share-link av-social-link-facebook' ><a target=\"_blank\" aria-label=\"Compartir en Facebook\" href='https:\/\/www.facebook.com\/sharer.php?u=https:\/\/radiorevelacionfm.cl\/?p=40998&#038;t=Grupo%20de%20adultos%20mayores%20visita%20la%20Regi%C3%B3n%20de%20Ays%C3%A9n%20a%20trav%C3%A9s%20de%20programa%20Vacaciones%20Tercera%20Edad' aria-hidden='false' data-av_icon='\ue8f3' data-av_iconfont='entypo-fontello' title='' data-avia-related-tooltip='Compartir en Facebook' rel=\"noopener\"><span class='avia_hidden_link_text'>Compartir en Facebook<\/span><\/a><\/li><li class='av-share-link av-social-link-twitter' ><a target=\"_blank\" aria-label=\"Compartir en Twitter\" href='https:\/\/twitter.com\/share?text=Grupo%20de%20adultos%20mayores%20visita%20la%20Regi%C3%B3n%20de%20Ays%C3%A9n%20a%20trav%C3%A9s%20de%20programa%20Vacaciones%20Tercera%20Edad&#038;url=https:\/\/radiorevelacionfm.cl\/?p=40998' aria-hidden='false' data-av_icon='\ue8f1' data-av_iconfont='entypo-fontello' title='' data-avia-related-tooltip='Compartir en Twitter' rel=\"noopener\"><span class='avia_hidden_link_text'>Compartir en Twitter<\/span><\/a><\/li><li class='av-share-link av-social-link-whatsapp' ><a target=\"_blank\" aria-label=\"Compartir en Whatsapp\" href='https:\/\/api.whatsapp.com\/send?text=https:\/\/radiorevelacionfm.cl\/?p=40998' aria-hidden='false' data-av_icon='\uf232' data-av_iconfont='entypo-fontello' title='' data-avia-related-tooltip='Compartir en Whatsapp' rel=\"noopener\"><span class='avia_hidden_link_text'>Compartir en Whatsapp<\/span><\/a><\/li><li class='av-share-link av-social-link-linkedin' ><a target=\"_blank\" aria-label=\"Compartir en LinkedIn\" href='https:\/\/linkedin.com\/shareArticle?mini=true&#038;title=Grupo%20de%20adultos%20mayores%20visita%20la%20Regi%C3%B3n%20de%20Ays%C3%A9n%20a%20trav%C3%A9s%20de%20programa%20Vacaciones%20Tercera%20Edad&#038;url=https:\/\/radiorevelacionfm.cl\/?p=40998' aria-hidden='false' data-av_icon='\ue8fc' data-av_iconfont='entypo-fontello' title='' data-avia-related-tooltip='Compartir en LinkedIn' rel=\"noopener\"><span class='avia_hidden_link_text'>Compartir en LinkedIn<\/span><\/a><\/li><li class='av-share-link av-social-link-mail' ><a  aria-label=\"Compartir por correo\" href='mailto:?subject=Grupo%20de%20adultos%20mayores%20visita%20la%20Regi%C3%B3n%20de%20Ays%C3%A9n%20a%20trav%C3%A9s%20de%20programa%20Vacaciones%20Tercera%20Edad&#038;body=https:\/\/radiorevelacionfm.cl\/?p=40998' aria-hidden='false' data-av_icon='\ue805' data-av_iconfont='entypo-fontello' title='' data-avia-related-tooltip='Compartir por correo'><span class='avia_hidden_link_text'>Compartir por correo<\/span><\/a><\/li><\/ul><\/div><\/div>\n<div  style='height:50px' class='hr hr-invisible   avia-builder-el-8  el_after_av_social_share  el_before_av_comments_list '><span class='hr-inner ' ><span class='hr-inner-style'><\/span><\/span><\/div>\n<div  class='av-buildercomment  av-blog-meta-html-info-disabled av-blog-meta-tag-disabled  '><\/div>\n","protected":false},"excerpt":{"rendered":"","protected":false},"author":1,"featured_media":40999,"comment_status":"open","ping_status":"open","sticky":false,"template":"","format":"standard","meta":{"footnotes":""},"categories":[54],"tags":[],"class_list":["post-40998","post","type-post","status-publish","format-standard","has-post-thumbnail","hentry","category-turismo"],"jetpack_featured_media_url":"https:\/\/radiorevelacionfm.cl\/wp-content\/uploads\/2024\/04\/vte-sernatur-01-1_optimized-1.jpg","_links":{"self":[{"href":"https:\/\/radiorevelacionfm.cl\/index.php?rest_route=\/wp\/v2\/posts\/40998","targetHints":{"allow":["GET"]}}],"collection":[{"href":"https:\/\/radiorevelacionfm.cl\/index.php?rest_route=\/wp\/v2\/posts"}],"about":[{"href":"https:\/\/radiorevelacionfm.cl\/index.php?rest_route=\/wp\/v2\/types\/post"}],"author":[{"embeddable":true,"href":"https:\/\/radiorevelacionfm.cl\/index.php?rest_route=\/wp\/v2\/users\/1"}],"replies":[{"embeddable":true,"href":"https:\/\/radiorevelacionfm.cl\/index.php?rest_route=%2Fwp%2Fv2%2Fcomments&post=40998"}],"version-history":[{"count":1,"href":"https:\/\/radiorevelacionfm.cl\/index.php?rest_route=\/wp\/v2\/posts\/40998\/revisions"}],"predecessor-version":[{"id":41000,"href":"https:\/\/radiorevelacionfm.cl\/index.php?rest_route=\/wp\/v2\/posts\/40998\/revisions\/41000"}],"wp:featuredmedia":[{"embeddable":true,"href":"https:\/\/radiorevelacionfm.cl\/index.php?rest_route=\/wp\/v2\/media\/40999"}],"wp:attachment":[{"href":"https:\/\/radiorevelacionfm.cl\/index.php?rest_route=%2Fwp%2Fv2%2Fmedia&parent=40998"}],"wp:term":[{"taxonomy":"category","embeddable":true,"href":"https:\/\/radiorevelacionfm.cl\/index.php?rest_route=%2Fwp%2Fv2%2Fcategories&post=40998"},{"taxonomy":"post_tag","embeddable":true,"href":"https:\/\/radiorevelacionfm.cl\/index.php?rest_route=%2Fwp%2Fv2%2Ftags&post=40998"}],"curies":[{"name":"wp","href":"https:\/\/api.w.org\/{rel}","templated":true}]}}