{"id":40995,"date":"2024-04-03T20:49:09","date_gmt":"2024-04-03T23:49:09","guid":{"rendered":"https:\/\/radiorevelacionfm.cl\/?p=40995"},"modified":"2024-04-03T20:49:09","modified_gmt":"2024-04-03T23:49:09","slug":"sernameg-interpone-querella-por-femicidio-frustrado-en-la-ciudad-de-coyhaique","status":"publish","type":"post","link":"https:\/\/radiorevelacionfm.cl\/?p=40995","title":{"rendered":"SernamEG interpone querella por femicidio frustrado en la ciudad de Coyhaique"},"content":{"rendered":"<div class=\"flex_column av_one_full  flex_column_div av-zero-column-padding first  avia-builder-el-0  el_before_av_one_full  avia-builder-el-first  \" style='border-radius:0px; '><div  class='avia-image-container  av-styling-    avia-builder-el-1  avia-builder-el-no-sibling  avia-align-center '  itemprop=\"image\" itemscope=\"itemscope\" itemtype=\"https:\/\/schema.org\/ImageObject\"  ><div class='avia-image-container-inner'><div class='avia-image-overlay-wrap'><img decoding=\"async\" class='wp-image-40996 avia-img-lazy-loading-not-40996 avia_image' src=\"https:\/\/radiorevelacionfm.cl\/wp-content\/uploads\/2024\/04\/Directora-foto-2-1-1.jpeg\" alt='' title='Directora foto 2 (1) (1)' height=\"600\" width=\"800\"  itemprop=\"thumbnailUrl\" srcset=\"https:\/\/radiorevelacionfm.cl\/wp-content\/uploads\/2024\/04\/Directora-foto-2-1-1.jpeg 800w, https:\/\/radiorevelacionfm.cl\/wp-content\/uploads\/2024\/04\/Directora-foto-2-1-1-300x225.jpeg 300w, https:\/\/radiorevelacionfm.cl\/wp-content\/uploads\/2024\/04\/Directora-foto-2-1-1-768x576.jpeg 768w, https:\/\/radiorevelacionfm.cl\/wp-content\/uploads\/2024\/04\/Directora-foto-2-1-1-705x529.jpeg 705w, https:\/\/radiorevelacionfm.cl\/wp-content\/uploads\/2024\/04\/Directora-foto-2-1-1-450x338.jpeg 450w, https:\/\/radiorevelacionfm.cl\/wp-content\/uploads\/2024\/04\/Directora-foto-2-1-1-600x450.jpeg 600w\" sizes=\"(max-width: 800px) 100vw, 800px\" \/><\/div><\/div><\/div><\/div><div class=\"flex_column av_one_full  flex_column_div av-zero-column-padding first  avia-builder-el-2  el_after_av_one_full  el_before_av_one_full  column-top-margin\" style='border-radius:0px; '><section class=\"av_textblock_section \"  itemscope=\"itemscope\" itemtype=\"https:\/\/schema.org\/BlogPosting\" itemprop=\"blogPost\" ><div class='avia_textblock  '   itemprop=\"text\" ><p style=\"text-align: center;\"><strong><span style=\"font-size: 18pt;\">SernamEG interpone querella por femicidio frustrado en la ciudad de Coyhaique<\/span><\/strong><\/p>\n<div id=\"gtx-trans\" style=\"position: absolute; left: -50px; top: 4.31534px;\">\n<div class=\"gtx-trans-icon\"><\/div>\n<\/div>\n<\/div><\/section><\/div><div class=\"flex_column av_one_full  flex_column_div av-zero-column-padding first  avia-builder-el-4  el_after_av_one_full  el_before_av_hr  column-top-margin\" style='border-radius:0px; '><section class=\"av_textblock_section \"  itemscope=\"itemscope\" itemtype=\"https:\/\/schema.org\/BlogPosting\" itemprop=\"blogPost\" ><div class='avia_textblock  '   itemprop=\"text\" ><p dir=\"ltr\" style=\"text-align: justify;\">A prop\u00f3sito del hecho ocurrido el d\u00eda 27 de marzo, donde un sujeto de iniciales G.D.P.M. fue detenido y posteriormente formalizado por el delito de femicidio frustrado en la ciudad de Coyhaique, el Servicio Nacional de la Mujer y Equidad de G\u00e9nero (SernamEG) de la Regi\u00f3n de Ays\u00e9n interpuso una querella luego de que la v\u00edctima entregara su consentimiento para ser representada judicialmente.<\/p>\n<p dir=\"ltr\" style=\"text-align: justify;\">Fue el Tribunal de Garant\u00eda de Coyhaique que, con fecha de este martes 2 de abril, declar\u00f3 admisible la querella por el delito de \u00abfemicidio \u00edntimo\u00bb presentada por el abogado del servicio, remitiendo todos los antecedentes entregados de la causa al Ministerio P\u00fablico para la investigaci\u00f3n.<\/p>\n<p dir=\"ltr\" style=\"text-align: justify;\">Al respecto, la directora regional de SernamEG, Patricia Baeza Cabezas, se\u00f1al\u00f3 que ante estos hechos \u00abse activa inmediatamente el circuito integrado de femicidio, en el cual los profesionales se acercan, se ponen en contacto con la v\u00edctima, y ponemos a disposici\u00f3n nuestros centros de atenci\u00f3n y toda la articulaci\u00f3n intersectorial para brindar apoyo. Hemos tenido ya varios casos en los que se ha prestado el servicio de representaci\u00f3n judicial, querell\u00e1ndonos respecto a estos delitos, y la verdad es que estamos bastante satisfechos con los resultados, puesto que se han logrado condenas bastante significativas, de 9 a 15 a\u00f1os de presidio\u00bb.<\/p>\n<p dir=\"ltr\" style=\"text-align: justify;\">Cabe mencionar que en la audiencia de formalizaci\u00f3n de la semana pasada, el tribunal resolvi\u00f3 que el imputado quedara en prisi\u00f3n preventiva por considerar que su libertad presentaba un peligro para la v\u00edctima, medida cautelar que se mantendr\u00e1 durante los 60 d\u00edas que dure la investigaci\u00f3n.<\/p>\n<p dir=\"ltr\" style=\"text-align: justify;\">\u00abHasta abril del a\u00f1o 2023 llev\u00e1bamos s\u00f3lo un caso de denuncia por femicidio frustrado. Este a\u00f1o 2024 ya llevamos dos casos, en los cuales el servicio est\u00e1 prestando apoyo, asesor\u00eda y representaci\u00f3n jur\u00eddica a las v\u00edctimas. Resulta una cifra alarmante para nosotros, porque pone en evidencia que la problem\u00e1tica de la violencia contra la mujer es s\u00faper fuerte ac\u00e1 en la regi\u00f3n\u00bb, advirti\u00f3 la directora de SernamEG Ays\u00e9n.<\/p>\n<p dir=\"ltr\" style=\"text-align: justify;\">Recuerda que si eres v\u00edctima de violencia de g\u00e9nero o conoces a alguien que podr\u00eda encontrarse en esa situaci\u00f3n, puedes llamar al 1455 de SernamEG para recibir orientaci\u00f3n. Para denunciar comun\u00edcate al 133 o dir\u00edgete a la comisar\u00eda de Carabineros, cuartel de la PDI u oficina de Fiscal\u00eda m\u00e1s cercana.<\/p>\n<\/div><\/section><\/div><div  style='height:50px' class='hr hr-invisible   avia-builder-el-6  el_after_av_one_full  el_before_av_social_share '><span class='hr-inner ' ><span class='hr-inner-style'><\/span><\/span><\/div><\/p>\n<div  class='av-social-sharing-box  avia-builder-el-7  el_after_av_hr  el_before_av_hr  '><div class='av-share-box'><h5 class='av-share-link-description av-no-toc '>Compartir esta noticia<\/h5><ul class='av-share-box-list noLightbox'><li class='av-share-link av-social-link-facebook' ><a target=\"_blank\" aria-label=\"Compartir en Facebook\" href='https:\/\/www.facebook.com\/sharer.php?u=https:\/\/radiorevelacionfm.cl\/?p=40995&#038;t=SernamEG%20interpone%20querella%20por%20femicidio%20frustrado%20en%20la%20ciudad%20de%20Coyhaique' aria-hidden='false' data-av_icon='\ue8f3' data-av_iconfont='entypo-fontello' title='' data-avia-related-tooltip='Compartir en Facebook' rel=\"noopener\"><span class='avia_hidden_link_text'>Compartir en Facebook<\/span><\/a><\/li><li class='av-share-link av-social-link-twitter' ><a target=\"_blank\" aria-label=\"Compartir en Twitter\" href='https:\/\/twitter.com\/share?text=SernamEG%20interpone%20querella%20por%20femicidio%20frustrado%20en%20la%20ciudad%20de%20Coyhaique&#038;url=https:\/\/radiorevelacionfm.cl\/?p=40995' aria-hidden='false' data-av_icon='\ue8f1' data-av_iconfont='entypo-fontello' title='' data-avia-related-tooltip='Compartir en Twitter' rel=\"noopener\"><span class='avia_hidden_link_text'>Compartir en Twitter<\/span><\/a><\/li><li class='av-share-link av-social-link-whatsapp' ><a target=\"_blank\" aria-label=\"Compartir en Whatsapp\" href='https:\/\/api.whatsapp.com\/send?text=https:\/\/radiorevelacionfm.cl\/?p=40995' aria-hidden='false' data-av_icon='\uf232' data-av_iconfont='entypo-fontello' title='' data-avia-related-tooltip='Compartir en Whatsapp' rel=\"noopener\"><span class='avia_hidden_link_text'>Compartir en Whatsapp<\/span><\/a><\/li><li class='av-share-link av-social-link-linkedin' ><a target=\"_blank\" aria-label=\"Compartir en LinkedIn\" href='https:\/\/linkedin.com\/shareArticle?mini=true&#038;title=SernamEG%20interpone%20querella%20por%20femicidio%20frustrado%20en%20la%20ciudad%20de%20Coyhaique&#038;url=https:\/\/radiorevelacionfm.cl\/?p=40995' aria-hidden='false' data-av_icon='\ue8fc' data-av_iconfont='entypo-fontello' title='' data-avia-related-tooltip='Compartir en LinkedIn' rel=\"noopener\"><span class='avia_hidden_link_text'>Compartir en LinkedIn<\/span><\/a><\/li><li class='av-share-link av-social-link-mail' ><a  aria-label=\"Compartir por correo\" href='mailto:?subject=SernamEG%20interpone%20querella%20por%20femicidio%20frustrado%20en%20la%20ciudad%20de%20Coyhaique&#038;body=https:\/\/radiorevelacionfm.cl\/?p=40995' aria-hidden='false' data-av_icon='\ue805' data-av_iconfont='entypo-fontello' title='' data-avia-related-tooltip='Compartir por correo'><span class='avia_hidden_link_text'>Compartir por correo<\/span><\/a><\/li><\/ul><\/div><\/div>\n<div  style='height:50px' class='hr hr-invisible   avia-builder-el-8  el_after_av_social_share  el_before_av_comments_list '><span class='hr-inner ' ><span class='hr-inner-style'><\/span><\/span><\/div>\n<div  class='av-buildercomment  av-blog-meta-html-info-disabled av-blog-meta-tag-disabled  '><\/div>\n","protected":false},"excerpt":{"rendered":"","protected":false},"author":1,"featured_media":40996,"comment_status":"open","ping_status":"open","sticky":false,"template":"","format":"standard","meta":{"footnotes":""},"categories":[38],"tags":[],"class_list":["post-40995","post","type-post","status-publish","format-standard","has-post-thumbnail","hentry","category-regional"],"jetpack_featured_media_url":"https:\/\/radiorevelacionfm.cl\/wp-content\/uploads\/2024\/04\/Directora-foto-2-1-1.jpeg","_links":{"self":[{"href":"https:\/\/radiorevelacionfm.cl\/index.php?rest_route=\/wp\/v2\/posts\/40995","targetHints":{"allow":["GET"]}}],"collection":[{"href":"https:\/\/radiorevelacionfm.cl\/index.php?rest_route=\/wp\/v2\/posts"}],"about":[{"href":"https:\/\/radiorevelacionfm.cl\/index.php?rest_route=\/wp\/v2\/types\/post"}],"author":[{"embeddable":true,"href":"https:\/\/radiorevelacionfm.cl\/index.php?rest_route=\/wp\/v2\/users\/1"}],"replies":[{"embeddable":true,"href":"https:\/\/radiorevelacionfm.cl\/index.php?rest_route=%2Fwp%2Fv2%2Fcomments&post=40995"}],"version-history":[{"count":1,"href":"https:\/\/radiorevelacionfm.cl\/index.php?rest_route=\/wp\/v2\/posts\/40995\/revisions"}],"predecessor-version":[{"id":40997,"href":"https:\/\/radiorevelacionfm.cl\/index.php?rest_route=\/wp\/v2\/posts\/40995\/revisions\/40997"}],"wp:featuredmedia":[{"embeddable":true,"href":"https:\/\/radiorevelacionfm.cl\/index.php?rest_route=\/wp\/v2\/media\/40996"}],"wp:attachment":[{"href":"https:\/\/radiorevelacionfm.cl\/index.php?rest_route=%2Fwp%2Fv2%2Fmedia&parent=40995"}],"wp:term":[{"taxonomy":"category","embeddable":true,"href":"https:\/\/radiorevelacionfm.cl\/index.php?rest_route=%2Fwp%2Fv2%2Fcategories&post=40995"},{"taxonomy":"post_tag","embeddable":true,"href":"https:\/\/radiorevelacionfm.cl\/index.php?rest_route=%2Fwp%2Fv2%2Ftags&post=40995"}],"curies":[{"name":"wp","href":"https:\/\/api.w.org\/{rel}","templated":true}]}}