{"id":40992,"date":"2024-04-04T10:23:35","date_gmt":"2024-04-04T13:23:35","guid":{"rendered":"https:\/\/radiorevelacionfm.cl\/?p=40992"},"modified":"2024-04-04T10:23:35","modified_gmt":"2024-04-04T13:23:35","slug":"amplia-participacion-en-conversatorio-de-senama-quienes-cuidan-a-las-mujeres-de-aysen","status":"publish","type":"post","link":"https:\/\/radiorevelacionfm.cl\/?p=40992","title":{"rendered":"Amplia participaci\u00f3n en conversatorio de Senama \u00ab\u00bfQuienes cuidan a las mujeres de Ays\u00e9n?"},"content":{"rendered":"<div class=\"flex_column av_one_full  flex_column_div av-zero-column-padding first  avia-builder-el-0  el_before_av_one_full  avia-builder-el-first  \" style='border-radius:0px; '><div  class='avia-image-container  av-styling-    avia-builder-el-1  avia-builder-el-no-sibling  avia-align-center '  itemprop=\"image\" itemscope=\"itemscope\" itemtype=\"https:\/\/schema.org\/ImageObject\"  ><div class='avia-image-container-inner'><div class='avia-image-overlay-wrap'><img decoding=\"async\" class='wp-image-40993 avia-img-lazy-loading-not-40993 avia_image' src=\"https:\/\/radiorevelacionfm.cl\/wp-content\/uploads\/2024\/04\/senamaactividad1-1_optimized-1.jpeg\" alt='' title='senamaactividad1-(1)_optimized (1)' height=\"600\" width=\"1067\"  itemprop=\"thumbnailUrl\" srcset=\"https:\/\/radiorevelacionfm.cl\/wp-content\/uploads\/2024\/04\/senamaactividad1-1_optimized-1.jpeg 1067w, https:\/\/radiorevelacionfm.cl\/wp-content\/uploads\/2024\/04\/senamaactividad1-1_optimized-1-300x169.jpeg 300w, https:\/\/radiorevelacionfm.cl\/wp-content\/uploads\/2024\/04\/senamaactividad1-1_optimized-1-1030x579.jpeg 1030w, https:\/\/radiorevelacionfm.cl\/wp-content\/uploads\/2024\/04\/senamaactividad1-1_optimized-1-768x432.jpeg 768w, https:\/\/radiorevelacionfm.cl\/wp-content\/uploads\/2024\/04\/senamaactividad1-1_optimized-1-705x396.jpeg 705w, https:\/\/radiorevelacionfm.cl\/wp-content\/uploads\/2024\/04\/senamaactividad1-1_optimized-1-450x253.jpeg 450w, https:\/\/radiorevelacionfm.cl\/wp-content\/uploads\/2024\/04\/senamaactividad1-1_optimized-1-600x337.jpeg 600w\" sizes=\"(max-width: 1067px) 100vw, 1067px\" \/><\/div><\/div><\/div><\/div><div class=\"flex_column av_one_full  flex_column_div av-zero-column-padding first  avia-builder-el-2  el_after_av_one_full  el_before_av_one_full  column-top-margin\" style='border-radius:0px; '><section class=\"av_textblock_section \"  itemscope=\"itemscope\" itemtype=\"https:\/\/schema.org\/BlogPosting\" itemprop=\"blogPost\" ><div class='avia_textblock  '   itemprop=\"text\" ><p style=\"text-align: center;\"><strong><span style=\"font-size: 18pt;\">Amplia participaci\u00f3n en conversatorio de Senama \u00ab\u00bfQuienes cuidan a las mujeres de Ays\u00e9n?<\/span><\/strong><\/p>\n<div id=\"gtx-trans\" style=\"position: absolute; left: -50px; top: 4.31534px;\">\n<div class=\"gtx-trans-icon\"><\/div>\n<\/div>\n<\/div><\/section><\/div><div class=\"flex_column av_one_full  flex_column_div av-zero-column-padding first  avia-builder-el-4  el_after_av_one_full  el_before_av_hr  column-top-margin\" style='border-radius:0px; '><section class=\"av_textblock_section \"  itemscope=\"itemscope\" itemtype=\"https:\/\/schema.org\/BlogPosting\" itemprop=\"blogPost\" ><div class='avia_textblock  '   itemprop=\"text\" ><p style=\"text-align: justify;\"><i>Las asistentes reflexionaron respecto a preguntas\u00a0\u00bfCreen que cuidar es tarea exclusivamente de las mujeres? \u00bfC\u00f3mo describir\u00edan la experiencia de cuidar a otras personas?\u00a0<\/i><\/p>\n<p style=\"text-align: justify;\">Con una amplia asistencia, se realiz\u00f3 un conversatorio para mujeres mayores organizado por el Servicio Nacional de Adulto Mayor, Senama en Coyhaique con motivo de relevar la tem\u00e1tica de los cuidados en el mes de la mujer.<\/p>\n<p style=\"text-align: justify;\">En la cita reflexionaron en torno a los estereotipos, roles de g\u00e9nero respecto a\u00a0las diversas maneras en que las mujeres mayores han desarrollado labores de cuidado\u00a0y c\u00f3mo han influido en sus pr\u00e1cticas de autocuidado.\u00a0Es as\u00ed que la Coordinadora regional de Senama Claudia Andaur indic\u00f3 que \u00abfue una jornada muy provechosa que nos deja muy satisfechos por la participaci\u00f3n y n\u00famero de asistentes, como tambi\u00e9n por la emotividad que gener\u00f3 ya que hablaron de temas muy \u00edntimos que tienen que ver con la experiencia de cuidar a otros en este rol que han ejercido de forma hist\u00f3rica las mujeres. Tambi\u00e9n ellas han sido testigos de cambios generacionales, de transformaciones sociales que muchas veces las han impulsado a cambios. Para el gobierno del presidente Boric es un tema relevante los cuidados, as\u00ed que dar estos espacios es muy importante\u00bb.<\/p>\n<p style=\"text-align: justify;\">Durante el conversatorio se desarrollaron, entre otras preguntas\u00a0\u00bfC\u00f3mo describir\u00edan la experiencia de cuidar a otras personas?\u00a0\u00bfCreen que cuidar es tarea exclusivamente de las mujeres? \u00bfQu\u00e9 entendemos por autocuidado? Al respecto\u00a0Adelina Leiva coment\u00f3 tras el conversatorio \u00ablo pas\u00e9 muy bien, me gust\u00f3 mucho porque nos dieron la posibilidad de hablar, conversar y expresarnos, aunque fuera un poquito y no es responsabilidad de la mujer solamente el cuidar a la persona que lo necesite\u00bb, una mirada similar tuvo J\u00e9sica Saavedra \u00abLo m\u00e1s bonito de este encuentro es concluir que todas pensamos igual, que ahora es el tiempo de nosotras, que nos estamos dedicando y que nos damos el tiempo para nosotras y sobre todo que nos estamos respetando\u00bb.<\/p>\n<p style=\"text-align: justify;\">En tanto, Zulema Calfulef coment\u00f3 que \u00abpoder compartir y escuchar experiencias fue satisfactorio y se aprende, as\u00ed que feliz de participar, pero escuchar a muchos adultos mayores el abandono que viven en el d\u00eda a d\u00eda eso es lo que m\u00e1s motiva y es una alerta que hay que tener\u00bb.<\/p>\n<p style=\"text-align: justify;\">Participaron tambi\u00e9n la Gobernadora regional Andrea Mac\u00edas y la Seremi de Desarrollo Social y Familia Karina Acevedo quien enfatiz\u00f3 en la pol\u00edtica del Sistema Nacional de Apoyos y Cuidados \u00abValoramos much\u00edsimo el encuentro entre mujeres\u00a0adultas mayores,\u00a0convocadas por Senama,\u00a0una jornada muy grata de poder\u00a0escucharnos entre mujeres,\u00a0escuchar la experiencia\u00a0en el rol de cuidado. Nos nutre de informaci\u00f3n para poder fortalecer la pol\u00edtica de cuidados en la regi\u00f3n de Ays\u00e9n, con nuestras personas mayores y con sobre todo\u00a0con las mujeres de la Patagonia y\u00a0pudimos\u00a0llegar tambi\u00e9n a\u00a0la misma conclusi\u00f3n todas,\u00a0de que se nos ha asignado a la mujer el rol de cuidado en forma cultural e hist\u00f3rica. El desaf\u00edo\u00a0que el presidente Gabriel Boric no nos ha impuesto como Ministerio, el poder tener un Sistema Nacional de Cuidados,\u00a0est\u00e1 cada d\u00eda m\u00e1s fuerte y mucho m\u00e1s comprometido con las mujeres para desarrollar una pol\u00edtica p\u00fablica que las\u00a0reconozca y que le d\u00e9 la posibilidad de poder mejorar las condiciones de cuidado y entender que\u00a0es un\u00a0trabajo, que es un rol social desde el Estado y tambi\u00e9n desde lo\u00a0p\u00fablico\u00a0y lo privado\u00bb.<\/p>\n<\/div><\/section><\/div><div  style='height:50px' class='hr hr-invisible   avia-builder-el-6  el_after_av_one_full  el_before_av_social_share '><span class='hr-inner ' ><span class='hr-inner-style'><\/span><\/span><\/div><\/p>\n<div  class='av-social-sharing-box  avia-builder-el-7  el_after_av_hr  el_before_av_hr  '><div class='av-share-box'><h5 class='av-share-link-description av-no-toc '>Compartir esta noticia<\/h5><ul class='av-share-box-list noLightbox'><li class='av-share-link av-social-link-facebook' ><a target=\"_blank\" aria-label=\"Compartir en Facebook\" href='https:\/\/www.facebook.com\/sharer.php?u=https:\/\/radiorevelacionfm.cl\/?p=40992&#038;t=Amplia%20participaci%C3%B3n%20en%20conversatorio%20de%20Senama%20%C2%AB%C2%BFQuienes%20cuidan%20a%20las%20mujeres%20de%20Ays%C3%A9n%3F' aria-hidden='false' data-av_icon='\ue8f3' data-av_iconfont='entypo-fontello' title='' data-avia-related-tooltip='Compartir en Facebook' rel=\"noopener\"><span class='avia_hidden_link_text'>Compartir en Facebook<\/span><\/a><\/li><li class='av-share-link av-social-link-twitter' ><a target=\"_blank\" aria-label=\"Compartir en Twitter\" href='https:\/\/twitter.com\/share?text=Amplia%20participaci%C3%B3n%20en%20conversatorio%20de%20Senama%20%C2%AB%C2%BFQuienes%20cuidan%20a%20las%20mujeres%20de%20Ays%C3%A9n%3F&#038;url=https:\/\/radiorevelacionfm.cl\/?p=40992' aria-hidden='false' data-av_icon='\ue8f1' data-av_iconfont='entypo-fontello' title='' data-avia-related-tooltip='Compartir en Twitter' rel=\"noopener\"><span class='avia_hidden_link_text'>Compartir en Twitter<\/span><\/a><\/li><li class='av-share-link av-social-link-whatsapp' ><a target=\"_blank\" aria-label=\"Compartir en Whatsapp\" href='https:\/\/api.whatsapp.com\/send?text=https:\/\/radiorevelacionfm.cl\/?p=40992' aria-hidden='false' data-av_icon='\uf232' data-av_iconfont='entypo-fontello' title='' data-avia-related-tooltip='Compartir en Whatsapp' rel=\"noopener\"><span class='avia_hidden_link_text'>Compartir en Whatsapp<\/span><\/a><\/li><li class='av-share-link av-social-link-linkedin' ><a target=\"_blank\" aria-label=\"Compartir en LinkedIn\" href='https:\/\/linkedin.com\/shareArticle?mini=true&#038;title=Amplia%20participaci%C3%B3n%20en%20conversatorio%20de%20Senama%20%C2%AB%C2%BFQuienes%20cuidan%20a%20las%20mujeres%20de%20Ays%C3%A9n%3F&#038;url=https:\/\/radiorevelacionfm.cl\/?p=40992' aria-hidden='false' data-av_icon='\ue8fc' data-av_iconfont='entypo-fontello' title='' data-avia-related-tooltip='Compartir en LinkedIn' rel=\"noopener\"><span class='avia_hidden_link_text'>Compartir en LinkedIn<\/span><\/a><\/li><li class='av-share-link av-social-link-mail' ><a  aria-label=\"Compartir por correo\" href='mailto:?subject=Amplia%20participaci%C3%B3n%20en%20conversatorio%20de%20Senama%20%C2%AB%C2%BFQuienes%20cuidan%20a%20las%20mujeres%20de%20Ays%C3%A9n%3F&#038;body=https:\/\/radiorevelacionfm.cl\/?p=40992' aria-hidden='false' data-av_icon='\ue805' data-av_iconfont='entypo-fontello' title='' data-avia-related-tooltip='Compartir por correo'><span class='avia_hidden_link_text'>Compartir por correo<\/span><\/a><\/li><\/ul><\/div><\/div>\n<div  style='height:50px' class='hr hr-invisible   avia-builder-el-8  el_after_av_social_share  el_before_av_comments_list '><span class='hr-inner ' ><span class='hr-inner-style'><\/span><\/span><\/div>\n<div  class='av-buildercomment  av-blog-meta-html-info-disabled av-blog-meta-tag-disabled  '><\/div>\n","protected":false},"excerpt":{"rendered":"","protected":false},"author":1,"featured_media":40993,"comment_status":"open","ping_status":"open","sticky":false,"template":"","format":"standard","meta":{"footnotes":""},"categories":[38],"tags":[],"class_list":["post-40992","post","type-post","status-publish","format-standard","has-post-thumbnail","hentry","category-regional"],"jetpack_featured_media_url":"https:\/\/radiorevelacionfm.cl\/wp-content\/uploads\/2024\/04\/senamaactividad1-1_optimized-1.jpeg","_links":{"self":[{"href":"https:\/\/radiorevelacionfm.cl\/index.php?rest_route=\/wp\/v2\/posts\/40992","targetHints":{"allow":["GET"]}}],"collection":[{"href":"https:\/\/radiorevelacionfm.cl\/index.php?rest_route=\/wp\/v2\/posts"}],"about":[{"href":"https:\/\/radiorevelacionfm.cl\/index.php?rest_route=\/wp\/v2\/types\/post"}],"author":[{"embeddable":true,"href":"https:\/\/radiorevelacionfm.cl\/index.php?rest_route=\/wp\/v2\/users\/1"}],"replies":[{"embeddable":true,"href":"https:\/\/radiorevelacionfm.cl\/index.php?rest_route=%2Fwp%2Fv2%2Fcomments&post=40992"}],"version-history":[{"count":1,"href":"https:\/\/radiorevelacionfm.cl\/index.php?rest_route=\/wp\/v2\/posts\/40992\/revisions"}],"predecessor-version":[{"id":40994,"href":"https:\/\/radiorevelacionfm.cl\/index.php?rest_route=\/wp\/v2\/posts\/40992\/revisions\/40994"}],"wp:featuredmedia":[{"embeddable":true,"href":"https:\/\/radiorevelacionfm.cl\/index.php?rest_route=\/wp\/v2\/media\/40993"}],"wp:attachment":[{"href":"https:\/\/radiorevelacionfm.cl\/index.php?rest_route=%2Fwp%2Fv2%2Fmedia&parent=40992"}],"wp:term":[{"taxonomy":"category","embeddable":true,"href":"https:\/\/radiorevelacionfm.cl\/index.php?rest_route=%2Fwp%2Fv2%2Fcategories&post=40992"},{"taxonomy":"post_tag","embeddable":true,"href":"https:\/\/radiorevelacionfm.cl\/index.php?rest_route=%2Fwp%2Fv2%2Ftags&post=40992"}],"curies":[{"name":"wp","href":"https:\/\/api.w.org\/{rel}","templated":true}]}}