{"id":40989,"date":"2024-04-03T18:30:11","date_gmt":"2024-04-03T21:30:11","guid":{"rendered":"https:\/\/radiorevelacionfm.cl\/?p=40989"},"modified":"2024-04-03T18:30:11","modified_gmt":"2024-04-03T21:30:11","slug":"estudiantes-de-pedagogia-en-educacion-basica-del-campus-patagonia-participaron-en-emotiva-ceremonia-de-investidura","status":"publish","type":"post","link":"https:\/\/radiorevelacionfm.cl\/?p=40989","title":{"rendered":"Estudiantes de Pedagog\u00eda en Educaci\u00f3n B\u00e1sica del Campus Patagonia participaron en emotiva ceremonia de investidura"},"content":{"rendered":"<div class=\"flex_column av_one_full  flex_column_div av-zero-column-padding first  avia-builder-el-0  el_before_av_one_full  avia-builder-el-first  \" style='border-radius:0px; '><div  class='avia-image-container  av-styling-    avia-builder-el-1  avia-builder-el-no-sibling  avia-align-center '  itemprop=\"image\" itemscope=\"itemscope\" itemtype=\"https:\/\/schema.org\/ImageObject\"  ><div class='avia-image-container-inner'><div class='avia-image-overlay-wrap'><img decoding=\"async\" class='wp-image-40990 avia-img-lazy-loading-not-40990 avia_image' src=\"https:\/\/radiorevelacionfm.cl\/wp-content\/uploads\/2024\/04\/grupo-estudiantes-investidura-1-1.jpg\" alt='' title='grupo estudiantes investidura (1) (1)' height=\"635\" width=\"805\"  itemprop=\"thumbnailUrl\" srcset=\"https:\/\/radiorevelacionfm.cl\/wp-content\/uploads\/2024\/04\/grupo-estudiantes-investidura-1-1.jpg 805w, https:\/\/radiorevelacionfm.cl\/wp-content\/uploads\/2024\/04\/grupo-estudiantes-investidura-1-1-300x237.jpg 300w, https:\/\/radiorevelacionfm.cl\/wp-content\/uploads\/2024\/04\/grupo-estudiantes-investidura-1-1-768x606.jpg 768w, https:\/\/radiorevelacionfm.cl\/wp-content\/uploads\/2024\/04\/grupo-estudiantes-investidura-1-1-705x556.jpg 705w, https:\/\/radiorevelacionfm.cl\/wp-content\/uploads\/2024\/04\/grupo-estudiantes-investidura-1-1-450x355.jpg 450w, https:\/\/radiorevelacionfm.cl\/wp-content\/uploads\/2024\/04\/grupo-estudiantes-investidura-1-1-600x473.jpg 600w\" sizes=\"(max-width: 805px) 100vw, 805px\" \/><\/div><\/div><\/div><\/div><div class=\"flex_column av_one_full  flex_column_div av-zero-column-padding first  avia-builder-el-2  el_after_av_one_full  el_before_av_one_full  column-top-margin\" style='border-radius:0px; '><section class=\"av_textblock_section \"  itemscope=\"itemscope\" itemtype=\"https:\/\/schema.org\/BlogPosting\" itemprop=\"blogPost\" ><div class='avia_textblock  '   itemprop=\"text\" ><p style=\"text-align: center;\"><strong><span style=\"font-size: 18pt;\">Estudiantes de Pedagog\u00eda en Educaci\u00f3n B\u00e1sica del Campus Patagonia participaron en emotiva ceremonia de investidura<\/span><\/strong><\/p>\n<div id=\"gtx-trans\" style=\"position: absolute; left: -50px; top: 4.31534px;\">\n<div class=\"gtx-trans-icon\"><\/div>\n<\/div>\n<\/div><\/section><\/div><div class=\"flex_column av_one_full  flex_column_div av-zero-column-padding first  avia-builder-el-4  el_after_av_one_full  el_before_av_hr  column-top-margin\" style='border-radius:0px; '><section class=\"av_textblock_section \"  itemscope=\"itemscope\" itemtype=\"https:\/\/schema.org\/BlogPosting\" itemprop=\"blogPost\" ><div class='avia_textblock  '   itemprop=\"text\" ><p style=\"text-align: justify;\">Esta actividad marca un hito en la formaci\u00f3n acad\u00e9mica de las y los futuros docentes, quienes a partir de esta fecha concurrir\u00e1n a las escuelas a realizar su pr\u00e1ctica profesional y de observaci\u00f3n en aula.<\/p>\n<p style=\"text-align: justify;\">Con la participaci\u00f3n de estudiantes, docentes, autoridades, amigos y familiares, se realiz\u00f3 la ceremonia de investidura de la Escuela de Pedagog\u00eda en Educaci\u00f3n B\u00e1sica con menciones del Campus Patagonia.<\/p>\n<p style=\"text-align: justify;\">Esta tradici\u00f3n universitaria marca un hito en el proceso de formaci\u00f3n de los y las estudiantes, quienes recibieron sus piochas distintivas que les permiten, a partir de ese momento, visitar las escuelas de la regi\u00f3n de Ays\u00e9n, donde podr\u00e1n observar las clases al interior de las aulas.<\/p>\n<p style=\"text-align: justify;\">Durante la actividad, la Directora de la Escuela de Pedagog\u00eda, Naiara Schick se\u00f1al\u00f3 que \u201cla ceremonia de Investidura es un hito importante en la carrera de pedagog\u00eda porque marca el inicio de una etapa que son las pr\u00e1cticas y a la vez permite el acercamiento a la comunidad escolar. En esta oportunidad recibieron su piocha estudiantes de tercer a\u00f1o, que empiezan con la pr\u00e1ctica de observaci\u00f3n y tambi\u00e9n dos estudiantes de pr\u00e1ctica profesional. Adem\u00e1s, por primera vez, hemos entregado la insignia a profesores\/as de la carrera que apoyan al equipo de pr\u00e1ctica.<\/p>\n<p style=\"text-align: justify;\">Por su parte, el Director del Campus Patagonia, profesor Mario Brito destac\u00f3 que \u201cnos sentimos orgullosos como universidad de acompa\u00f1ar a nuestros estudiantes de pedagog\u00eda en un momento relevante de sus vidas y de sus trayectorias de formaci\u00f3n docente, les deseamos el mayor de los \u00e9xitos en este primer encuentro que sostendr\u00e1n con las comunidades escolares donde realizaran el ciclo inicial de sus pr\u00e1cticas\u201d.<\/p>\n<p style=\"text-align: justify;\">En la ocasi\u00f3n, adem\u00e1s se entregaron piochas a los y las docentes de la Escuela, quienes han acompa\u00f1ado a los estudiantes durante todo su proceso de formativo.<\/p>\n<p style=\"text-align: justify;\">Ante la mirada emocionada de familiares y amigos, los y las j\u00f3venes estudiantes se mostraron felices por haber logrado este importante paso en su trayectoria acad\u00e9mica.<\/p>\n<\/div><\/section><\/div><div  style='height:50px' class='hr hr-invisible   avia-builder-el-6  el_after_av_one_full  el_before_av_social_share '><span class='hr-inner ' ><span class='hr-inner-style'><\/span><\/span><\/div><\/p>\n<div  class='av-social-sharing-box  avia-builder-el-7  el_after_av_hr  el_before_av_hr  '><div class='av-share-box'><h5 class='av-share-link-description av-no-toc '>Compartir esta noticia<\/h5><ul class='av-share-box-list noLightbox'><li class='av-share-link av-social-link-facebook' ><a target=\"_blank\" aria-label=\"Compartir en Facebook\" href='https:\/\/www.facebook.com\/sharer.php?u=https:\/\/radiorevelacionfm.cl\/?p=40989&#038;t=Estudiantes%20de%20Pedagog%C3%ADa%20en%20Educaci%C3%B3n%20B%C3%A1sica%20del%20Campus%20Patagonia%20participaron%20en%20emotiva%20ceremonia%20de%20investidura' aria-hidden='false' data-av_icon='\ue8f3' data-av_iconfont='entypo-fontello' title='' data-avia-related-tooltip='Compartir en Facebook' rel=\"noopener\"><span class='avia_hidden_link_text'>Compartir en Facebook<\/span><\/a><\/li><li class='av-share-link av-social-link-twitter' ><a target=\"_blank\" aria-label=\"Compartir en Twitter\" href='https:\/\/twitter.com\/share?text=Estudiantes%20de%20Pedagog%C3%ADa%20en%20Educaci%C3%B3n%20B%C3%A1sica%20del%20Campus%20Patagonia%20participaron%20en%20emotiva%20ceremonia%20de%20investidura&#038;url=https:\/\/radiorevelacionfm.cl\/?p=40989' aria-hidden='false' data-av_icon='\ue8f1' data-av_iconfont='entypo-fontello' title='' data-avia-related-tooltip='Compartir en Twitter' rel=\"noopener\"><span class='avia_hidden_link_text'>Compartir en Twitter<\/span><\/a><\/li><li class='av-share-link av-social-link-whatsapp' ><a target=\"_blank\" aria-label=\"Compartir en Whatsapp\" href='https:\/\/api.whatsapp.com\/send?text=https:\/\/radiorevelacionfm.cl\/?p=40989' aria-hidden='false' data-av_icon='\uf232' data-av_iconfont='entypo-fontello' title='' data-avia-related-tooltip='Compartir en Whatsapp' rel=\"noopener\"><span class='avia_hidden_link_text'>Compartir en Whatsapp<\/span><\/a><\/li><li class='av-share-link av-social-link-linkedin' ><a target=\"_blank\" aria-label=\"Compartir en LinkedIn\" href='https:\/\/linkedin.com\/shareArticle?mini=true&#038;title=Estudiantes%20de%20Pedagog%C3%ADa%20en%20Educaci%C3%B3n%20B%C3%A1sica%20del%20Campus%20Patagonia%20participaron%20en%20emotiva%20ceremonia%20de%20investidura&#038;url=https:\/\/radiorevelacionfm.cl\/?p=40989' aria-hidden='false' data-av_icon='\ue8fc' data-av_iconfont='entypo-fontello' title='' data-avia-related-tooltip='Compartir en LinkedIn' rel=\"noopener\"><span class='avia_hidden_link_text'>Compartir en LinkedIn<\/span><\/a><\/li><li class='av-share-link av-social-link-mail' ><a  aria-label=\"Compartir por correo\" href='mailto:?subject=Estudiantes%20de%20Pedagog%C3%ADa%20en%20Educaci%C3%B3n%20B%C3%A1sica%20del%20Campus%20Patagonia%20participaron%20en%20emotiva%20ceremonia%20de%20investidura&#038;body=https:\/\/radiorevelacionfm.cl\/?p=40989' aria-hidden='false' data-av_icon='\ue805' data-av_iconfont='entypo-fontello' title='' data-avia-related-tooltip='Compartir por correo'><span class='avia_hidden_link_text'>Compartir por correo<\/span><\/a><\/li><\/ul><\/div><\/div>\n<div  style='height:50px' class='hr hr-invisible   avia-builder-el-8  el_after_av_social_share  el_before_av_comments_list '><span class='hr-inner ' ><span class='hr-inner-style'><\/span><\/span><\/div>\n<div  class='av-buildercomment  av-blog-meta-html-info-disabled av-blog-meta-tag-disabled  '><\/div>\n","protected":false},"excerpt":{"rendered":"","protected":false},"author":1,"featured_media":40990,"comment_status":"open","ping_status":"open","sticky":false,"template":"","format":"standard","meta":{"footnotes":""},"categories":[49],"tags":[],"class_list":["post-40989","post","type-post","status-publish","format-standard","has-post-thumbnail","hentry","category-educacion"],"jetpack_featured_media_url":"https:\/\/radiorevelacionfm.cl\/wp-content\/uploads\/2024\/04\/grupo-estudiantes-investidura-1-1.jpg","_links":{"self":[{"href":"https:\/\/radiorevelacionfm.cl\/index.php?rest_route=\/wp\/v2\/posts\/40989","targetHints":{"allow":["GET"]}}],"collection":[{"href":"https:\/\/radiorevelacionfm.cl\/index.php?rest_route=\/wp\/v2\/posts"}],"about":[{"href":"https:\/\/radiorevelacionfm.cl\/index.php?rest_route=\/wp\/v2\/types\/post"}],"author":[{"embeddable":true,"href":"https:\/\/radiorevelacionfm.cl\/index.php?rest_route=\/wp\/v2\/users\/1"}],"replies":[{"embeddable":true,"href":"https:\/\/radiorevelacionfm.cl\/index.php?rest_route=%2Fwp%2Fv2%2Fcomments&post=40989"}],"version-history":[{"count":1,"href":"https:\/\/radiorevelacionfm.cl\/index.php?rest_route=\/wp\/v2\/posts\/40989\/revisions"}],"predecessor-version":[{"id":40991,"href":"https:\/\/radiorevelacionfm.cl\/index.php?rest_route=\/wp\/v2\/posts\/40989\/revisions\/40991"}],"wp:featuredmedia":[{"embeddable":true,"href":"https:\/\/radiorevelacionfm.cl\/index.php?rest_route=\/wp\/v2\/media\/40990"}],"wp:attachment":[{"href":"https:\/\/radiorevelacionfm.cl\/index.php?rest_route=%2Fwp%2Fv2%2Fmedia&parent=40989"}],"wp:term":[{"taxonomy":"category","embeddable":true,"href":"https:\/\/radiorevelacionfm.cl\/index.php?rest_route=%2Fwp%2Fv2%2Fcategories&post=40989"},{"taxonomy":"post_tag","embeddable":true,"href":"https:\/\/radiorevelacionfm.cl\/index.php?rest_route=%2Fwp%2Fv2%2Ftags&post=40989"}],"curies":[{"name":"wp","href":"https:\/\/api.w.org\/{rel}","templated":true}]}}