{"id":40980,"date":"2024-04-05T10:35:20","date_gmt":"2024-04-05T13:35:20","guid":{"rendered":"https:\/\/radiorevelacionfm.cl\/?p=40980"},"modified":"2024-04-05T10:35:20","modified_gmt":"2024-04-05T13:35:20","slug":"imacec-de-45-en-el-mes-de-febrero-muestra-expansion-de-la-economia","status":"publish","type":"post","link":"https:\/\/radiorevelacionfm.cl\/?p=40980","title":{"rendered":"Imacec de 4,5% en el mes de febrero muestra expansi\u00f3n de la econom\u00eda"},"content":{"rendered":"<div class=\"flex_column av_one_full  flex_column_div av-zero-column-padding first  avia-builder-el-0  el_before_av_one_full  avia-builder-el-first  \" style='border-radius:0px; '><div  class='avia-image-container  av-styling-    avia-builder-el-1  avia-builder-el-no-sibling  avia-align-center '  itemprop=\"image\" itemscope=\"itemscope\" itemtype=\"https:\/\/schema.org\/ImageObject\"  ><div class='avia-image-container-inner'><div class='avia-image-overlay-wrap'><img decoding=\"async\" class='wp-image-40981 avia-img-lazy-loading-not-40981 avia_image' src=\"https:\/\/radiorevelacionfm.cl\/wp-content\/uploads\/2024\/04\/imacec-1-1_optimized.jpg\" alt='' title='imacec-1-(1)_optimized' height=\"600\" width=\"1040\"  itemprop=\"thumbnailUrl\" srcset=\"https:\/\/radiorevelacionfm.cl\/wp-content\/uploads\/2024\/04\/imacec-1-1_optimized.jpg 1040w, https:\/\/radiorevelacionfm.cl\/wp-content\/uploads\/2024\/04\/imacec-1-1_optimized-300x173.jpg 300w, https:\/\/radiorevelacionfm.cl\/wp-content\/uploads\/2024\/04\/imacec-1-1_optimized-1030x594.jpg 1030w, https:\/\/radiorevelacionfm.cl\/wp-content\/uploads\/2024\/04\/imacec-1-1_optimized-768x443.jpg 768w, https:\/\/radiorevelacionfm.cl\/wp-content\/uploads\/2024\/04\/imacec-1-1_optimized-705x407.jpg 705w, https:\/\/radiorevelacionfm.cl\/wp-content\/uploads\/2024\/04\/imacec-1-1_optimized-450x260.jpg 450w, https:\/\/radiorevelacionfm.cl\/wp-content\/uploads\/2024\/04\/imacec-1-1_optimized-600x346.jpg 600w\" sizes=\"(max-width: 1040px) 100vw, 1040px\" \/><\/div><\/div><\/div><\/div><div class=\"flex_column av_one_full  flex_column_div av-zero-column-padding first  avia-builder-el-2  el_after_av_one_full  el_before_av_one_full  column-top-margin\" style='border-radius:0px; '><section class=\"av_textblock_section \"  itemscope=\"itemscope\" itemtype=\"https:\/\/schema.org\/BlogPosting\" itemprop=\"blogPost\" ><div class='avia_textblock  '   itemprop=\"text\" ><p style=\"text-align: center;\"><span style=\"font-size: 18pt;\"><strong>Imacec de 4,5% en el mes de febrero muestra expansi\u00f3n de la econom\u00eda<\/strong><\/span><\/p>\n<div id=\"gtx-trans\" style=\"position: absolute; left: -50px; top: 4.31534px;\">\n<div class=\"gtx-trans-icon\"><\/div>\n<\/div>\n<\/div><\/section><\/div><div class=\"flex_column av_one_full  flex_column_div av-zero-column-padding first  avia-builder-el-4  el_after_av_one_full  el_before_av_hr  column-top-margin\" style='border-radius:0px; '><section class=\"av_textblock_section \"  itemscope=\"itemscope\" itemtype=\"https:\/\/schema.org\/BlogPosting\" itemprop=\"blogPost\" ><div class='avia_textblock  '   itemprop=\"text\" ><p style=\"text-align: justify;\">El lunes 1 de abril el Banco Central inform\u00f3 el \u00cdndice de Actividad Mensual, Imacec, correspondiente al mes de febrero de este a\u00f1o, que mostr\u00f3 un crecimiento de 4,5% respecto del mismo mes del a\u00f1o anterior. Esta cifra es la m\u00e1s alta desde mayo de 2022 y super\u00f3 las expectativas del mercado, que preve\u00edan un crecimiento de 1,5%. El reporte mostr\u00f3 que, de forma interanual, todos los sectores presentaron alzas destacando miner\u00eda, con un crecimiento anual de 11,5% y resto de bienes con 6,7%. En tanto el Imacec no minero registr\u00f3 un incremento de 3,5% comparado con febrero de 2023.<\/p>\n<p style=\"text-align: justify;\">El seremi de Econom\u00eda, Felipe Rojas, declar\u00f3 que es una buena noticia la \u00faltima cifra del Imacec, ya que se encuentra alineada con las proyecciones de crecimiento que se esperan para este 2024, junto al incremento paulatino del consumo a nivel pa\u00eds. \u201cComo Gobierno, estamos trabajando fuertemente en recuperar e incentivar la inversi\u00f3n privada, tanto con ajustes en la ley, como as\u00ed tambi\u00e9n en la atracci\u00f3n de inversiones, sin olvidar que hemos fijado un \u00e9nfasis importante en la coordinaci\u00f3n de una serie de ministerios, para identificar nudos cr\u00edticos hist\u00f3ricos y avanzar en destrabarlos para dinamizar la inversi\u00f3n privada. Con respecto a cifras locales, a fines de abril tendremos los n\u00fameros del Banco Central que proporcionar\u00e1n una radiograf\u00eda de la econom\u00eda regional del \u00faltimo a\u00f1o, donde tambi\u00e9n esperamos buenas noticias.\u201d<\/p>\n<p style=\"text-align: justify;\">\u201cLas cifras del Banco Central confirman algo que se ha venido se\u00f1alando, y es que una supuesta recesi\u00f3n econ\u00f3mica no solo no sucedi\u00f3, sino que nos hemos recuperado, y el pa\u00eds tiene expectativas de crecimiento\u201d. Es muy positivo e importante recalcar que, en esta ocasi\u00f3n, no ha habido ning\u00fan sector rezagado, ya que todos los sectores han mostrado un crecimiento respecto del mes anterior. Llevamos ya ocho meses en este proceso de recuperaci\u00f3n de la actividad econ\u00f3mica y de crecimiento. Por lo tanto, tenemos razones para ir despejando las incertidumbres y viendo el futuro m\u00e1s inmediato con mayor esperanza. El a\u00f1o 2024 va a ser un a\u00f1o de crecimiento claramente mayor a los a\u00f1os recientes\u201d, asever\u00f3 la seremi de Gobierno, Tatiana Pl\u00e1.<\/p>\n<p style=\"text-align: justify;\">Sobre este mismo tema, el Seremi del Trabajo y Previsi\u00f3n Social, Rodrigo D\u00edaz, mencion\u00f3 \u00abVemos con optimismo las cifras de Imacec, ya que desde el mundo laboral estamos percibiendo que la fuerza de trabajo se est\u00e1 recuperando,\u00a0 llegando a la participaci\u00f3n laboral que hab\u00eda previa a la pandemia. Hay una situaci\u00f3n en la que sale m\u00e1s gente a buscar trabajo y tenemos que incentivar para que la creaci\u00f3n de los puestos de trabajo regionales vayan al mismo ritmo. Efectivamente, en t\u00e9rminos de cifras de desempleo, el 5,3% que entreg\u00f3 el INE en el trimestre diciembre-febrero es m\u00e1s bajo que el trimestre m\u00f3vil previo a la pandemia de septiembre-noviembre 2020 que fue de 6,8%, lo que nos ratifica que estamos avanzando en reactivaci\u00f3n, lentamente, pero esperamos que a paso firme prontamente. Esta reactivaci\u00f3n econ\u00f3mica es no s\u00f3lo una preocupaci\u00f3n del Gobierno, sino que tambi\u00e9n una ocupaci\u00f3n y ya lo vimos con la Feria Laboral MOP-Trabajo junto a Sence donde a trav\u00e9s de las obras que est\u00e1 ejecutando el MOP se est\u00e1n generando puestos de trabajo en un sector tan importante en nuestra econom\u00eda como es la Construcci\u00f3n y les adelantamos que con Sence ya estamos abocados en levantar nuevas ferias laborales en otras \u00e1reas productivas\u00bb, declar\u00f3.<\/p>\n<p style=\"text-align: justify;\">Cabe recordar que el Indicador Mensual de Actividad Econ\u00f3mica (Imacec) es una estimaci\u00f3n que resume la actividad de los distintos sectores de la econom\u00eda en un determinado mes, a precios del a\u00f1o anterior; su variaci\u00f3n interanual constituye una aproximaci\u00f3n de la evoluci\u00f3n del PIB.<\/p>\n<p style=\"text-align: justify;\">En tanto, el Imacec no minero incluye las actividades industria manufacturera, resto de bienes, comercio, servicios, y los impuestos a los productos (derechos de importaci\u00f3n e impuesto al valor agregado). Producci\u00f3n de bienes incluye las actividades miner\u00eda, industria manufacturera y resto de bienes.<\/p>\n<\/div><\/section><\/div><div  style='height:50px' class='hr hr-invisible   avia-builder-el-6  el_after_av_one_full  el_before_av_social_share '><span class='hr-inner ' ><span class='hr-inner-style'><\/span><\/span><\/div><\/p>\n<div  class='av-social-sharing-box  avia-builder-el-7  el_after_av_hr  el_before_av_hr  '><div class='av-share-box'><h5 class='av-share-link-description av-no-toc '>Compartir esta noticia<\/h5><ul class='av-share-box-list noLightbox'><li class='av-share-link av-social-link-facebook' ><a target=\"_blank\" aria-label=\"Compartir en Facebook\" href='https:\/\/www.facebook.com\/sharer.php?u=https:\/\/radiorevelacionfm.cl\/?p=40980&#038;t=Imacec%20de%204%2C5%25%20en%20el%20mes%20de%20febrero%20muestra%20expansi%C3%B3n%20de%20la%20econom%C3%ADa' aria-hidden='false' data-av_icon='\ue8f3' data-av_iconfont='entypo-fontello' title='' data-avia-related-tooltip='Compartir en Facebook' rel=\"noopener\"><span class='avia_hidden_link_text'>Compartir en Facebook<\/span><\/a><\/li><li class='av-share-link av-social-link-twitter' ><a target=\"_blank\" aria-label=\"Compartir en Twitter\" href='https:\/\/twitter.com\/share?text=Imacec%20de%204%2C5%25%20en%20el%20mes%20de%20febrero%20muestra%20expansi%C3%B3n%20de%20la%20econom%C3%ADa&#038;url=https:\/\/radiorevelacionfm.cl\/?p=40980' aria-hidden='false' data-av_icon='\ue8f1' data-av_iconfont='entypo-fontello' title='' data-avia-related-tooltip='Compartir en Twitter' rel=\"noopener\"><span class='avia_hidden_link_text'>Compartir en Twitter<\/span><\/a><\/li><li class='av-share-link av-social-link-whatsapp' ><a target=\"_blank\" aria-label=\"Compartir en Whatsapp\" href='https:\/\/api.whatsapp.com\/send?text=https:\/\/radiorevelacionfm.cl\/?p=40980' aria-hidden='false' data-av_icon='\uf232' data-av_iconfont='entypo-fontello' title='' data-avia-related-tooltip='Compartir en Whatsapp' rel=\"noopener\"><span class='avia_hidden_link_text'>Compartir en Whatsapp<\/span><\/a><\/li><li class='av-share-link av-social-link-linkedin' ><a target=\"_blank\" aria-label=\"Compartir en LinkedIn\" href='https:\/\/linkedin.com\/shareArticle?mini=true&#038;title=Imacec%20de%204%2C5%25%20en%20el%20mes%20de%20febrero%20muestra%20expansi%C3%B3n%20de%20la%20econom%C3%ADa&#038;url=https:\/\/radiorevelacionfm.cl\/?p=40980' aria-hidden='false' data-av_icon='\ue8fc' data-av_iconfont='entypo-fontello' title='' data-avia-related-tooltip='Compartir en LinkedIn' rel=\"noopener\"><span class='avia_hidden_link_text'>Compartir en LinkedIn<\/span><\/a><\/li><li class='av-share-link av-social-link-mail' ><a  aria-label=\"Compartir por correo\" href='mailto:?subject=Imacec%20de%204%2C5%25%20en%20el%20mes%20de%20febrero%20muestra%20expansi%C3%B3n%20de%20la%20econom%C3%ADa&#038;body=https:\/\/radiorevelacionfm.cl\/?p=40980' aria-hidden='false' data-av_icon='\ue805' data-av_iconfont='entypo-fontello' title='' data-avia-related-tooltip='Compartir por correo'><span class='avia_hidden_link_text'>Compartir por correo<\/span><\/a><\/li><\/ul><\/div><\/div>\n<div  style='height:50px' class='hr hr-invisible   avia-builder-el-8  el_after_av_social_share  el_before_av_comments_list '><span class='hr-inner ' ><span class='hr-inner-style'><\/span><\/span><\/div>\n<div  class='av-buildercomment  av-blog-meta-html-info-disabled av-blog-meta-tag-disabled  '><\/div>\n","protected":false},"excerpt":{"rendered":"","protected":false},"author":1,"featured_media":40981,"comment_status":"open","ping_status":"open","sticky":false,"template":"","format":"standard","meta":{"footnotes":""},"categories":[37],"tags":[],"class_list":["post-40980","post","type-post","status-publish","format-standard","has-post-thumbnail","hentry","category-economia"],"jetpack_featured_media_url":"https:\/\/radiorevelacionfm.cl\/wp-content\/uploads\/2024\/04\/imacec-1-1_optimized.jpg","_links":{"self":[{"href":"https:\/\/radiorevelacionfm.cl\/index.php?rest_route=\/wp\/v2\/posts\/40980","targetHints":{"allow":["GET"]}}],"collection":[{"href":"https:\/\/radiorevelacionfm.cl\/index.php?rest_route=\/wp\/v2\/posts"}],"about":[{"href":"https:\/\/radiorevelacionfm.cl\/index.php?rest_route=\/wp\/v2\/types\/post"}],"author":[{"embeddable":true,"href":"https:\/\/radiorevelacionfm.cl\/index.php?rest_route=\/wp\/v2\/users\/1"}],"replies":[{"embeddable":true,"href":"https:\/\/radiorevelacionfm.cl\/index.php?rest_route=%2Fwp%2Fv2%2Fcomments&post=40980"}],"version-history":[{"count":1,"href":"https:\/\/radiorevelacionfm.cl\/index.php?rest_route=\/wp\/v2\/posts\/40980\/revisions"}],"predecessor-version":[{"id":40982,"href":"https:\/\/radiorevelacionfm.cl\/index.php?rest_route=\/wp\/v2\/posts\/40980\/revisions\/40982"}],"wp:featuredmedia":[{"embeddable":true,"href":"https:\/\/radiorevelacionfm.cl\/index.php?rest_route=\/wp\/v2\/media\/40981"}],"wp:attachment":[{"href":"https:\/\/radiorevelacionfm.cl\/index.php?rest_route=%2Fwp%2Fv2%2Fmedia&parent=40980"}],"wp:term":[{"taxonomy":"category","embeddable":true,"href":"https:\/\/radiorevelacionfm.cl\/index.php?rest_route=%2Fwp%2Fv2%2Fcategories&post=40980"},{"taxonomy":"post_tag","embeddable":true,"href":"https:\/\/radiorevelacionfm.cl\/index.php?rest_route=%2Fwp%2Fv2%2Ftags&post=40980"}],"curies":[{"name":"wp","href":"https:\/\/api.w.org\/{rel}","templated":true}]}}