{"id":40960,"date":"2024-04-03T12:30:24","date_gmt":"2024-04-03T15:30:24","guid":{"rendered":"https:\/\/radiorevelacionfm.cl\/?p=40960"},"modified":"2024-04-03T12:30:24","modified_gmt":"2024-04-03T15:30:24","slug":"consejeros-realizan-trabajo-con-comision-de-infraestructura-transportes-y-telecomunicaciones-en-la-comuna-de-cochrane","status":"publish","type":"post","link":"https:\/\/radiorevelacionfm.cl\/?p=40960","title":{"rendered":"Consejeros realizan trabajo con comisi\u00f3n de infraestructura, transportes y telecomunicaciones en la comuna de Cochrane"},"content":{"rendered":"<div class=\"flex_column av_one_full  flex_column_div av-zero-column-padding first  avia-builder-el-0  el_before_av_one_full  avia-builder-el-first  \" style='border-radius:0px; '><div  class='avia-image-container  av-styling-    avia-builder-el-1  avia-builder-el-no-sibling  avia-align-center '  itemprop=\"image\" itemscope=\"itemscope\" itemtype=\"https:\/\/schema.org\/ImageObject\"  ><div class='avia-image-container-inner'><div class='avia-image-overlay-wrap'><img decoding=\"async\" class='wp-image-40961 avia-img-lazy-loading-not-40961 avia_image' src=\"https:\/\/radiorevelacionfm.cl\/wp-content\/uploads\/2024\/04\/84e04f6694959024f1ce07193be062a046bfddbe-1_optimized-1.jpg\" alt='' title='84e04f6694959024f1ce07193be062a046bfddbe-(1)_optimized (1)' height=\"600\" width=\"1067\"  itemprop=\"thumbnailUrl\" srcset=\"https:\/\/radiorevelacionfm.cl\/wp-content\/uploads\/2024\/04\/84e04f6694959024f1ce07193be062a046bfddbe-1_optimized-1.jpg 1067w, https:\/\/radiorevelacionfm.cl\/wp-content\/uploads\/2024\/04\/84e04f6694959024f1ce07193be062a046bfddbe-1_optimized-1-300x169.jpg 300w, https:\/\/radiorevelacionfm.cl\/wp-content\/uploads\/2024\/04\/84e04f6694959024f1ce07193be062a046bfddbe-1_optimized-1-1030x579.jpg 1030w, https:\/\/radiorevelacionfm.cl\/wp-content\/uploads\/2024\/04\/84e04f6694959024f1ce07193be062a046bfddbe-1_optimized-1-768x432.jpg 768w, https:\/\/radiorevelacionfm.cl\/wp-content\/uploads\/2024\/04\/84e04f6694959024f1ce07193be062a046bfddbe-1_optimized-1-705x396.jpg 705w, https:\/\/radiorevelacionfm.cl\/wp-content\/uploads\/2024\/04\/84e04f6694959024f1ce07193be062a046bfddbe-1_optimized-1-450x253.jpg 450w, https:\/\/radiorevelacionfm.cl\/wp-content\/uploads\/2024\/04\/84e04f6694959024f1ce07193be062a046bfddbe-1_optimized-1-600x337.jpg 600w\" sizes=\"(max-width: 1067px) 100vw, 1067px\" \/><\/div><\/div><\/div><\/div><div class=\"flex_column av_one_full  flex_column_div av-zero-column-padding first  avia-builder-el-2  el_after_av_one_full  el_before_av_one_full  column-top-margin\" style='border-radius:0px; '><section class=\"av_textblock_section \"  itemscope=\"itemscope\" itemtype=\"https:\/\/schema.org\/BlogPosting\" itemprop=\"blogPost\" ><div class='avia_textblock  '   itemprop=\"text\" ><p style=\"text-align: center;\"><strong><span style=\"font-size: 18pt;\">Consejeros realizan trabajo con comisi\u00f3n de infraestructura, transportes y telecomunicaciones en la comuna de Cochrane<\/span><\/strong><\/p>\n<div id=\"gtx-trans\" style=\"position: absolute; left: -50px; top: 4.31534px;\">\n<div class=\"gtx-trans-icon\"><\/div>\n<\/div>\n<\/div><\/section><\/div><div class=\"flex_column av_one_full  flex_column_div av-zero-column-padding first  avia-builder-el-4  el_after_av_one_full  el_before_av_hr  column-top-margin\" style='border-radius:0px; '><section class=\"av_textblock_section \"  itemscope=\"itemscope\" itemtype=\"https:\/\/schema.org\/BlogPosting\" itemprop=\"blogPost\" ><div class='avia_textblock  '   itemprop=\"text\" ><p style=\"text-align: justify;\">Una completa agenda de trabajo desarroll\u00f3 la Comisi\u00f3n de Infraestructura, Transportes y Telecomunicaciones del Core en la ciudad de Cochrane, visitando en terreno importantes proyectos financiados por el Gobierno Regional de Ays\u00e9n y otros con fondos sectoriales.<\/p>\n<p style=\"text-align: justify;\">En la ocasi\u00f3n los consejeros de la provincia capit\u00e1n Prat V\u00edctor Escobar y Jorge Abello en conjunto con la comisi\u00f3n de infraestructura y transportes realizaron actividades para visualizar los avances en materias de camino y obras FRIL en ejecuci\u00f3n y finalizadas en la comuna, principalmente enfocados en conectividad se visit\u00f3:<\/p>\n<p style=\"text-align: justify;\">CAMINO LAGO BROWN<\/p>\n<p style=\"text-align: justify;\">La primera obra visitada es el camino que se encuentra construyendo el Cuerpo Militar del Trabajo (CMT) en el sector de Lago Brown, distante a unos 76 km de Cochrane, obra financiada por el Ministerio de Obras P\u00fablicas, a trav\u00e9s del Convenio con el CMT y que considera 15 kil\u00f3metros de nuevo camino y con un monto invertido de 10 mil 250 millones de pesos.<\/p>\n<p style=\"text-align: justify;\">Las obras que comenzaron el a\u00f1o 2018 se encuentran en su etapa final, restando solo un km para su t\u00e9rmino a fines de este a\u00f1o 2024.<\/p>\n<p style=\"text-align: justify;\">El director regional de vialidad Renzo Sanders destac\u00f3 esta obra se\u00f1alando <em>\u201cEstamos concretando una obra de gran impacto para la comuna de Cochrane, hoy vemos c\u00f3mo nace parte de la historia de la red vial de la regi\u00f3n, ansiosos de que nos entreguen esta nuevas obras y a la fecha ya nos encontramos trabajando en un segundo convenio MOP \u2013 CMT, para la continuaci\u00f3n de este camino y seguir avanzando con una segunda etapa\u201d.\u00a0\u00a0 <\/em><\/p>\n<p style=\"text-align: justify;\">Para el consejero de la Provincia V\u00edctor Escobar Mardones \u00a0esta es una obra de mucho impacto social: <em>\u00abEste camino, que solo era una huella, se hac\u00eda a caballo, sus pobladores sacaban la le\u00f1a en bote, por tanto uno puede desde ah\u00ed saber que con esto le cambiamos la calidad de vida a las personas del sector, pero tambi\u00e9n a las familias de Cochrane que hoy tienen una nueva ruta tur\u00edstica, productiva y de conectividad\u201d<\/em>.<\/p>\n<p style=\"text-align: justify;\">As\u00ed tambi\u00e9n, el Consejero Regional de la provincia Jorge Abello Moll agradeci\u00f3 a los integrantes de la comisi\u00f3n por haber viajado hasta Cochrane, se\u00f1alando que este camino en el sector San Lorenzo y Lago Brown fue anta\u00f1o uno de los m\u00e1s productivos de la comuna: <em>\u201cEn la antig\u00fcedad los vecinos de este sector produc\u00edan una importante cantidad de Lana, la que era trasladado de manera rudimentaria a caballo o en bote, hoy la lana tiene un valor distinto, pero estos proyectos permiten seguir avanzando en conectividad y dando oportunidades para el turismo y desarrollo productivo del sector\u201d<\/em>. Finaliz\u00f3.<\/p>\n<p style=\"text-align: justify;\">Para la Presidenta de la Comisi\u00f3n Paola Rodr\u00edguez la visita a este proyecto de construcci\u00f3n reviste gran importancia para la comuna de Cochrane y la provincia de Capit\u00e1n Prat: <em>\u201cHemos visto un trabajo impecable, uno podr\u00eda decir que solo era la construcci\u00f3n de una senda, pero gratamente nos damos cuenta que es una camino bastante consolidad y bien hecho, aqu\u00ed hay un gran potencial, del que uno espera permita que sea un medio para que la gente que vive en el sector pueda tener mejor conectividad y ser una v\u00eda productiva para el sector\u201d<\/em>.<\/p>\n<p style=\"text-align: justify;\">Es un camino bastante amplio, bien consolidado, delineado y con una belleza esc\u00e9nica incomparable.<\/p>\n<p style=\"text-align: justify;\">OBRAS DE PAVIMENTACI\u00d3N ENTRADA NORTE COCHRANE<\/p>\n<p style=\"text-align: justify;\">En un proyecto que es financiado con fondos sectoriales, pavimentaci\u00f3n entrada norte de Cochrane, la comisi\u00f3n de infraestructura se aperson\u00f3 en terreno acompa\u00f1ada del Director Regional de Vialidad, de representantes de la empresa Conpax, y de la directiva del comit\u00e9 pro adelanto entrada norte, lugar donde residen cerca de 80, quienes han vivido a juicio de ellos una verdadera pesadilla por la ejecuci\u00f3n de un proyecto que era tan anhelado y que ha afectado a las familias del sector.<\/p>\n<p style=\"text-align: justify;\">Es una obra emblem\u00e1tica en la cuesta Traro ruta 7, que ya lleva 3 a\u00f1os de ejecuci\u00f3n y donde el comit\u00e9 que preside Natalia Petersen acusa que a la empresa solo le queda hasta el mes de mayo para terminar las obras y no tienen seguridad de que esta continuar\u00e1 trabajando para levantar las muchas observaciones a la mala ejecuci\u00f3n de la construcci\u00f3n: <em>\u201cEsta obra ya ha tenido dos aumentos de plazo para su ejecuci\u00f3n, una obra que ven\u00eda a pavimentar el acceso a Cochrane, tambi\u00e9n ten\u00eda la responsabilidad de las obras de reposici\u00f3n de agua potable y alcantarillado. Al 25 de mayo la empresa debiera terminar las obras y nosotros quedaremos en tierra de nadie. \u00bfLo que nosotros queremos es que nos digan exactamente de parte del Ministerio de Obras P\u00fablicas es qu\u00e9 se va a hacer?, c\u00f3mo se va a hacer? y en qu\u00e9 plazos?\u201d<\/em><\/p>\n<p style=\"text-align: justify;\">La presidenta del comit\u00e9 recalc\u00f3 que en muchos casos las redes han sido destrozadas, han quedado bajo pavimento, lo mismo el colector, por lo que se requerir\u00e1 otro proyecto para solucionar todos estos problemas que la empresa ha dejado.\u00a0 A esto se suma el desconocimiento por parte de los vecinos respecto la instalaci\u00f3n de los postes de alumbrado, la energizaci\u00f3n de las casas y los accesos a estas que est\u00e1n en los bordes de la obra.<\/p>\n<p style=\"text-align: justify;\">Para la presidenta de la comisi\u00f3n de Infraestructura Paola Rodr\u00edguez esta visita estaba comprometida por parte de la comisi\u00f3n de infraestructura porque se sab\u00eda de los problemas existentes con la ejecuci\u00f3n de este proyecto, pero tambi\u00e9n se quer\u00eda conocer en terreno la situaci\u00f3n que se est\u00e1 generando en la voz de los vecinos. <em>\u201cEstamos ac\u00e1 para buscar soluciones concretas a lo que va a suceder despu\u00e9s que se cumpla el plazo en que la empresa termine su contrato, eso es lo que nos aboca, buscar soluciones concretas a los problemas planteados por los vecinos\u201d.<\/em><\/p>\n<p style=\"text-align: justify;\">Para el Consejero Regional de la Provincia Jorge Abello, la situaci\u00f3n es lamentable<em>. \u201dHace una a\u00f1o atr\u00e1s advertimos de esta situaci\u00f3n, y uno esperaba que en el receso que hubo, el MOP, la empresa Conpax y La Sanitaria se pusieran de acuerdo para dar una soluci\u00f3n a los problemas que se encontraron\u201d<\/em>. Abello a\u00f1adi\u00f3 que este proyecto est\u00e1 dentro del plan de rezago y cuando los vecinos nos dicen que van a quedar peor que antes nos lleva a pensar que no se est\u00e1n haciendo las cosas bien: <em>\u201cNosotros llevaremos la informaci\u00f3n levantada en esta reuni\u00f3n en terreno y veremos qu\u00e9 acciones llevaremos adelante con la unidad t\u00e9cnica para as\u00ed poder buscar una soluci\u00f3n a este problema que tantos inconvenientes les ha generado a los vecinos del sector\u201d<\/em>.<\/p>\n<p style=\"text-align: justify;\">Finalmente el Consejero de la provincia V\u00edctor Escobar se\u00f1al\u00f3 que \u201cAqu\u00ed claramente hay responsabilidades y hay que buscarlas, se hicieron tres reuniones, donde se alert\u00f3 al MOP, a la empresa, pero aqu\u00ed existe una falta de fiscalizaci\u00f3n t\u00e9cnica, y hoy nos encontramos con un tremendo problema, hay compromisos que se hicieron y no se han cumplido, desde el 26 en adelante queremos una soluci\u00f3n concreta para nuestros vecinos \u201c, finaliz\u00f3. <em>\u00a0\u00a0<\/em><\/p>\n<p style=\"text-align: justify;\">PROYECTOS FRIL<\/p>\n<p style=\"text-align: justify;\">Los proyectos FRIL, de gran impacto para las comunas de la regi\u00f3n, fueron visitados por las y los consejeros regionales de la comisi\u00f3n, acompa\u00f1ados del alcalde de la comuna, conociendo la ejecuci\u00f3n ya en sus etapas de t\u00e9rmino de los proyectos \u201cReposici\u00f3n Mirador Cerro La Cruz \u201c, \u201cConstrucci\u00f3n Casa del Mate\u201d, \u201cAnfiteatro Parque Previske\u201d y \u201cConstrucci\u00f3n del Monumento Familia Pionera\u201d.<\/p>\n<p style=\"text-align: justify;\">\u00a0Para los consejeros de la provincia seg\u00fan su visi\u00f3n.<\/p>\n<p style=\"text-align: justify;\"><em>\u201cHoy la comuna de Cochrane est\u00e1 ejecutando cerca de mil millones de pesos en proyectos FRIL, lo que permite con recursos del gobierno regional y la correspondiente aprobaci\u00f3n del consejo regional generar empleo y as\u00ed tambi\u00e9n embellecer las comunas. <\/em><\/p>\n<p style=\"text-align: justify;\"><em>Se visitaron cuatro proyectos que son emblem\u00e1ticos, Hay otras obras que est\u00e1n siendo ejecutadas en la comuna como los ba\u00f1os p\u00fablicos en la plaza de armas, la plazoleta del sector alto de la comuna y la segunda multicancha de pasto sint\u00e9tico del club Estrella del Baker\u201d.<\/em><\/p>\n<p style=\"text-align: justify;\">Para la presidenta de la Comisi\u00f3n de Infraestructura Paola Rodr\u00edguez es muy importante para la comisi\u00f3n poder llegar a las distintas localidades de la regi\u00f3n <em>\u201cEstando ac\u00e1 podemos ver los proyectos FRIL en proceso de ejecuci\u00f3n y que fueron aprobados en el Consejo Regional y que generan ese dinamismo econ\u00f3mico que tanto necesita nuestra regi\u00f3n\u201d<\/em>.<\/p>\n<\/div><\/section><\/div><div  style='height:50px' class='hr hr-invisible   avia-builder-el-6  el_after_av_one_full  el_before_av_social_share '><span class='hr-inner ' ><span class='hr-inner-style'><\/span><\/span><\/div><\/p>\n<div  class='av-social-sharing-box  avia-builder-el-7  el_after_av_hr  el_before_av_hr  '><div class='av-share-box'><h5 class='av-share-link-description av-no-toc '>Compartir esta noticia<\/h5><ul class='av-share-box-list noLightbox'><li class='av-share-link av-social-link-facebook' ><a target=\"_blank\" aria-label=\"Compartir en Facebook\" href='https:\/\/www.facebook.com\/sharer.php?u=https:\/\/radiorevelacionfm.cl\/?p=40960&#038;t=Consejeros%20realizan%20trabajo%20con%20comisi%C3%B3n%20de%20infraestructura%2C%20transportes%20y%20telecomunicaciones%20en%20la%20comuna%20de%20Cochrane' aria-hidden='false' data-av_icon='\ue8f3' data-av_iconfont='entypo-fontello' title='' data-avia-related-tooltip='Compartir en Facebook' rel=\"noopener\"><span class='avia_hidden_link_text'>Compartir en Facebook<\/span><\/a><\/li><li class='av-share-link av-social-link-twitter' ><a target=\"_blank\" aria-label=\"Compartir en Twitter\" href='https:\/\/twitter.com\/share?text=Consejeros%20realizan%20trabajo%20con%20comisi%C3%B3n%20de%20infraestructura%2C%20transportes%20y%20telecomunicaciones%20en%20la%20comuna%20de%20Cochrane&#038;url=https:\/\/radiorevelacionfm.cl\/?p=40960' aria-hidden='false' data-av_icon='\ue8f1' data-av_iconfont='entypo-fontello' title='' data-avia-related-tooltip='Compartir en Twitter' rel=\"noopener\"><span class='avia_hidden_link_text'>Compartir en Twitter<\/span><\/a><\/li><li class='av-share-link av-social-link-whatsapp' ><a target=\"_blank\" aria-label=\"Compartir en Whatsapp\" href='https:\/\/api.whatsapp.com\/send?text=https:\/\/radiorevelacionfm.cl\/?p=40960' aria-hidden='false' data-av_icon='\uf232' data-av_iconfont='entypo-fontello' title='' data-avia-related-tooltip='Compartir en Whatsapp' rel=\"noopener\"><span class='avia_hidden_link_text'>Compartir en Whatsapp<\/span><\/a><\/li><li class='av-share-link av-social-link-linkedin' ><a target=\"_blank\" aria-label=\"Compartir en LinkedIn\" href='https:\/\/linkedin.com\/shareArticle?mini=true&#038;title=Consejeros%20realizan%20trabajo%20con%20comisi%C3%B3n%20de%20infraestructura%2C%20transportes%20y%20telecomunicaciones%20en%20la%20comuna%20de%20Cochrane&#038;url=https:\/\/radiorevelacionfm.cl\/?p=40960' aria-hidden='false' data-av_icon='\ue8fc' data-av_iconfont='entypo-fontello' title='' data-avia-related-tooltip='Compartir en LinkedIn' rel=\"noopener\"><span class='avia_hidden_link_text'>Compartir en LinkedIn<\/span><\/a><\/li><li class='av-share-link av-social-link-mail' ><a  aria-label=\"Compartir por correo\" href='mailto:?subject=Consejeros%20realizan%20trabajo%20con%20comisi%C3%B3n%20de%20infraestructura%2C%20transportes%20y%20telecomunicaciones%20en%20la%20comuna%20de%20Cochrane&#038;body=https:\/\/radiorevelacionfm.cl\/?p=40960' aria-hidden='false' data-av_icon='\ue805' data-av_iconfont='entypo-fontello' title='' data-avia-related-tooltip='Compartir por correo'><span class='avia_hidden_link_text'>Compartir por correo<\/span><\/a><\/li><\/ul><\/div><\/div>\n<div  style='height:50px' class='hr hr-invisible   avia-builder-el-8  el_after_av_social_share  el_before_av_comments_list '><span class='hr-inner ' ><span class='hr-inner-style'><\/span><\/span><\/div>\n<div  class='av-buildercomment  av-blog-meta-html-info-disabled av-blog-meta-tag-disabled  '><\/div>\n","protected":false},"excerpt":{"rendered":"","protected":false},"author":1,"featured_media":40961,"comment_status":"open","ping_status":"open","sticky":false,"template":"","format":"standard","meta":{"footnotes":""},"categories":[38],"tags":[],"class_list":["post-40960","post","type-post","status-publish","format-standard","has-post-thumbnail","hentry","category-regional"],"jetpack_featured_media_url":"https:\/\/radiorevelacionfm.cl\/wp-content\/uploads\/2024\/04\/84e04f6694959024f1ce07193be062a046bfddbe-1_optimized-1.jpg","_links":{"self":[{"href":"https:\/\/radiorevelacionfm.cl\/index.php?rest_route=\/wp\/v2\/posts\/40960","targetHints":{"allow":["GET"]}}],"collection":[{"href":"https:\/\/radiorevelacionfm.cl\/index.php?rest_route=\/wp\/v2\/posts"}],"about":[{"href":"https:\/\/radiorevelacionfm.cl\/index.php?rest_route=\/wp\/v2\/types\/post"}],"author":[{"embeddable":true,"href":"https:\/\/radiorevelacionfm.cl\/index.php?rest_route=\/wp\/v2\/users\/1"}],"replies":[{"embeddable":true,"href":"https:\/\/radiorevelacionfm.cl\/index.php?rest_route=%2Fwp%2Fv2%2Fcomments&post=40960"}],"version-history":[{"count":1,"href":"https:\/\/radiorevelacionfm.cl\/index.php?rest_route=\/wp\/v2\/posts\/40960\/revisions"}],"predecessor-version":[{"id":40962,"href":"https:\/\/radiorevelacionfm.cl\/index.php?rest_route=\/wp\/v2\/posts\/40960\/revisions\/40962"}],"wp:featuredmedia":[{"embeddable":true,"href":"https:\/\/radiorevelacionfm.cl\/index.php?rest_route=\/wp\/v2\/media\/40961"}],"wp:attachment":[{"href":"https:\/\/radiorevelacionfm.cl\/index.php?rest_route=%2Fwp%2Fv2%2Fmedia&parent=40960"}],"wp:term":[{"taxonomy":"category","embeddable":true,"href":"https:\/\/radiorevelacionfm.cl\/index.php?rest_route=%2Fwp%2Fv2%2Fcategories&post=40960"},{"taxonomy":"post_tag","embeddable":true,"href":"https:\/\/radiorevelacionfm.cl\/index.php?rest_route=%2Fwp%2Fv2%2Ftags&post=40960"}],"curies":[{"name":"wp","href":"https:\/\/api.w.org\/{rel}","templated":true}]}}