{"id":40955,"date":"2024-04-03T16:37:40","date_gmt":"2024-04-03T19:37:40","guid":{"rendered":"https:\/\/radiorevelacionfm.cl\/?p=40955"},"modified":"2024-04-03T16:37:40","modified_gmt":"2024-04-03T19:37:40","slug":"fiscalia-y-pdi-desarticulan-banda-que-cometio-3-robos-con-intimidacion-y-violencia-ocurridos-en-coyhaique","status":"publish","type":"post","link":"https:\/\/radiorevelacionfm.cl\/?p=40955","title":{"rendered":"Fiscal\u00eda y PDI desarticulan banda que cometi\u00f3 3 robos con intimidaci\u00f3n y violencia ocurridos en Coyhaique"},"content":{"rendered":"<div class=\"flex_column av_one_full  flex_column_div av-zero-column-padding first  avia-builder-el-0  el_before_av_one_full  avia-builder-el-first  \" style='border-radius:0px; '><div  class='avia-image-container  av-styling-    avia-builder-el-1  avia-builder-el-no-sibling  avia-align-center '  itemprop=\"image\" itemscope=\"itemscope\" itemtype=\"https:\/\/schema.org\/ImageObject\"  ><div class='avia-image-container-inner'><div class='avia-image-overlay-wrap'><img decoding=\"async\" class='wp-image-40956 avia-img-lazy-loading-not-40956 avia_image' src=\"https:\/\/radiorevelacionfm.cl\/wp-content\/uploads\/2024\/04\/Aclarado1-1-1.jpg\" alt='' title='Aclarado1 (1) (1)' height=\"600\" width=\"900\"  itemprop=\"thumbnailUrl\" srcset=\"https:\/\/radiorevelacionfm.cl\/wp-content\/uploads\/2024\/04\/Aclarado1-1-1.jpg 900w, https:\/\/radiorevelacionfm.cl\/wp-content\/uploads\/2024\/04\/Aclarado1-1-1-300x200.jpg 300w, https:\/\/radiorevelacionfm.cl\/wp-content\/uploads\/2024\/04\/Aclarado1-1-1-768x512.jpg 768w, https:\/\/radiorevelacionfm.cl\/wp-content\/uploads\/2024\/04\/Aclarado1-1-1-705x470.jpg 705w, https:\/\/radiorevelacionfm.cl\/wp-content\/uploads\/2024\/04\/Aclarado1-1-1-450x300.jpg 450w, https:\/\/radiorevelacionfm.cl\/wp-content\/uploads\/2024\/04\/Aclarado1-1-1-600x400.jpg 600w\" sizes=\"(max-width: 900px) 100vw, 900px\" \/><\/div><\/div><\/div><\/div><div class=\"flex_column av_one_full  flex_column_div av-zero-column-padding first  avia-builder-el-2  el_after_av_one_full  el_before_av_one_full  column-top-margin\" style='border-radius:0px; '><section class=\"av_textblock_section \"  itemscope=\"itemscope\" itemtype=\"https:\/\/schema.org\/BlogPosting\" itemprop=\"blogPost\" ><div class='avia_textblock  '   itemprop=\"text\" ><p style=\"text-align: center;\"><span style=\"font-size: 18pt;\"><b>Fiscal\u00eda y PDI desarticulan banda que cometi\u00f3 3 robos con intimidaci\u00f3n y violencia ocurridos en Coyhaique<\/b><\/span><\/p>\n<div id=\"gtx-trans\" style=\"position: absolute; left: -50px; top: 4.31534px;\">\n<div class=\"gtx-trans-icon\"><\/div>\n<\/div>\n<\/div><\/section><\/div><div class=\"flex_column av_one_full  flex_column_div av-zero-column-padding first  avia-builder-el-4  el_after_av_one_full  el_before_av_hr  column-top-margin\" style='border-radius:0px; '><section class=\"av_textblock_section \"  itemscope=\"itemscope\" itemtype=\"https:\/\/schema.org\/BlogPosting\" itemprop=\"blogPost\" ><div class='avia_textblock  '   itemprop=\"text\" ><p style=\"font-weight: 400; text-align: justify;\"><em>Afectaron a tres familias distintas en\u00a0el sector alto de Coyhaique, camino a Balmaceda\u00a0y Coyhaique Alto.<\/em><\/p>\n<p style=\"font-weight: 400; text-align: justify;\">Tras una investigaci\u00f3n dirigida por la Fiscal\u00eda Local de Coyhaique y diligencias efectuadas por la Brigada Investigadora de Robos de la PDI, fueron detenidos dos imputados de 27 y 32 a\u00f1os, por dos robos con intimidaci\u00f3n y uno con violencia, ocurridos en el sector alto de Coyhaique, camino a Balmaceda y sector alto de Coyhaique.<\/p>\n<p style=\"font-weight: 400; text-align: justify;\">Seg\u00fan explic\u00f3 el fiscal jefe de Coyhaique, Jos\u00e9 Moris, los imputados \u201cfueron detenidos en los \u00faltimos d\u00edas. Uno de ellos el s\u00e1bado y el otro ayer. Pasaron a control de detenci\u00f3n, fueron formalizados y ambos, uno de ellos, est\u00e1 formalizado por dos robos con intimidaci\u00f3n y robo con violencia\u201d.<\/p>\n<p style=\"font-weight: 400; text-align: justify;\">El segundo imputado, a\u00f1adi\u00f3 el fiscal, fue formalizado hoy por dos robos con intimidaci\u00f3n. \u201cNo tiene participaci\u00f3n en el tercer delito, en principio y respecto de ambos, se solicit\u00f3 prisi\u00f3n preventiva, accediendo el Tribunal a la medida cautelar. Por lo tanto, los dos se encuentran presos\u201d, dijo Moris. Los dos detenidos tienen antecedentes penales anteriores por diversos delitos.<\/p>\n<p style=\"font-weight: 400; text-align: justify;\">El fiscal jefe de Coyhaique a\u00f1adi\u00f3 que \u201cse fij\u00f3 un plazo de 90 d\u00edas para efectos de agotar las diligencias en torno a estos dos hechos\u201d, los cuales ocurrieron a entre junio y julio del a\u00f1o 2022.<\/p>\n<p style=\"font-weight: 400; text-align: justify;\">\u201cHa sido una investigaci\u00f3n compleja no solamente por el nivel de violencia, sino que porque adem\u00e1s se trata de tres hechos cometidos entre dos meses en que no hab\u00eda ning\u00fan dato respecto de la identidad de los sujetos. Ha sido un trabajo que se ha hecho con esfuerzo por la Brigada de Robos en conjunto con la Fiscal\u00eda y que permiti\u00f3 a la larga, despu\u00e9s de un a\u00f1o y medio de investigaci\u00f3n, poder acreditar fehacientemente ante el Tribunal la participaci\u00f3n de estos dos sujetos y que pudiesen quedar en prisi\u00f3n preventiva\u201d.<\/p>\n<p style=\"font-weight: 400; text-align: justify;\">MODUS OPERANDI<\/p>\n<p style=\"font-weight: 400; text-align: justify;\">Por su parte el jefe de la Brigada Investigadora de Robos de la PDI, subprefecto V\u00edctor Toledo, manifest\u00f3 que \u201choy estamos dando cuenta de la desarticulaci\u00f3n y la detenci\u00f3n de parte de una banda criminal que, a juicio tanto del equipo investigador como del Ministerio P\u00fablico, podr\u00eda tratarse de una banda delictual probablemente con caracter\u00edsticas distintas, dado la violencia que empleaban en la comisi\u00f3n de sus delitos\u201d.<\/p>\n<p style=\"font-weight: 400; text-align: justify;\">Los hechos investigados se remontan a mediados del a\u00f1o 2022, \u201cen donde tres familias fueron intimidadas, golpeadas en diferentes inmuebles ac\u00e1 en la comuna de Coyhaique, y que desde esa fecha, a trav\u00e9s de un an\u00e1lisis criminal exhaustivo y un trabajo mancomunado en el Ministerio P\u00fablico, se logr\u00f3 reunir la mayor cantidad de antecedentes que permitieron, primero, individualizar a parte de esta banda criminal y posteriormente, lograr a trav\u00e9s del Ministerio P\u00fablico las respectivas \u00f3rdenes de detenci\u00f3n, las cuales fueron materializadas durante el \u00faltimo d\u00eda y tambi\u00e9n durante la jornada de ayer\u201d.<\/p>\n<p style=\"font-weight: 400; text-align: justify;\">Sobre la composici\u00f3n y domicilio de esta banda, el subprefecto Toledo explic\u00f3 que \u201cesta banda criminal est\u00e1 integrada principalmente por personas de Coyhaique. A\u00fan es prematuro, a ra\u00edz de las diferentes diligencias investigativas que quedan pendientes, indicar si pudiese tener participaci\u00f3n de integrantes de otra regi\u00f3n, pero por ahora lo que tenemos es la detenci\u00f3n de parte de esta banda criminal y que ellos s\u00ed son oriundos de ac\u00e1 de la comuna de Coyhaique\u201d.<\/p>\n<p style=\"font-weight: 400; text-align: justify;\">Respecto de la posible participaci\u00f3n de los detenidos en otros hechos, el oficial sostuvo que \u201cinicialmente tenemos la participaci\u00f3n en tres delitos de robo con violencia que afectaron a moradores, en donde principalmente llamaba la atenci\u00f3n del equipo investigador, la violencia que fue empleada, la planificaci\u00f3n que se ten\u00eda para todos ellos y no se descarta tambi\u00e9n alg\u00fan tipo de informaci\u00f3n privilegiada que los hac\u00eda escoger estos domicilios en los momentos en que las familias pernoctaban, ingresando al interior de \u00e9stas, intimid\u00e1ndolos con armas de fuego y en algunos casos, golpeando a sus dependientes\u201d.<\/p>\n<\/div><\/section><\/div><div  style='height:50px' class='hr hr-invisible   avia-builder-el-6  el_after_av_one_full  el_before_av_social_share '><span class='hr-inner ' ><span class='hr-inner-style'><\/span><\/span><\/div><\/p>\n<div  class='av-social-sharing-box  avia-builder-el-7  el_after_av_hr  el_before_av_hr  '><div class='av-share-box'><h5 class='av-share-link-description av-no-toc '>Compartir esta noticia<\/h5><ul class='av-share-box-list noLightbox'><li class='av-share-link av-social-link-facebook' ><a target=\"_blank\" aria-label=\"Compartir en Facebook\" href='https:\/\/www.facebook.com\/sharer.php?u=https:\/\/radiorevelacionfm.cl\/?p=40955&#038;t=Fiscal%C3%ADa%20y%20PDI%20desarticulan%20banda%20que%20cometi%C3%B3%203%20robos%20con%20intimidaci%C3%B3n%20y%20violencia%20ocurridos%20en%20Coyhaique' aria-hidden='false' data-av_icon='\ue8f3' data-av_iconfont='entypo-fontello' title='' data-avia-related-tooltip='Compartir en Facebook' rel=\"noopener\"><span class='avia_hidden_link_text'>Compartir en Facebook<\/span><\/a><\/li><li class='av-share-link av-social-link-twitter' ><a target=\"_blank\" aria-label=\"Compartir en Twitter\" href='https:\/\/twitter.com\/share?text=Fiscal%C3%ADa%20y%20PDI%20desarticulan%20banda%20que%20cometi%C3%B3%203%20robos%20con%20intimidaci%C3%B3n%20y%20violencia%20ocurridos%20en%20Coyhaique&#038;url=https:\/\/radiorevelacionfm.cl\/?p=40955' aria-hidden='false' data-av_icon='\ue8f1' data-av_iconfont='entypo-fontello' title='' data-avia-related-tooltip='Compartir en Twitter' rel=\"noopener\"><span class='avia_hidden_link_text'>Compartir en Twitter<\/span><\/a><\/li><li class='av-share-link av-social-link-whatsapp' ><a target=\"_blank\" aria-label=\"Compartir en Whatsapp\" href='https:\/\/api.whatsapp.com\/send?text=https:\/\/radiorevelacionfm.cl\/?p=40955' aria-hidden='false' data-av_icon='\uf232' data-av_iconfont='entypo-fontello' title='' data-avia-related-tooltip='Compartir en Whatsapp' rel=\"noopener\"><span class='avia_hidden_link_text'>Compartir en Whatsapp<\/span><\/a><\/li><li class='av-share-link av-social-link-linkedin' ><a target=\"_blank\" aria-label=\"Compartir en LinkedIn\" href='https:\/\/linkedin.com\/shareArticle?mini=true&#038;title=Fiscal%C3%ADa%20y%20PDI%20desarticulan%20banda%20que%20cometi%C3%B3%203%20robos%20con%20intimidaci%C3%B3n%20y%20violencia%20ocurridos%20en%20Coyhaique&#038;url=https:\/\/radiorevelacionfm.cl\/?p=40955' aria-hidden='false' data-av_icon='\ue8fc' data-av_iconfont='entypo-fontello' title='' data-avia-related-tooltip='Compartir en LinkedIn' rel=\"noopener\"><span class='avia_hidden_link_text'>Compartir en LinkedIn<\/span><\/a><\/li><li class='av-share-link av-social-link-mail' ><a  aria-label=\"Compartir por correo\" href='mailto:?subject=Fiscal%C3%ADa%20y%20PDI%20desarticulan%20banda%20que%20cometi%C3%B3%203%20robos%20con%20intimidaci%C3%B3n%20y%20violencia%20ocurridos%20en%20Coyhaique&#038;body=https:\/\/radiorevelacionfm.cl\/?p=40955' aria-hidden='false' data-av_icon='\ue805' data-av_iconfont='entypo-fontello' title='' data-avia-related-tooltip='Compartir por correo'><span class='avia_hidden_link_text'>Compartir por correo<\/span><\/a><\/li><\/ul><\/div><\/div>\n<div  style='height:50px' class='hr hr-invisible   avia-builder-el-8  el_after_av_social_share  el_before_av_comments_list '><span class='hr-inner ' ><span class='hr-inner-style'><\/span><\/span><\/div>\n<div  class='av-buildercomment  av-blog-meta-html-info-disabled av-blog-meta-tag-disabled  '><\/div>\n","protected":false},"excerpt":{"rendered":"","protected":false},"author":1,"featured_media":40956,"comment_status":"open","ping_status":"open","sticky":false,"template":"","format":"standard","meta":{"footnotes":""},"categories":[55],"tags":[],"class_list":["post-40955","post","type-post","status-publish","format-standard","has-post-thumbnail","hentry","category-justicia"],"jetpack_featured_media_url":"https:\/\/radiorevelacionfm.cl\/wp-content\/uploads\/2024\/04\/Aclarado1-1-1.jpg","_links":{"self":[{"href":"https:\/\/radiorevelacionfm.cl\/index.php?rest_route=\/wp\/v2\/posts\/40955","targetHints":{"allow":["GET"]}}],"collection":[{"href":"https:\/\/radiorevelacionfm.cl\/index.php?rest_route=\/wp\/v2\/posts"}],"about":[{"href":"https:\/\/radiorevelacionfm.cl\/index.php?rest_route=\/wp\/v2\/types\/post"}],"author":[{"embeddable":true,"href":"https:\/\/radiorevelacionfm.cl\/index.php?rest_route=\/wp\/v2\/users\/1"}],"replies":[{"embeddable":true,"href":"https:\/\/radiorevelacionfm.cl\/index.php?rest_route=%2Fwp%2Fv2%2Fcomments&post=40955"}],"version-history":[{"count":1,"href":"https:\/\/radiorevelacionfm.cl\/index.php?rest_route=\/wp\/v2\/posts\/40955\/revisions"}],"predecessor-version":[{"id":40957,"href":"https:\/\/radiorevelacionfm.cl\/index.php?rest_route=\/wp\/v2\/posts\/40955\/revisions\/40957"}],"wp:featuredmedia":[{"embeddable":true,"href":"https:\/\/radiorevelacionfm.cl\/index.php?rest_route=\/wp\/v2\/media\/40956"}],"wp:attachment":[{"href":"https:\/\/radiorevelacionfm.cl\/index.php?rest_route=%2Fwp%2Fv2%2Fmedia&parent=40955"}],"wp:term":[{"taxonomy":"category","embeddable":true,"href":"https:\/\/radiorevelacionfm.cl\/index.php?rest_route=%2Fwp%2Fv2%2Fcategories&post=40955"},{"taxonomy":"post_tag","embeddable":true,"href":"https:\/\/radiorevelacionfm.cl\/index.php?rest_route=%2Fwp%2Fv2%2Ftags&post=40955"}],"curies":[{"name":"wp","href":"https:\/\/api.w.org\/{rel}","templated":true}]}}