{"id":40952,"date":"2024-04-03T11:40:28","date_gmt":"2024-04-03T14:40:28","guid":{"rendered":"https:\/\/radiorevelacionfm.cl\/?p=40952"},"modified":"2024-04-03T11:40:28","modified_gmt":"2024-04-03T14:40:28","slug":"gobierno-promueve-beneficios-del-programa-de-arborizacion-de-conaf","status":"publish","type":"post","link":"https:\/\/radiorevelacionfm.cl\/?p=40952","title":{"rendered":"Gobierno promueve beneficios del programa de Arborizaci\u00f3n de CONAF"},"content":{"rendered":"<div class=\"flex_column av_one_full  flex_column_div av-zero-column-padding first  avia-builder-el-0  el_before_av_one_full  avia-builder-el-first  \" style='border-radius:0px; '><div  class='avia-image-container  av-styling-    avia-builder-el-1  avia-builder-el-no-sibling  avia-align-center '  itemprop=\"image\" itemscope=\"itemscope\" itemtype=\"https:\/\/schema.org\/ImageObject\"  ><div class='avia-image-container-inner'><div class='avia-image-overlay-wrap'><img decoding=\"async\" class='wp-image-40953 avia-img-lazy-loading-not-40953 avia_image' src=\"https:\/\/radiorevelacionfm.cl\/wp-content\/uploads\/2024\/04\/img_2745-1_optimized-1.jpg\" alt='' title='img_2745-(1)_optimized (1)' height=\"600\" width=\"876\"  itemprop=\"thumbnailUrl\" srcset=\"https:\/\/radiorevelacionfm.cl\/wp-content\/uploads\/2024\/04\/img_2745-1_optimized-1.jpg 876w, https:\/\/radiorevelacionfm.cl\/wp-content\/uploads\/2024\/04\/img_2745-1_optimized-1-300x205.jpg 300w, https:\/\/radiorevelacionfm.cl\/wp-content\/uploads\/2024\/04\/img_2745-1_optimized-1-768x526.jpg 768w, https:\/\/radiorevelacionfm.cl\/wp-content\/uploads\/2024\/04\/img_2745-1_optimized-1-705x483.jpg 705w, https:\/\/radiorevelacionfm.cl\/wp-content\/uploads\/2024\/04\/img_2745-1_optimized-1-450x308.jpg 450w, https:\/\/radiorevelacionfm.cl\/wp-content\/uploads\/2024\/04\/img_2745-1_optimized-1-600x411.jpg 600w\" sizes=\"(max-width: 876px) 100vw, 876px\" \/><\/div><\/div><\/div><\/div><div class=\"flex_column av_one_full  flex_column_div av-zero-column-padding first  avia-builder-el-2  el_after_av_one_full  el_before_av_one_full  column-top-margin\" style='border-radius:0px; '><section class=\"av_textblock_section \"  itemscope=\"itemscope\" itemtype=\"https:\/\/schema.org\/BlogPosting\" itemprop=\"blogPost\" ><div class='avia_textblock  '   itemprop=\"text\" ><p style=\"text-align: center;\"><strong><span style=\"font-size: 18pt;\">Gobierno promueve beneficios del programa de Arborizaci\u00f3n de CONAF<\/span><\/strong><\/p>\n<div id=\"gtx-trans\" style=\"position: absolute; left: -50px; top: 4.31534px;\">\n<div class=\"gtx-trans-icon\"><\/div>\n<\/div>\n<\/div><\/section><\/div><div class=\"flex_column av_one_full  flex_column_div av-zero-column-padding first  avia-builder-el-4  el_after_av_one_full  el_before_av_hr  column-top-margin\" style='border-radius:0px; '><section class=\"av_textblock_section \"  itemscope=\"itemscope\" itemtype=\"https:\/\/schema.org\/BlogPosting\" itemprop=\"blogPost\" ><div class='avia_textblock  '   itemprop=\"text\" ><p style=\"font-weight: 400; text-align: justify;\">Promover la arborizaci\u00f3n y la generaci\u00f3n de servicios ecosist\u00e9micos, mediante el fomento del arbolado, parques urbanos y periurbanos, es uno de los objetivos trazados por el Gobierno, a trav\u00e9s de la Delegaci\u00f3n Presidencial Regional y la Corporaci\u00f3n Nacional Forestal (Conaf), del Ministerio de Agricultura, en la Regi\u00f3n de Ays\u00e9n.<\/p>\n<p style=\"font-weight: 400; text-align: justify;\">Lo anterior a trav\u00e9s de un convenio de cooperaci\u00f3n enmarcado en el programa de Arborizaci\u00f3n de CONAF, suscrito en el vivero Las Lengas de la Reserva Nacional Coyhaique por el Delegado Rodrigo Araya y el director regional de CONAF, Ronald Valenzuela, junto al seremi de Agricultura, Eugenio Ruiz.<\/p>\n<p style=\"font-weight: 400; text-align: justify;\">\u201cEstamos firmando un convenio con CONAF, donde nos comprometemos a difundir la importancia que tiene este programa que se trabaja en la Reserva y en otros lugares de nuestro territorio, enfocado en generar empleo, recuperar semillas, pl\u00e1ntulas y fomentar las especies nativas para reforestar y mantener nuestros ecosistemas saludable. Es importante transmitir esto en todas las instancias que podamos, para que la comunidad sepan de la importancia que tiene conservar los ecosistemas de nuestro territorio, sobre todo, en un contexto de cambio clim\u00e1tico\u201d, se\u00f1al\u00f3 Rodrigo Araya.<\/p>\n<p style=\"font-weight: 400; text-align: justify;\">Por su parte, Ronald Valenzuela dijo que el vivero alberga aproximadamente 145.000 plantas nativas y 32.000 ex\u00f3ticas, en una extensi\u00f3n de seis hect\u00e1reas, y est\u00e1 inserto al interior de la Reserva Nacional Coyhaique.<\/p>\n<p style=\"font-weight: 400; text-align: justify;\">\u201cEste convenio hace visible actividades que lleva a cabo la Corporaci\u00f3n, en especial, a trav\u00e9s del programa de arborizaci\u00f3n, considerando que Conaf tiene la misi\u00f3n de generar la provisi\u00f3n de servicios ecosist\u00e9micos, a trav\u00e9s del arbolado, parques urbanos y periurbanos. Es importante resaltar la concientizaci\u00f3n que se pretende realizar de la poblaci\u00f3n en general, en cuanto a la valoraci\u00f3n de las especies nativas, los recursos forestales que tenemos en la regi\u00f3n y c\u00f3mo se est\u00e1 recuperando la presencia de las especies nativas, desplazando a las especies ex\u00f3ticas, que ya cumplieron su prop\u00f3sito principal, durante el per\u00edodo de erosi\u00f3n\u201d<\/p>\n<p style=\"font-weight: 400; text-align: justify;\">En tanto, Eugenio Ruiz a\u00f1adi\u00f3 que \u201ccomo Ministerio de Agricultura, a trav\u00e9s de CONAF, junto a la Delegaci\u00f3n Presidencial Regional, relevamos hoy la firma del convenio que impulsa un mejor desarrollo del Programa de Arborizaci\u00f3n, fortaleciendo la generaci\u00f3n de servicios ecosist\u00e9micos mediante el fomento del arbolado y uso de plantas para crear nuevas \u00e1reas verdes. Para que todas y todos construyamos una Patagonia m\u00e1s verde. Recordamos que las solicitudes para adquirir especies arb\u00f3reas o arbustivas, se pueden generar en oficinas de CONAF o desde su sitio web. En la regi\u00f3n de Ays\u00e9n tenemos unidades productivas en Cochrane, Ays\u00e9n, Chile Chico y Coyhaique\u201d.<\/p>\n<p style=\"font-weight: 400; text-align: justify;\">El vivero Las Lengas genera empleo a alrededor de 20 personas al a\u00f1o a trav\u00e9s de presupuesto de CONAF y del Programa de empleo del Gobierno Regional.<\/p>\n<\/div><\/section><\/div><div  style='height:50px' class='hr hr-invisible   avia-builder-el-6  el_after_av_one_full  el_before_av_social_share '><span class='hr-inner ' ><span class='hr-inner-style'><\/span><\/span><\/div><\/p>\n<div  class='av-social-sharing-box  avia-builder-el-7  el_after_av_hr  el_before_av_hr  '><div class='av-share-box'><h5 class='av-share-link-description av-no-toc '>Compartir esta noticia<\/h5><ul class='av-share-box-list noLightbox'><li class='av-share-link av-social-link-facebook' ><a target=\"_blank\" aria-label=\"Compartir en Facebook\" href='https:\/\/www.facebook.com\/sharer.php?u=https:\/\/radiorevelacionfm.cl\/?p=40952&#038;t=Gobierno%20promueve%20beneficios%20del%20programa%20de%20Arborizaci%C3%B3n%20de%20CONAF' aria-hidden='false' data-av_icon='\ue8f3' data-av_iconfont='entypo-fontello' title='' data-avia-related-tooltip='Compartir en Facebook' rel=\"noopener\"><span class='avia_hidden_link_text'>Compartir en Facebook<\/span><\/a><\/li><li class='av-share-link av-social-link-twitter' ><a target=\"_blank\" aria-label=\"Compartir en Twitter\" href='https:\/\/twitter.com\/share?text=Gobierno%20promueve%20beneficios%20del%20programa%20de%20Arborizaci%C3%B3n%20de%20CONAF&#038;url=https:\/\/radiorevelacionfm.cl\/?p=40952' aria-hidden='false' data-av_icon='\ue8f1' data-av_iconfont='entypo-fontello' title='' data-avia-related-tooltip='Compartir en Twitter' rel=\"noopener\"><span class='avia_hidden_link_text'>Compartir en Twitter<\/span><\/a><\/li><li class='av-share-link av-social-link-whatsapp' ><a target=\"_blank\" aria-label=\"Compartir en Whatsapp\" href='https:\/\/api.whatsapp.com\/send?text=https:\/\/radiorevelacionfm.cl\/?p=40952' aria-hidden='false' data-av_icon='\uf232' data-av_iconfont='entypo-fontello' title='' data-avia-related-tooltip='Compartir en Whatsapp' rel=\"noopener\"><span class='avia_hidden_link_text'>Compartir en Whatsapp<\/span><\/a><\/li><li class='av-share-link av-social-link-linkedin' ><a target=\"_blank\" aria-label=\"Compartir en LinkedIn\" href='https:\/\/linkedin.com\/shareArticle?mini=true&#038;title=Gobierno%20promueve%20beneficios%20del%20programa%20de%20Arborizaci%C3%B3n%20de%20CONAF&#038;url=https:\/\/radiorevelacionfm.cl\/?p=40952' aria-hidden='false' data-av_icon='\ue8fc' data-av_iconfont='entypo-fontello' title='' data-avia-related-tooltip='Compartir en LinkedIn' rel=\"noopener\"><span class='avia_hidden_link_text'>Compartir en LinkedIn<\/span><\/a><\/li><li class='av-share-link av-social-link-mail' ><a  aria-label=\"Compartir por correo\" href='mailto:?subject=Gobierno%20promueve%20beneficios%20del%20programa%20de%20Arborizaci%C3%B3n%20de%20CONAF&#038;body=https:\/\/radiorevelacionfm.cl\/?p=40952' aria-hidden='false' data-av_icon='\ue805' data-av_iconfont='entypo-fontello' title='' data-avia-related-tooltip='Compartir por correo'><span class='avia_hidden_link_text'>Compartir por correo<\/span><\/a><\/li><\/ul><\/div><\/div>\n<div  style='height:50px' class='hr hr-invisible   avia-builder-el-8  el_after_av_social_share  el_before_av_comments_list '><span class='hr-inner ' ><span class='hr-inner-style'><\/span><\/span><\/div>\n<div  class='av-buildercomment  av-blog-meta-html-info-disabled av-blog-meta-tag-disabled  '><\/div>\n","protected":false},"excerpt":{"rendered":"","protected":false},"author":1,"featured_media":40953,"comment_status":"open","ping_status":"open","sticky":false,"template":"","format":"standard","meta":{"footnotes":""},"categories":[38],"tags":[],"class_list":["post-40952","post","type-post","status-publish","format-standard","has-post-thumbnail","hentry","category-regional"],"jetpack_featured_media_url":"https:\/\/radiorevelacionfm.cl\/wp-content\/uploads\/2024\/04\/img_2745-1_optimized-1.jpg","_links":{"self":[{"href":"https:\/\/radiorevelacionfm.cl\/index.php?rest_route=\/wp\/v2\/posts\/40952","targetHints":{"allow":["GET"]}}],"collection":[{"href":"https:\/\/radiorevelacionfm.cl\/index.php?rest_route=\/wp\/v2\/posts"}],"about":[{"href":"https:\/\/radiorevelacionfm.cl\/index.php?rest_route=\/wp\/v2\/types\/post"}],"author":[{"embeddable":true,"href":"https:\/\/radiorevelacionfm.cl\/index.php?rest_route=\/wp\/v2\/users\/1"}],"replies":[{"embeddable":true,"href":"https:\/\/radiorevelacionfm.cl\/index.php?rest_route=%2Fwp%2Fv2%2Fcomments&post=40952"}],"version-history":[{"count":1,"href":"https:\/\/radiorevelacionfm.cl\/index.php?rest_route=\/wp\/v2\/posts\/40952\/revisions"}],"predecessor-version":[{"id":40954,"href":"https:\/\/radiorevelacionfm.cl\/index.php?rest_route=\/wp\/v2\/posts\/40952\/revisions\/40954"}],"wp:featuredmedia":[{"embeddable":true,"href":"https:\/\/radiorevelacionfm.cl\/index.php?rest_route=\/wp\/v2\/media\/40953"}],"wp:attachment":[{"href":"https:\/\/radiorevelacionfm.cl\/index.php?rest_route=%2Fwp%2Fv2%2Fmedia&parent=40952"}],"wp:term":[{"taxonomy":"category","embeddable":true,"href":"https:\/\/radiorevelacionfm.cl\/index.php?rest_route=%2Fwp%2Fv2%2Fcategories&post=40952"},{"taxonomy":"post_tag","embeddable":true,"href":"https:\/\/radiorevelacionfm.cl\/index.php?rest_route=%2Fwp%2Fv2%2Ftags&post=40952"}],"curies":[{"name":"wp","href":"https:\/\/api.w.org\/{rel}","templated":true}]}}