{"id":40949,"date":"2024-04-03T11:08:46","date_gmt":"2024-04-03T14:08:46","guid":{"rendered":"https:\/\/radiorevelacionfm.cl\/?p=40949"},"modified":"2024-04-03T11:08:46","modified_gmt":"2024-04-03T14:08:46","slug":"ponen-en-marcha-nueva-especialidad-para-apoyar-a-odontologos-de-la-red-asistencial","status":"publish","type":"post","link":"https:\/\/radiorevelacionfm.cl\/?p=40949","title":{"rendered":"Ponen en marcha nueva especialidad para apoyar a odont\u00f3logos de la Red Asistencial"},"content":{"rendered":"<div class=\"flex_column av_one_full  flex_column_div av-zero-column-padding first  avia-builder-el-0  el_before_av_one_full  avia-builder-el-first  \" style='border-radius:0px; '><div  class='avia-image-container  av-styling-    avia-builder-el-1  avia-builder-el-no-sibling  avia-align-center '  itemprop=\"image\" itemscope=\"itemscope\" itemtype=\"https:\/\/schema.org\/ImageObject\"  ><div class='avia-image-container-inner'><div class='avia-image-overlay-wrap'><img decoding=\"async\" class='wp-image-40950 avia-img-lazy-loading-not-40950 avia_image' src=\"https:\/\/radiorevelacionfm.cl\/wp-content\/uploads\/2024\/04\/temporomandibular-1-1_optimized.jpg\" alt='' title='temporomandibular-(1)-(1)_optimized' height=\"600\" width=\"1348\"  itemprop=\"thumbnailUrl\" srcset=\"https:\/\/radiorevelacionfm.cl\/wp-content\/uploads\/2024\/04\/temporomandibular-1-1_optimized.jpg 1348w, https:\/\/radiorevelacionfm.cl\/wp-content\/uploads\/2024\/04\/temporomandibular-1-1_optimized-300x134.jpg 300w, https:\/\/radiorevelacionfm.cl\/wp-content\/uploads\/2024\/04\/temporomandibular-1-1_optimized-1030x458.jpg 1030w, https:\/\/radiorevelacionfm.cl\/wp-content\/uploads\/2024\/04\/temporomandibular-1-1_optimized-768x342.jpg 768w, https:\/\/radiorevelacionfm.cl\/wp-content\/uploads\/2024\/04\/temporomandibular-1-1_optimized-705x314.jpg 705w, https:\/\/radiorevelacionfm.cl\/wp-content\/uploads\/2024\/04\/temporomandibular-1-1_optimized-450x200.jpg 450w, https:\/\/radiorevelacionfm.cl\/wp-content\/uploads\/2024\/04\/temporomandibular-1-1_optimized-600x267.jpg 600w\" sizes=\"(max-width: 1348px) 100vw, 1348px\" \/><\/div><\/div><\/div><\/div><div class=\"flex_column av_one_full  flex_column_div av-zero-column-padding first  avia-builder-el-2  el_after_av_one_full  el_before_av_one_full  column-top-margin\" style='border-radius:0px; '><section class=\"av_textblock_section \"  itemscope=\"itemscope\" itemtype=\"https:\/\/schema.org\/BlogPosting\" itemprop=\"blogPost\" ><div class='avia_textblock  '   itemprop=\"text\" ><p style=\"text-align: center;\"><strong><span style=\"font-size: 18pt;\">Ponen en marcha nueva especialidad para apoyar a odont\u00f3logos de la Red Asistencial<\/span><\/strong><\/p>\n<div id=\"gtx-trans\" style=\"position: absolute; left: -50px; top: 4.31534px;\">\n<div class=\"gtx-trans-icon\"><\/div>\n<\/div>\n<\/div><\/section><\/div><div class=\"flex_column av_one_full  flex_column_div av-zero-column-padding first  avia-builder-el-4  el_after_av_one_full  el_before_av_hr  column-top-margin\" style='border-radius:0px; '><section class=\"av_textblock_section \"  itemscope=\"itemscope\" itemtype=\"https:\/\/schema.org\/BlogPosting\" itemprop=\"blogPost\" ><div class='avia_textblock  '   itemprop=\"text\" ><p><em> Odont\u00f3logos de la Red Asistencial SSA recibieron capacitaci\u00f3n en este tipo de prestaciones.<\/em><\/p>\n<p style=\"text-align: justify;\">Con el objetivo de seguir brindando mayores prestaciones a las y los usuarios del Servicio de Salud Ays\u00e9n, a contar del 1 de abril la plataforma de Hospital Digital del SSA cuenta con una nueva especialidad denominada \u00abTrastorno temporomandibular\u201d (TTM), iniciativa en apoyo a los odont\u00f3logos de la Red Asistencial.<\/p>\n<p style=\"text-align: justify;\">\u201cEsta especialidad tiene que ver con todas las afecciones que est\u00e1n da\u00f1ando o provocando una alteraci\u00f3n en la articulaci\u00f3n temporomandibular y todas las estructuras que est\u00e1n asociadas y afecta principalmente a personas entre 20 a 40 a\u00f1os. Presentan mucho dolor, discapacidad funcional, lo que hace que afecten la calidad de vida\u201d, manifest\u00f3 Jenny Obando Latorre, Referente de Salud Digital del Servicio de Salud Ays\u00e9n.<\/p>\n<p style=\"text-align: justify;\">Para el inicio de las atenciones se capacitaron a todos los odont\u00f3logos de la Red, con el fin de realizar las derivaciones a la especialista Camila Burdach, del Servicio de Salud de Los Lagos, con quien se ha logrado dar respuesta a las interconsultas y dudas en esta materia.<\/p>\n<p style=\"text-align: justify;\">\u201cEste dolor orofacial cr\u00f3nico que origina los trastornos temporomandibulares, puede ser manejados hasta cierto punto, mediante diversas estrategias por v\u00eda Telemedicina, lo que permite una atenci\u00f3n y seguimiento de los casos en todos los establecimientos de salud de la regi\u00f3n de Ays\u00e9n\u201d, agreg\u00f3 Obando.<\/p>\n<p style=\"text-align: justify;\">Cabe mencionar que, en la regi\u00f3n no se contaba con este tipo de especialidad, por lo que la brecha en esta enfermedad estar\u00e1 a cargo de los referentes y profesionales de Salud Digital.<\/p>\n<p style=\"text-align: justify;\">Dentro de las estrategias de tratamiento se encuentran: educaci\u00f3n para el usuario, indicaciones de autocuidado y reposo, terapia farmacol\u00f3gica, terapia bioconductual, fisioterapia, solicitud y revisi\u00f3n de ex\u00e1menes de laboratorio e imagenolog\u00eda.<\/p>\n<\/div><\/section><\/div><div  style='height:50px' class='hr hr-invisible   avia-builder-el-6  el_after_av_one_full  el_before_av_social_share '><span class='hr-inner ' ><span class='hr-inner-style'><\/span><\/span><\/div><\/p>\n<div  class='av-social-sharing-box  avia-builder-el-7  el_after_av_hr  el_before_av_hr  '><div class='av-share-box'><h5 class='av-share-link-description av-no-toc '>Compartir esta noticia<\/h5><ul class='av-share-box-list noLightbox'><li class='av-share-link av-social-link-facebook' ><a target=\"_blank\" aria-label=\"Compartir en Facebook\" href='https:\/\/www.facebook.com\/sharer.php?u=https:\/\/radiorevelacionfm.cl\/?p=40949&#038;t=Ponen%20en%20marcha%20nueva%20especialidad%20para%20apoyar%20a%20odont%C3%B3logos%20de%20la%20Red%20Asistencial' aria-hidden='false' data-av_icon='\ue8f3' data-av_iconfont='entypo-fontello' title='' data-avia-related-tooltip='Compartir en Facebook' rel=\"noopener\"><span class='avia_hidden_link_text'>Compartir en Facebook<\/span><\/a><\/li><li class='av-share-link av-social-link-twitter' ><a target=\"_blank\" aria-label=\"Compartir en Twitter\" href='https:\/\/twitter.com\/share?text=Ponen%20en%20marcha%20nueva%20especialidad%20para%20apoyar%20a%20odont%C3%B3logos%20de%20la%20Red%20Asistencial&#038;url=https:\/\/radiorevelacionfm.cl\/?p=40949' aria-hidden='false' data-av_icon='\ue8f1' data-av_iconfont='entypo-fontello' title='' data-avia-related-tooltip='Compartir en Twitter' rel=\"noopener\"><span class='avia_hidden_link_text'>Compartir en Twitter<\/span><\/a><\/li><li class='av-share-link av-social-link-whatsapp' ><a target=\"_blank\" aria-label=\"Compartir en Whatsapp\" href='https:\/\/api.whatsapp.com\/send?text=https:\/\/radiorevelacionfm.cl\/?p=40949' aria-hidden='false' data-av_icon='\uf232' data-av_iconfont='entypo-fontello' title='' data-avia-related-tooltip='Compartir en Whatsapp' rel=\"noopener\"><span class='avia_hidden_link_text'>Compartir en Whatsapp<\/span><\/a><\/li><li class='av-share-link av-social-link-linkedin' ><a target=\"_blank\" aria-label=\"Compartir en LinkedIn\" href='https:\/\/linkedin.com\/shareArticle?mini=true&#038;title=Ponen%20en%20marcha%20nueva%20especialidad%20para%20apoyar%20a%20odont%C3%B3logos%20de%20la%20Red%20Asistencial&#038;url=https:\/\/radiorevelacionfm.cl\/?p=40949' aria-hidden='false' data-av_icon='\ue8fc' data-av_iconfont='entypo-fontello' title='' data-avia-related-tooltip='Compartir en LinkedIn' rel=\"noopener\"><span class='avia_hidden_link_text'>Compartir en LinkedIn<\/span><\/a><\/li><li class='av-share-link av-social-link-mail' ><a  aria-label=\"Compartir por correo\" href='mailto:?subject=Ponen%20en%20marcha%20nueva%20especialidad%20para%20apoyar%20a%20odont%C3%B3logos%20de%20la%20Red%20Asistencial&#038;body=https:\/\/radiorevelacionfm.cl\/?p=40949' aria-hidden='false' data-av_icon='\ue805' data-av_iconfont='entypo-fontello' title='' data-avia-related-tooltip='Compartir por correo'><span class='avia_hidden_link_text'>Compartir por correo<\/span><\/a><\/li><\/ul><\/div><\/div>\n<div  style='height:50px' class='hr hr-invisible   avia-builder-el-8  el_after_av_social_share  el_before_av_comments_list '><span class='hr-inner ' ><span class='hr-inner-style'><\/span><\/span><\/div>\n<div  class='av-buildercomment  av-blog-meta-html-info-disabled av-blog-meta-tag-disabled  '><\/div>\n","protected":false},"excerpt":{"rendered":"","protected":false},"author":1,"featured_media":40950,"comment_status":"open","ping_status":"open","sticky":false,"template":"","format":"standard","meta":{"footnotes":""},"categories":[46],"tags":[],"class_list":["post-40949","post","type-post","status-publish","format-standard","has-post-thumbnail","hentry","category-salud"],"jetpack_featured_media_url":"https:\/\/radiorevelacionfm.cl\/wp-content\/uploads\/2024\/04\/temporomandibular-1-1_optimized.jpg","_links":{"self":[{"href":"https:\/\/radiorevelacionfm.cl\/index.php?rest_route=\/wp\/v2\/posts\/40949","targetHints":{"allow":["GET"]}}],"collection":[{"href":"https:\/\/radiorevelacionfm.cl\/index.php?rest_route=\/wp\/v2\/posts"}],"about":[{"href":"https:\/\/radiorevelacionfm.cl\/index.php?rest_route=\/wp\/v2\/types\/post"}],"author":[{"embeddable":true,"href":"https:\/\/radiorevelacionfm.cl\/index.php?rest_route=\/wp\/v2\/users\/1"}],"replies":[{"embeddable":true,"href":"https:\/\/radiorevelacionfm.cl\/index.php?rest_route=%2Fwp%2Fv2%2Fcomments&post=40949"}],"version-history":[{"count":1,"href":"https:\/\/radiorevelacionfm.cl\/index.php?rest_route=\/wp\/v2\/posts\/40949\/revisions"}],"predecessor-version":[{"id":40951,"href":"https:\/\/radiorevelacionfm.cl\/index.php?rest_route=\/wp\/v2\/posts\/40949\/revisions\/40951"}],"wp:featuredmedia":[{"embeddable":true,"href":"https:\/\/radiorevelacionfm.cl\/index.php?rest_route=\/wp\/v2\/media\/40950"}],"wp:attachment":[{"href":"https:\/\/radiorevelacionfm.cl\/index.php?rest_route=%2Fwp%2Fv2%2Fmedia&parent=40949"}],"wp:term":[{"taxonomy":"category","embeddable":true,"href":"https:\/\/radiorevelacionfm.cl\/index.php?rest_route=%2Fwp%2Fv2%2Fcategories&post=40949"},{"taxonomy":"post_tag","embeddable":true,"href":"https:\/\/radiorevelacionfm.cl\/index.php?rest_route=%2Fwp%2Fv2%2Ftags&post=40949"}],"curies":[{"name":"wp","href":"https:\/\/api.w.org\/{rel}","templated":true}]}}