{"id":40946,"date":"2024-04-02T21:06:14","date_gmt":"2024-04-03T00:06:14","guid":{"rendered":"https:\/\/radiorevelacionfm.cl\/?p=40946"},"modified":"2024-04-02T21:06:14","modified_gmt":"2024-04-03T00:06:14","slug":"salud-suma-nuevo-anticuerpo-monoclonal-para-proteccion-de-recien-nacidos-y-lactantes-contra-virus-respiratorio-sincicial","status":"publish","type":"post","link":"https:\/\/radiorevelacionfm.cl\/?p=40946","title":{"rendered":"Salud suma nuevo anticuerpo monoclonal para protecci\u00f3n de reci\u00e9n nacidos y lactantes contra virus respiratorio sincicial"},"content":{"rendered":"<div class=\"flex_column av_one_full  flex_column_div av-zero-column-padding first  avia-builder-el-0  el_before_av_one_full  avia-builder-el-first  \" style='border-radius:0px; '><div  class='avia-image-container  av-styling-    avia-builder-el-1  avia-builder-el-no-sibling  avia-align-center '  itemprop=\"image\" itemscope=\"itemscope\" itemtype=\"https:\/\/schema.org\/ImageObject\"  ><div class='avia-image-container-inner'><div class='avia-image-overlay-wrap'><img decoding=\"async\" class='wp-image-40947 avia-img-lazy-loading-not-40947 avia_image' src=\"https:\/\/radiorevelacionfm.cl\/wp-content\/uploads\/2024\/04\/incolacion-anticuerpo-1-1.jpg\" alt='' title='incolaci\u00f3n anticuerpo (1) (1)' height=\"600\" width=\"796\"  itemprop=\"thumbnailUrl\" srcset=\"https:\/\/radiorevelacionfm.cl\/wp-content\/uploads\/2024\/04\/incolacion-anticuerpo-1-1.jpg 796w, https:\/\/radiorevelacionfm.cl\/wp-content\/uploads\/2024\/04\/incolacion-anticuerpo-1-1-300x226.jpg 300w, https:\/\/radiorevelacionfm.cl\/wp-content\/uploads\/2024\/04\/incolacion-anticuerpo-1-1-768x579.jpg 768w, https:\/\/radiorevelacionfm.cl\/wp-content\/uploads\/2024\/04\/incolacion-anticuerpo-1-1-705x531.jpg 705w, https:\/\/radiorevelacionfm.cl\/wp-content\/uploads\/2024\/04\/incolacion-anticuerpo-1-1-450x339.jpg 450w, https:\/\/radiorevelacionfm.cl\/wp-content\/uploads\/2024\/04\/incolacion-anticuerpo-1-1-600x452.jpg 600w\" sizes=\"(max-width: 796px) 100vw, 796px\" \/><\/div><\/div><\/div><\/div><div class=\"flex_column av_one_full  flex_column_div av-zero-column-padding first  avia-builder-el-2  el_after_av_one_full  el_before_av_one_full  column-top-margin\" style='border-radius:0px; '><section class=\"av_textblock_section \"  itemscope=\"itemscope\" itemtype=\"https:\/\/schema.org\/BlogPosting\" itemprop=\"blogPost\" ><div class='avia_textblock  '   itemprop=\"text\" ><p style=\"text-align: center;\"><span style=\"font-size: 18pt;\"><strong>Salud suma nuevo anticuerpo monoclonal para protecci\u00f3n de reci\u00e9n nacidos y lactantes contra virus respiratorio sincicial <\/strong><\/span><\/p>\n<div id=\"gtx-trans\" style=\"position: absolute; left: -50px; top: 4.31534px;\">\n<div class=\"gtx-trans-icon\"><\/div>\n<\/div>\n<\/div><\/section><\/div><div class=\"flex_column av_one_full  flex_column_div av-zero-column-padding first  avia-builder-el-4  el_after_av_one_full  el_before_av_hr  column-top-margin\" style='border-radius:0px; '><section class=\"av_textblock_section \"  itemscope=\"itemscope\" itemtype=\"https:\/\/schema.org\/BlogPosting\" itemprop=\"blogPost\" ><div class='avia_textblock  '   itemprop=\"text\" ><p style=\"text-align: justify;\"><em>La entrega gratuita de este medicamento constituye un avance hist\u00f3rico en la prevenci\u00f3n de la morbilidad grave y mortalidad por el Virus Respiratorio Sincicial (VRS), logrando reducir hospitalizaciones por este virus en un 70% sobre la poblaci\u00f3n de riesgo.<\/em><\/p>\n<p style=\"text-align: justify;\">Hasta el servicio de maternidad del Hospital Regional Coyhaique, se trasladaron autoridades regionales para reforzar la importancia de la administraci\u00f3n del anticuerpo monoclonal Nirsevimab contra el Virus Respiratorio Sincicial (VRS) &#8211; una de las causas principales de infecci\u00f3n aguda de las v\u00edas respiratorias inferiores en lactantes y ni\u00f1os peque\u00f1os en todo el mundo &#8211; raz\u00f3n por la cual, la llegada de este medicamento constituye un importante avance cl\u00ednico en el resguardo de la salud de lactantes y reci\u00e9n nacidos del pa\u00eds y la regi\u00f3n de Ays\u00e9n.<\/p>\n<p style=\"text-align: justify;\">Un hecho que fue destacado por la Seremi de Salud Ays\u00e9n, Carmen Monsalve G\u00f3mez. \u201cComo Gobierno y como Ministerio, estamos completamente felices, porque vamos a cambiar radicalmente la forma en que nuestro pa\u00eds ha enfrentado los inviernos respecto a lo que ha ocurrido en los a\u00f1os anteriores, particularmente con la afectaci\u00f3n de los ni\u00f1os menores de un a\u00f1o. Hoy, con la incorporaci\u00f3n del Nirsevimab que es un anticuerpo que va a permitir proteger a todos los ni\u00f1os reci\u00e9n nacidos y menores de 6 meses de enfermar o morir por el virus respiratorio sincicial, estamos m\u00e1s preparados para hacer frente a una de las enfermedades que m\u00e1s da\u00f1o causa a los menores de un a\u00f1o en nuestro pa\u00eds\u201d.<\/p>\n<p style=\"text-align: justify;\">De esta forma, una de las primeras personas en recibir este medicamento fue Isabella Garay, una reci\u00e9n nacida, quien junto a su madre fueron visitadas por el Delegado Presidencial Regional, la Seremi y profesionales del \u00e1rea de la salud, quienes destacaron la importancia en la administraci\u00f3n de este anticuerpo contra el Virus Sincicial, el cual durante el a\u00f1o 2023, implic\u00f3 que 17 ni\u00f1os (menores de 5 a\u00f1os) fueran trasladados desde el Hospital Regional Coyhaique a otras regiones del pa\u00eds a consecuencia de esta enfermedad. Tal como lo manifest\u00f3 el Delegado Presidencial Regional, Rodrigo Araya Morales.\u00a0 \u201cEl a\u00f1o pasado tuvimos un aumento de casos explosivo en nuestro pa\u00eds y en nuestra regi\u00f3n, donde muchos ni\u00f1os tuvieron que ser trasladados, justamente para recibir un tratamiento adecuado. Una inmunizaci\u00f3n con un anticuerpo monoclonal, otorga una defensa directa que a la hora de inocularse, que ya est\u00e1 siendo efectiva en cada uno de los ni\u00f1os que van a recibirla. Este es un medicamento distinto a las vacunas, produce la inmunidad de inmediato, y va a proteger contra esta terrible enfermedad que provoca el virus sincicial\u201d.<\/p>\n<p style=\"text-align: justify;\">En nuestra regi\u00f3n, todos los dispositivos de la red cuentan con este medicamento, por lo que el llamado es a todas las madres, padres, cuidadores de ni\u00f1os que han nacido desde el 01 de octubre a la fecha que puedan acceder a cualquiera de los dispositivos de la red asistencial para obtener esta protecci\u00f3n inmediata. As\u00ed lo expres\u00f3 la Doctora Antonella Trevigno Bravo, representante del Servicio de Salud Ays\u00e9n. \u201cQuiero hacer un llamado a todas las familias para que se acerquen a su CESFAM, a sus consultorios para la administraci\u00f3n de este anticuerpo porque este medicamento ya est\u00e1 distribuido en toda la regi\u00f3n de Ays\u00e9n, por lo que se requiere la colaboraci\u00f3n de todas las familias. Estamos adportas de la campa\u00f1a de invierno, por lo tanto, va a tener un impacto significativo y en la carga asistencial en los servicios de urgencia\u201d.<\/p>\n<p style=\"text-align: justify;\">Finalmente, el Director (s) del Hospital Regional Coyhaique, Daniel Jara, expres\u00f3 su satisfacci\u00f3n por la llegada de este medicamento que contribuir\u00e1 a disminuir los traslados de pacientes a otras zonas del pa\u00eds. \u201cSolo manifestar nuestra alegr\u00eda de esta oportunidad de vanguardia que se le est\u00e1 dando a nuestra comunidad, a nuestros ni\u00f1os, porque adem\u00e1s de entregar inmunidad inmediata; a nosotros, como equipo, nos deja una oportunidad de trabajo mucho m\u00e1s relajada frente al stress que significa manejar pacientes pedi\u00e1tricos. Para nosotros, es una oportunidad de dar tranquilidad a los padres frente a lo que significa eventualmente un traslado extrarregional, el desarraigo de la familia, que implica toda una vor\u00e1gine de procesos que ocurren dentro del n\u00facleo familiar, y ahora tenemos la esperanza que estos procesos sean disminuidos y ojal\u00e1 eliminados durante este invierno que se avecina prontamente\u201d.<\/p>\n<p style=\"text-align: justify;\">Durante el a\u00f1o 2023, a nivel regional se registraron 414 casos por Virus Sincicial Respiratorio, donde 17 menores debieron ser trasladados fuera de la regi\u00f3n por esta enfermedad, quienes fueron recuperados exitosamente gracias a los cuidados cl\u00ednicos que recibieron en su oportunidad.<\/p>\n<p style=\"text-align: justify;\"><strong>Poblaci\u00f3n objetivo <\/strong><\/p>\n<p style=\"text-align: justify;\">&#8211; Reci\u00e9n nacidos<\/p>\n<p style=\"text-align: justify;\">&#8211; Lactantes nacidos a partir del 1 de octubre 2023.<\/p>\n<p style=\"text-align: justify;\">&#8211; Lactantes que en a\u00f1os anteriores eran beneficiados por la Ley Ricarte Soto (LRS) para palivizumab, hasta los 24\u00a0 meses de vida (seg\u00fan edad cronol\u00f3gica):<\/p>\n<p style=\"text-align: justify;\">&#8211; Lactantes beneficiados para Palivizumab en campa\u00f1a de invierno 2023, hasta los 24 meses de vida (seg\u00fan edad cronol\u00f3gica).<\/p>\n<p style=\"text-align: justify;\"><strong>Nirsevimab<\/strong><\/p>\n<p style=\"text-align: justify;\">Este es un medicamento del tipo \u201canticuerpo monoclonal recombinante humano con actividad contra el virus sincitial respiratorio\u201d. Su mecanismo de acci\u00f3n es por medio de su uni\u00f3n a la superficie del VRS (prote\u00edna F), impidiendo que este ingrese a las c\u00e9lulas humanas. Se administra en dosis \u00fanica por v\u00eda intramuscular (igual que las vacunas), y los efectos secundarios m\u00e1s comunes descritos son erupci\u00f3n cut\u00e1nea, fiebre e hinchaz\u00f3n en el punto de inyecci\u00f3n en las primeras dos semanas desde su administraci\u00f3n, con muy baja frecuencia.<\/p>\n<\/div><\/section><\/div><div  style='height:50px' class='hr hr-invisible   avia-builder-el-6  el_after_av_one_full  el_before_av_social_share '><span class='hr-inner ' ><span class='hr-inner-style'><\/span><\/span><\/div><\/p>\n<div  class='av-social-sharing-box  avia-builder-el-7  el_after_av_hr  el_before_av_hr  '><div class='av-share-box'><h5 class='av-share-link-description av-no-toc '>Compartir esta noticia<\/h5><ul class='av-share-box-list noLightbox'><li class='av-share-link av-social-link-facebook' ><a target=\"_blank\" aria-label=\"Compartir en Facebook\" href='https:\/\/www.facebook.com\/sharer.php?u=https:\/\/radiorevelacionfm.cl\/?p=40946&#038;t=Salud%20suma%20nuevo%20anticuerpo%20monoclonal%20para%20protecci%C3%B3n%20de%20reci%C3%A9n%20nacidos%20y%20lactantes%20contra%20virus%20respiratorio%20sincicial' aria-hidden='false' data-av_icon='\ue8f3' data-av_iconfont='entypo-fontello' title='' data-avia-related-tooltip='Compartir en Facebook' rel=\"noopener\"><span class='avia_hidden_link_text'>Compartir en Facebook<\/span><\/a><\/li><li class='av-share-link av-social-link-twitter' ><a target=\"_blank\" aria-label=\"Compartir en Twitter\" href='https:\/\/twitter.com\/share?text=Salud%20suma%20nuevo%20anticuerpo%20monoclonal%20para%20protecci%C3%B3n%20de%20reci%C3%A9n%20nacidos%20y%20lactantes%20contra%20virus%20respiratorio%20sincicial&#038;url=https:\/\/radiorevelacionfm.cl\/?p=40946' aria-hidden='false' data-av_icon='\ue8f1' data-av_iconfont='entypo-fontello' title='' data-avia-related-tooltip='Compartir en Twitter' rel=\"noopener\"><span class='avia_hidden_link_text'>Compartir en Twitter<\/span><\/a><\/li><li class='av-share-link av-social-link-whatsapp' ><a target=\"_blank\" aria-label=\"Compartir en Whatsapp\" href='https:\/\/api.whatsapp.com\/send?text=https:\/\/radiorevelacionfm.cl\/?p=40946' aria-hidden='false' data-av_icon='\uf232' data-av_iconfont='entypo-fontello' title='' data-avia-related-tooltip='Compartir en Whatsapp' rel=\"noopener\"><span class='avia_hidden_link_text'>Compartir en Whatsapp<\/span><\/a><\/li><li class='av-share-link av-social-link-linkedin' ><a target=\"_blank\" aria-label=\"Compartir en LinkedIn\" href='https:\/\/linkedin.com\/shareArticle?mini=true&#038;title=Salud%20suma%20nuevo%20anticuerpo%20monoclonal%20para%20protecci%C3%B3n%20de%20reci%C3%A9n%20nacidos%20y%20lactantes%20contra%20virus%20respiratorio%20sincicial&#038;url=https:\/\/radiorevelacionfm.cl\/?p=40946' aria-hidden='false' data-av_icon='\ue8fc' data-av_iconfont='entypo-fontello' title='' data-avia-related-tooltip='Compartir en LinkedIn' rel=\"noopener\"><span class='avia_hidden_link_text'>Compartir en LinkedIn<\/span><\/a><\/li><li class='av-share-link av-social-link-mail' ><a  aria-label=\"Compartir por correo\" href='mailto:?subject=Salud%20suma%20nuevo%20anticuerpo%20monoclonal%20para%20protecci%C3%B3n%20de%20reci%C3%A9n%20nacidos%20y%20lactantes%20contra%20virus%20respiratorio%20sincicial&#038;body=https:\/\/radiorevelacionfm.cl\/?p=40946' aria-hidden='false' data-av_icon='\ue805' data-av_iconfont='entypo-fontello' title='' data-avia-related-tooltip='Compartir por correo'><span class='avia_hidden_link_text'>Compartir por correo<\/span><\/a><\/li><\/ul><\/div><\/div>\n<div  style='height:50px' class='hr hr-invisible   avia-builder-el-8  el_after_av_social_share  el_before_av_comments_list '><span class='hr-inner ' ><span class='hr-inner-style'><\/span><\/span><\/div>\n<div  class='av-buildercomment  av-blog-meta-html-info-disabled av-blog-meta-tag-disabled  '><\/div>\n","protected":false},"excerpt":{"rendered":"","protected":false},"author":1,"featured_media":40947,"comment_status":"open","ping_status":"open","sticky":false,"template":"","format":"standard","meta":{"footnotes":""},"categories":[46],"tags":[],"class_list":["post-40946","post","type-post","status-publish","format-standard","has-post-thumbnail","hentry","category-salud"],"jetpack_featured_media_url":"https:\/\/radiorevelacionfm.cl\/wp-content\/uploads\/2024\/04\/incolacion-anticuerpo-1-1.jpg","_links":{"self":[{"href":"https:\/\/radiorevelacionfm.cl\/index.php?rest_route=\/wp\/v2\/posts\/40946","targetHints":{"allow":["GET"]}}],"collection":[{"href":"https:\/\/radiorevelacionfm.cl\/index.php?rest_route=\/wp\/v2\/posts"}],"about":[{"href":"https:\/\/radiorevelacionfm.cl\/index.php?rest_route=\/wp\/v2\/types\/post"}],"author":[{"embeddable":true,"href":"https:\/\/radiorevelacionfm.cl\/index.php?rest_route=\/wp\/v2\/users\/1"}],"replies":[{"embeddable":true,"href":"https:\/\/radiorevelacionfm.cl\/index.php?rest_route=%2Fwp%2Fv2%2Fcomments&post=40946"}],"version-history":[{"count":1,"href":"https:\/\/radiorevelacionfm.cl\/index.php?rest_route=\/wp\/v2\/posts\/40946\/revisions"}],"predecessor-version":[{"id":40948,"href":"https:\/\/radiorevelacionfm.cl\/index.php?rest_route=\/wp\/v2\/posts\/40946\/revisions\/40948"}],"wp:featuredmedia":[{"embeddable":true,"href":"https:\/\/radiorevelacionfm.cl\/index.php?rest_route=\/wp\/v2\/media\/40947"}],"wp:attachment":[{"href":"https:\/\/radiorevelacionfm.cl\/index.php?rest_route=%2Fwp%2Fv2%2Fmedia&parent=40946"}],"wp:term":[{"taxonomy":"category","embeddable":true,"href":"https:\/\/radiorevelacionfm.cl\/index.php?rest_route=%2Fwp%2Fv2%2Fcategories&post=40946"},{"taxonomy":"post_tag","embeddable":true,"href":"https:\/\/radiorevelacionfm.cl\/index.php?rest_route=%2Fwp%2Fv2%2Ftags&post=40946"}],"curies":[{"name":"wp","href":"https:\/\/api.w.org\/{rel}","templated":true}]}}