{"id":40943,"date":"2024-04-02T22:12:03","date_gmt":"2024-04-03T01:12:03","guid":{"rendered":"https:\/\/radiorevelacionfm.cl\/?p=40943"},"modified":"2024-04-02T22:12:03","modified_gmt":"2024-04-03T01:12:03","slug":"cientificos-e-investigadores-exploraran-presencia-de-fosil-viviente-en-aysen","status":"publish","type":"post","link":"https:\/\/radiorevelacionfm.cl\/?p=40943","title":{"rendered":"Cient\u00edficos e investigadores explorar\u00e1n presencia de f\u00f3sil viviente en Ays\u00e9n"},"content":{"rendered":"<div class=\"flex_column av_one_full  flex_column_div av-zero-column-padding first  avia-builder-el-0  el_before_av_one_full  avia-builder-el-first  \" style='border-radius:0px; '><div  class='avia-image-container  av-styling-    avia-builder-el-1  avia-builder-el-no-sibling  avia-align-center '  itemprop=\"image\" itemscope=\"itemscope\" itemtype=\"https:\/\/schema.org\/ImageObject\"  ><div class='avia-image-container-inner'><div class='avia-image-overlay-wrap'><img decoding=\"async\" class='wp-image-40944 avia-img-lazy-loading-not-40944 avia_image' src=\"https:\/\/radiorevelacionfm.cl\/wp-content\/uploads\/2024\/04\/foto-1-36-1_optimized-1-1.jpg\" alt='' title='foto-1-(36)-(1)_optimized (1) (1)' height=\"600\" width=\"800\"  itemprop=\"thumbnailUrl\" srcset=\"https:\/\/radiorevelacionfm.cl\/wp-content\/uploads\/2024\/04\/foto-1-36-1_optimized-1-1.jpg 800w, https:\/\/radiorevelacionfm.cl\/wp-content\/uploads\/2024\/04\/foto-1-36-1_optimized-1-1-300x225.jpg 300w, https:\/\/radiorevelacionfm.cl\/wp-content\/uploads\/2024\/04\/foto-1-36-1_optimized-1-1-768x576.jpg 768w, https:\/\/radiorevelacionfm.cl\/wp-content\/uploads\/2024\/04\/foto-1-36-1_optimized-1-1-705x529.jpg 705w, https:\/\/radiorevelacionfm.cl\/wp-content\/uploads\/2024\/04\/foto-1-36-1_optimized-1-1-450x338.jpg 450w, https:\/\/radiorevelacionfm.cl\/wp-content\/uploads\/2024\/04\/foto-1-36-1_optimized-1-1-600x450.jpg 600w\" sizes=\"(max-width: 800px) 100vw, 800px\" \/><\/div><\/div><\/div><\/div><div class=\"flex_column av_one_full  flex_column_div av-zero-column-padding first  avia-builder-el-2  el_after_av_one_full  el_before_av_one_full  column-top-margin\" style='border-radius:0px; '><section class=\"av_textblock_section \"  itemscope=\"itemscope\" itemtype=\"https:\/\/schema.org\/BlogPosting\" itemprop=\"blogPost\" ><div class='avia_textblock  '   itemprop=\"text\" ><p style=\"text-align: center;\"><strong><span style=\"font-size: 18pt;\">Cient\u00edficos e investigadores explorar\u00e1n presencia de f\u00f3sil viviente en Ays\u00e9n<\/span><\/strong><\/p>\n<div id=\"gtx-trans\" style=\"position: absolute; left: -50px; top: 4.31534px;\">\n<div class=\"gtx-trans-icon\"><\/div>\n<\/div>\n<\/div><\/section><\/div><div class=\"flex_column av_one_full  flex_column_div av-zero-column-padding first  avia-builder-el-4  el_after_av_one_full  el_before_av_hr  column-top-margin\" style='border-radius:0px; '><section class=\"av_textblock_section \"  itemscope=\"itemscope\" itemtype=\"https:\/\/schema.org\/BlogPosting\" itemprop=\"blogPost\" ><div class='avia_textblock  '   itemprop=\"text\" ><p style=\"text-align: justify;\"><em>La Corporaci\u00f3n Nacional Forestal (CONAF), el Centro de Investigaciones en Ecosistemas de la Patagonia (CIEP) y la Universidad Austral de Chile, han unido esfuerzos para la realizaci\u00f3n de muestreos en la Regi\u00f3n de Ays\u00e9n del marsupial \u201cMonito del Monte\u201d.<\/em><\/p>\n<p style=\"text-align: justify;\">El monito del monte (<em>Dromiciops gliroides<\/em>) es un f\u00f3sil viviente gondw\u00e1nico, catalogado como en su estado de conservaci\u00f3n como especie \u201ccasi amenazada\u201d, que tiene como l\u00edmite natural de distribuci\u00f3n sur la regi\u00f3n de Los Lagos (registros en Futaleuf\u00fa). Sin embargo, existen sospechas de su presencia en la regi\u00f3n de Ays\u00e9n.<\/p>\n<p style=\"text-align: justify;\">Por tal raz\u00f3n, Roberto Nespolo, cient\u00edfico especialista de la Universidad Austral en este tipo de marsupial, Paulo Moreno, investigador residente del CIEP, y Andrea Bahamonde, Jefa del Departamento de \u00c1reas Silvestres Protegidas de CONAF de la regi\u00f3n de Ays\u00e9n, comenzaron a desarrollar una iniciativa de prospecci\u00f3n para verificar la distribuci\u00f3n austral de la especie,\u00a0 debido a conversaciones y registros con guardaparques y otras personas que indicaban posibilidades de encontrar al monito del monte en la regi\u00f3n.<\/p>\n<p style=\"text-align: justify;\">Los investigadores Nespolo y Moreno forman parte del n\u00facleo Milenio LiLi, que financia la Agencia Nacional de Investigaci\u00f3n y Desarrollo (ANID), que tiene como uno de sus objetivos el estudio de esta especie y por tal raz\u00f3n consider\u00f3 este a\u00f1o el financiamiento para esta exploraci\u00f3n.<\/p>\n<p style=\"text-align: justify;\">Al respecto, Andrea Bahamonde explica que \u201cencontrar al <em>monito del monte<\/em> al interior de \u00c1reas Protegidas de Ays\u00e9n ser\u00eda un gran hallazgo y contribuir\u00eda a la protecci\u00f3n de la especie, ya que ser\u00eda un objeto de conservaci\u00f3n relevante abriendo, adem\u00e1s, un campo para su investigaci\u00f3n y conocimiento, el desarrollo estrategias y acciones para aumentar su viabilidad y minimizar las amenazas que pudiera tener.\u201d<\/p>\n<p style=\"text-align: justify;\">El estudio en cuesti\u00f3n consiste en realizar capturas (previamente autorizadas por el Servicio Agr\u00edcola y Ganadero), a trav\u00e9s de trampas <em>tomahawk<\/em> ubicadas en h\u00e1bitats claves para el Monito del Monte , en distintas \u00c1reas Protegidas de la regi\u00f3n de Ays\u00e9n, con el apoyo y trabajo en conjunto con los guardaparques de dichas unidades por un periodo m\u00ednimo de 2 a\u00f1os, teniendo presente que el monito del monte realiza el proceso de hibernaci\u00f3n.<\/p>\n<p style=\"text-align: justify;\">Durante la semana pasada,\u00a0 se llev\u00f3 a cabo la primera actividad de esta prospecci\u00f3n, que consisti\u00f3 en una serie de\u00a0 capacitaciones que se realizaron a los guardaparques de las Reservas Nacionales Coyhaique y R\u00edo Simpson, y el Parque Nacional Queulat.<\/p>\n<p style=\"text-align: justify;\">En la oportunidad, la estudiante de mag\u00edster e investigadora del n\u00facleo Lili, Isidora Camus, quien lleva estudiando a la especie por dos a\u00f1os, present\u00f3 las principales caracter\u00edsticas del <em>Monito del Monte<\/em>, explic\u00f3 el procedimiento del muestreo con la instalaci\u00f3n de trampas, las mediciones que se deben hacer al marsupial, y el protocolo de liberaci\u00f3n inmediata despu\u00e9s de su captura. Esta actividad fue desarrollada en forma te\u00f3rica en conjunto con los guardaparques dentro de respectivas \u00c1reas Protegidas.<\/p>\n<p style=\"text-align: justify;\">La posibilidad de encontrar <em>monito del monte<\/em> en la regi\u00f3n de Ays\u00e9n ser\u00eda un hallazgo cient\u00edfico muy importante, ya que se aumentar\u00eda el \u00e1rea de distribuci\u00f3n actual de la especie en varios grados de latitud y permitir\u00eda entender a futuro su comportamiento en condiciones m\u00e1s fr\u00edas, como tambi\u00e9n en \u00e1reas con menos problemas de fragmentaci\u00f3n de h\u00e1bitat y de efectos del cambio clim\u00e1tico respecto a su distribuci\u00f3n actual, ya que hay que recordar que este marsupial hiberna en el invierno, se\u00f1ala Paulo Moreno, del Centro de Investigaci\u00f3n en Ecosistemas de la Patagonia.<\/p>\n<\/div><\/section><\/div><div  style='height:50px' class='hr hr-invisible   avia-builder-el-6  el_after_av_one_full  el_before_av_social_share '><span class='hr-inner ' ><span class='hr-inner-style'><\/span><\/span><\/div><\/p>\n<div  class='av-social-sharing-box  avia-builder-el-7  el_after_av_hr  el_before_av_hr  '><div class='av-share-box'><h5 class='av-share-link-description av-no-toc '>Compartir esta noticia<\/h5><ul class='av-share-box-list noLightbox'><li class='av-share-link av-social-link-facebook' ><a target=\"_blank\" aria-label=\"Compartir en Facebook\" href='https:\/\/www.facebook.com\/sharer.php?u=https:\/\/radiorevelacionfm.cl\/?p=40943&#038;t=Cient%C3%ADficos%20e%20investigadores%20explorar%C3%A1n%20presencia%20de%20f%C3%B3sil%20viviente%20en%20Ays%C3%A9n' aria-hidden='false' data-av_icon='\ue8f3' data-av_iconfont='entypo-fontello' title='' data-avia-related-tooltip='Compartir en Facebook' rel=\"noopener\"><span class='avia_hidden_link_text'>Compartir en Facebook<\/span><\/a><\/li><li class='av-share-link av-social-link-twitter' ><a target=\"_blank\" aria-label=\"Compartir en Twitter\" href='https:\/\/twitter.com\/share?text=Cient%C3%ADficos%20e%20investigadores%20explorar%C3%A1n%20presencia%20de%20f%C3%B3sil%20viviente%20en%20Ays%C3%A9n&#038;url=https:\/\/radiorevelacionfm.cl\/?p=40943' aria-hidden='false' data-av_icon='\ue8f1' data-av_iconfont='entypo-fontello' title='' data-avia-related-tooltip='Compartir en Twitter' rel=\"noopener\"><span class='avia_hidden_link_text'>Compartir en Twitter<\/span><\/a><\/li><li class='av-share-link av-social-link-whatsapp' ><a target=\"_blank\" aria-label=\"Compartir en Whatsapp\" href='https:\/\/api.whatsapp.com\/send?text=https:\/\/radiorevelacionfm.cl\/?p=40943' aria-hidden='false' data-av_icon='\uf232' data-av_iconfont='entypo-fontello' title='' data-avia-related-tooltip='Compartir en Whatsapp' rel=\"noopener\"><span class='avia_hidden_link_text'>Compartir en Whatsapp<\/span><\/a><\/li><li class='av-share-link av-social-link-linkedin' ><a target=\"_blank\" aria-label=\"Compartir en LinkedIn\" href='https:\/\/linkedin.com\/shareArticle?mini=true&#038;title=Cient%C3%ADficos%20e%20investigadores%20explorar%C3%A1n%20presencia%20de%20f%C3%B3sil%20viviente%20en%20Ays%C3%A9n&#038;url=https:\/\/radiorevelacionfm.cl\/?p=40943' aria-hidden='false' data-av_icon='\ue8fc' data-av_iconfont='entypo-fontello' title='' data-avia-related-tooltip='Compartir en LinkedIn' rel=\"noopener\"><span class='avia_hidden_link_text'>Compartir en LinkedIn<\/span><\/a><\/li><li class='av-share-link av-social-link-mail' ><a  aria-label=\"Compartir por correo\" href='mailto:?subject=Cient%C3%ADficos%20e%20investigadores%20explorar%C3%A1n%20presencia%20de%20f%C3%B3sil%20viviente%20en%20Ays%C3%A9n&#038;body=https:\/\/radiorevelacionfm.cl\/?p=40943' aria-hidden='false' data-av_icon='\ue805' data-av_iconfont='entypo-fontello' title='' data-avia-related-tooltip='Compartir por correo'><span class='avia_hidden_link_text'>Compartir por correo<\/span><\/a><\/li><\/ul><\/div><\/div>\n<div  style='height:50px' class='hr hr-invisible   avia-builder-el-8  el_after_av_social_share  el_before_av_comments_list '><span class='hr-inner ' ><span class='hr-inner-style'><\/span><\/span><\/div>\n<div  class='av-buildercomment  av-blog-meta-html-info-disabled av-blog-meta-tag-disabled  '><\/div>\n","protected":false},"excerpt":{"rendered":"","protected":false},"author":1,"featured_media":40944,"comment_status":"open","ping_status":"open","sticky":false,"template":"","format":"standard","meta":{"footnotes":""},"categories":[38],"tags":[],"class_list":["post-40943","post","type-post","status-publish","format-standard","has-post-thumbnail","hentry","category-regional"],"jetpack_featured_media_url":"https:\/\/radiorevelacionfm.cl\/wp-content\/uploads\/2024\/04\/foto-1-36-1_optimized-1-1.jpg","_links":{"self":[{"href":"https:\/\/radiorevelacionfm.cl\/index.php?rest_route=\/wp\/v2\/posts\/40943","targetHints":{"allow":["GET"]}}],"collection":[{"href":"https:\/\/radiorevelacionfm.cl\/index.php?rest_route=\/wp\/v2\/posts"}],"about":[{"href":"https:\/\/radiorevelacionfm.cl\/index.php?rest_route=\/wp\/v2\/types\/post"}],"author":[{"embeddable":true,"href":"https:\/\/radiorevelacionfm.cl\/index.php?rest_route=\/wp\/v2\/users\/1"}],"replies":[{"embeddable":true,"href":"https:\/\/radiorevelacionfm.cl\/index.php?rest_route=%2Fwp%2Fv2%2Fcomments&post=40943"}],"version-history":[{"count":1,"href":"https:\/\/radiorevelacionfm.cl\/index.php?rest_route=\/wp\/v2\/posts\/40943\/revisions"}],"predecessor-version":[{"id":40945,"href":"https:\/\/radiorevelacionfm.cl\/index.php?rest_route=\/wp\/v2\/posts\/40943\/revisions\/40945"}],"wp:featuredmedia":[{"embeddable":true,"href":"https:\/\/radiorevelacionfm.cl\/index.php?rest_route=\/wp\/v2\/media\/40944"}],"wp:attachment":[{"href":"https:\/\/radiorevelacionfm.cl\/index.php?rest_route=%2Fwp%2Fv2%2Fmedia&parent=40943"}],"wp:term":[{"taxonomy":"category","embeddable":true,"href":"https:\/\/radiorevelacionfm.cl\/index.php?rest_route=%2Fwp%2Fv2%2Fcategories&post=40943"},{"taxonomy":"post_tag","embeddable":true,"href":"https:\/\/radiorevelacionfm.cl\/index.php?rest_route=%2Fwp%2Fv2%2Ftags&post=40943"}],"curies":[{"name":"wp","href":"https:\/\/api.w.org\/{rel}","templated":true}]}}