{"id":40941,"date":"2024-04-02T18:26:51","date_gmt":"2024-04-02T21:26:51","guid":{"rendered":"https:\/\/radiorevelacionfm.cl\/?p=40941"},"modified":"2024-04-02T18:26:51","modified_gmt":"2024-04-02T21:26:51","slug":"desarticulan-banda-criminal-dedicada-a-cometer-robos-con-violencia-e-intimidacion-en-coyhaique","status":"publish","type":"post","link":"https:\/\/radiorevelacionfm.cl\/?p=40941","title":{"rendered":"Desarticulan banda criminal dedicada a cometer robos con violencia e intimidaci\u00f3n en Coyhaique"},"content":{"rendered":"<div class=\"flex_column av_one_full  flex_column_div av-zero-column-padding first  avia-builder-el-0  el_before_av_one_full  avia-builder-el-first  \" style='border-radius:0px; '><div  class='avia-image-container  av-styling-    avia-builder-el-1  avia-builder-el-no-sibling  avia-align-center '  itemprop=\"image\" itemscope=\"itemscope\" itemtype=\"https:\/\/schema.org\/ImageObject\"  ><div class='avia-image-container-inner'><div class='avia-image-overlay-wrap'><img decoding=\"async\" class='wp-image-16240 avia-img-lazy-loading-not-16240 avia_image' src=\"https:\/\/radiorevelacionfm.cl\/wp-content\/uploads\/2022\/04\/Imagen-referencial-PDI-003-2-1.jpg\" alt='' title='Imagen referencial PDI 003 (2) (1)' height=\"600\" width=\"903\"  itemprop=\"thumbnailUrl\" srcset=\"https:\/\/radiorevelacionfm.cl\/wp-content\/uploads\/2022\/04\/Imagen-referencial-PDI-003-2-1.jpg 903w, https:\/\/radiorevelacionfm.cl\/wp-content\/uploads\/2022\/04\/Imagen-referencial-PDI-003-2-1-300x199.jpg 300w, https:\/\/radiorevelacionfm.cl\/wp-content\/uploads\/2022\/04\/Imagen-referencial-PDI-003-2-1-768x510.jpg 768w, https:\/\/radiorevelacionfm.cl\/wp-content\/uploads\/2022\/04\/Imagen-referencial-PDI-003-2-1-705x468.jpg 705w, https:\/\/radiorevelacionfm.cl\/wp-content\/uploads\/2022\/04\/Imagen-referencial-PDI-003-2-1-600x399.jpg 600w\" sizes=\"(max-width: 903px) 100vw, 903px\" \/><\/div><\/div><\/div><\/div><div class=\"flex_column av_one_full  flex_column_div av-zero-column-padding first  avia-builder-el-2  el_after_av_one_full  el_before_av_one_full  column-top-margin\" style='border-radius:0px; '><section class=\"av_textblock_section \"  itemscope=\"itemscope\" itemtype=\"https:\/\/schema.org\/BlogPosting\" itemprop=\"blogPost\" ><div class='avia_textblock  '   itemprop=\"text\" ><p style=\"text-align: center;\"><strong><span style=\"font-size: 18pt;\">Desarticulan banda criminal dedicada a cometer robos con violencia e intimidaci\u00f3n en Coyhaique<\/span><\/strong><\/p>\n<div id=\"gtx-trans\" style=\"position: absolute; left: -50px; top: 4.31534px;\">\n<div class=\"gtx-trans-icon\"><\/div>\n<\/div>\n<\/div><\/section><\/div><div class=\"flex_column av_one_full  flex_column_div av-zero-column-padding first  avia-builder-el-4  el_after_av_one_full  el_before_av_hr  column-top-margin\" style='border-radius:0px; '><section class=\"av_textblock_section \"  itemscope=\"itemscope\" itemtype=\"https:\/\/schema.org\/BlogPosting\" itemprop=\"blogPost\" ><div class='avia_textblock  '   itemprop=\"text\" ><p style=\"text-align: justify;\">Tras una exhaustiva investigaci\u00f3n desarrollada por Detectives de la Brigada Investigadora de Robos (BIRO) Coyhaique, en un trabajo coordinado con el Ministerio P\u00fablico, se logr\u00f3 la desarticulaci\u00f3n de una banda criminal que cometi\u00f3 tres delitos contra la propiedad en un lapso de dos meses a mediados del a\u00f1o 2022.<\/p>\n<p style=\"text-align: justify;\">Sobre esta investigaci\u00f3n, el subprefecto V\u00edctor Toledo Escalona, jefe de la unidad especializada, indic\u00f3 que\u00a0 los delitos \u201cse remontan a mediados del a\u00f1o 2022, en donde tres familias fueron intimidadas y golpeadas en diferentes inmuebles en la comuna de Coyhaique y, desde esa fecha, a trav\u00e9s de un an\u00e1lisis criminal exhaustivo y un trabajo mancomunado con el Ministerio P\u00fablico, se logr\u00f3 reunir la mayor cantidad de antecedentes que permitieron, primero, individualizar a parte de esta banda criminal, luego posicionarlas en los sitios de suceso y, posteriormente, gestionar por parte lograr del Ministerio P\u00fablico las respectivas \u00f3rdenes de detenci\u00f3n las cuales fueron materializadas durante los \u00faltimos d\u00edas y la jornada de ayer\u201d.<\/p>\n<p style=\"text-align: justify;\">De acuerdo a lo informado por el Detective, \u201cesta banda criminal est\u00e1 integrada, principalmente, por personas oriundas de Coyhaique\u201d, no descartando la participaci\u00f3n de personas de otra Regi\u00f3n, indicios que podr\u00e1n establecerse a trav\u00e9s de las diversas diligencias investigativas que quedan pendientes.<\/p>\n<p style=\"text-align: justify;\">Respecto a los hechos que fueron materia de investigaci\u00f3n, el jefe de la BIRO Coyhaique se\u00f1al\u00f3 que \u201cse acredit\u00f3 la participaci\u00f3n en tres delitos de robo con violencia e intimidaci\u00f3n que afectaron a distintas familias de Coyhaique, en donde llam\u00f3 la atenci\u00f3n del equipo investigador la violencia que fue empleada y la planificaci\u00f3n que se ten\u00eda para todos ellos. No se descarta alg\u00fan tipo de informaci\u00f3n privilegiada que los hac\u00eda escoger estos domicilios en los momentos que las familias pernoctaban, ingresando al interior de estos, intimid\u00e1ndolos con armas de fuego y en algunos casos golpeando a sus moradores\u201d.<\/p>\n<p style=\"text-align: justify;\">Tras la audiencia, el fiscal jefe de Coyhaique, Jos\u00e9 Moris Ferrando, puntualiz\u00f3 que los detenidos \u201cpasaron a control de detenci\u00f3n y fueron formalizados, uno de ellos por dos robos con intimidaci\u00f3n y un robo con violencia y el segundo imputado fue formalizado por dos robos con intimidaci\u00f3n. Respecto de ambos imputados, se solicit\u00f3 la medida cautelar de prisi\u00f3n preventiva, accediendo el tribunal a la medida solicitada, por lo tanto, los dos imputados, se encuentran en prisi\u00f3n preventiva\u201d.<\/p>\n<p style=\"text-align: justify;\">Finalmente, el persecutor penal inform\u00f3 que \u201cse fij\u00f3 un plazo de 90 d\u00edas para agotar las diligencias en torno a estos dos hechos\u201d, a\u00f1adiendo que \u201cha sido una investigaci\u00f3n compleja, no solamente por el nivel de violencia, sino porque adem\u00e1s se trata de tres hechos cometidos entre dos meses donde no hab\u00eda ning\u00fan dato respecto a la identidad de los sujetos, ha sido un trabajo que se ha hecho a pulso por la Brigada Investigadora de Robos en conjunto con la Fiscal\u00eda y que permiti\u00f3 a la larga, despu\u00e9s de un a\u00f1o y medio de investigaci\u00f3n, poder acreditar fehacientemente al tribunal la participaci\u00f3n de estos dos sujetos y que pudieran quedar en prisi\u00f3n preventiva\u201d.<\/p>\n<\/div><\/section><\/div><div  style='height:50px' class='hr hr-invisible   avia-builder-el-6  el_after_av_one_full  el_before_av_social_share '><span class='hr-inner ' ><span class='hr-inner-style'><\/span><\/span><\/div><\/p>\n<div  class='av-social-sharing-box  avia-builder-el-7  el_after_av_hr  el_before_av_hr  '><div class='av-share-box'><h5 class='av-share-link-description av-no-toc '>Compartir esta noticia<\/h5><ul class='av-share-box-list noLightbox'><li class='av-share-link av-social-link-facebook' ><a target=\"_blank\" aria-label=\"Compartir en Facebook\" href='https:\/\/www.facebook.com\/sharer.php?u=https:\/\/radiorevelacionfm.cl\/?p=40941&#038;t=Desarticulan%20banda%20criminal%20dedicada%20a%20cometer%20robos%20con%20violencia%20e%20intimidaci%C3%B3n%20en%20Coyhaique' aria-hidden='false' data-av_icon='\ue8f3' data-av_iconfont='entypo-fontello' title='' data-avia-related-tooltip='Compartir en Facebook' rel=\"noopener\"><span class='avia_hidden_link_text'>Compartir en Facebook<\/span><\/a><\/li><li class='av-share-link av-social-link-twitter' ><a target=\"_blank\" aria-label=\"Compartir en Twitter\" href='https:\/\/twitter.com\/share?text=Desarticulan%20banda%20criminal%20dedicada%20a%20cometer%20robos%20con%20violencia%20e%20intimidaci%C3%B3n%20en%20Coyhaique&#038;url=https:\/\/radiorevelacionfm.cl\/?p=40941' aria-hidden='false' data-av_icon='\ue8f1' data-av_iconfont='entypo-fontello' title='' data-avia-related-tooltip='Compartir en Twitter' rel=\"noopener\"><span class='avia_hidden_link_text'>Compartir en Twitter<\/span><\/a><\/li><li class='av-share-link av-social-link-whatsapp' ><a target=\"_blank\" aria-label=\"Compartir en Whatsapp\" href='https:\/\/api.whatsapp.com\/send?text=https:\/\/radiorevelacionfm.cl\/?p=40941' aria-hidden='false' data-av_icon='\uf232' data-av_iconfont='entypo-fontello' title='' data-avia-related-tooltip='Compartir en Whatsapp' rel=\"noopener\"><span class='avia_hidden_link_text'>Compartir en Whatsapp<\/span><\/a><\/li><li class='av-share-link av-social-link-linkedin' ><a target=\"_blank\" aria-label=\"Compartir en LinkedIn\" href='https:\/\/linkedin.com\/shareArticle?mini=true&#038;title=Desarticulan%20banda%20criminal%20dedicada%20a%20cometer%20robos%20con%20violencia%20e%20intimidaci%C3%B3n%20en%20Coyhaique&#038;url=https:\/\/radiorevelacionfm.cl\/?p=40941' aria-hidden='false' data-av_icon='\ue8fc' data-av_iconfont='entypo-fontello' title='' data-avia-related-tooltip='Compartir en LinkedIn' rel=\"noopener\"><span class='avia_hidden_link_text'>Compartir en LinkedIn<\/span><\/a><\/li><li class='av-share-link av-social-link-mail' ><a  aria-label=\"Compartir por correo\" href='mailto:?subject=Desarticulan%20banda%20criminal%20dedicada%20a%20cometer%20robos%20con%20violencia%20e%20intimidaci%C3%B3n%20en%20Coyhaique&#038;body=https:\/\/radiorevelacionfm.cl\/?p=40941' aria-hidden='false' data-av_icon='\ue805' data-av_iconfont='entypo-fontello' title='' data-avia-related-tooltip='Compartir por correo'><span class='avia_hidden_link_text'>Compartir por correo<\/span><\/a><\/li><\/ul><\/div><\/div>\n<div  style='height:50px' class='hr hr-invisible   avia-builder-el-8  el_after_av_social_share  el_before_av_comments_list '><span class='hr-inner ' ><span class='hr-inner-style'><\/span><\/span><\/div>\n<div  class='av-buildercomment  av-blog-meta-html-info-disabled av-blog-meta-tag-disabled  '><\/div>\n","protected":false},"excerpt":{"rendered":"","protected":false},"author":1,"featured_media":16240,"comment_status":"open","ping_status":"open","sticky":false,"template":"","format":"standard","meta":{"footnotes":""},"categories":[36],"tags":[],"class_list":["post-40941","post","type-post","status-publish","format-standard","has-post-thumbnail","hentry","category-policial"],"jetpack_featured_media_url":"https:\/\/radiorevelacionfm.cl\/wp-content\/uploads\/2022\/04\/Imagen-referencial-PDI-003-2-1.jpg","_links":{"self":[{"href":"https:\/\/radiorevelacionfm.cl\/index.php?rest_route=\/wp\/v2\/posts\/40941","targetHints":{"allow":["GET"]}}],"collection":[{"href":"https:\/\/radiorevelacionfm.cl\/index.php?rest_route=\/wp\/v2\/posts"}],"about":[{"href":"https:\/\/radiorevelacionfm.cl\/index.php?rest_route=\/wp\/v2\/types\/post"}],"author":[{"embeddable":true,"href":"https:\/\/radiorevelacionfm.cl\/index.php?rest_route=\/wp\/v2\/users\/1"}],"replies":[{"embeddable":true,"href":"https:\/\/radiorevelacionfm.cl\/index.php?rest_route=%2Fwp%2Fv2%2Fcomments&post=40941"}],"version-history":[{"count":1,"href":"https:\/\/radiorevelacionfm.cl\/index.php?rest_route=\/wp\/v2\/posts\/40941\/revisions"}],"predecessor-version":[{"id":40942,"href":"https:\/\/radiorevelacionfm.cl\/index.php?rest_route=\/wp\/v2\/posts\/40941\/revisions\/40942"}],"wp:featuredmedia":[{"embeddable":true,"href":"https:\/\/radiorevelacionfm.cl\/index.php?rest_route=\/wp\/v2\/media\/16240"}],"wp:attachment":[{"href":"https:\/\/radiorevelacionfm.cl\/index.php?rest_route=%2Fwp%2Fv2%2Fmedia&parent=40941"}],"wp:term":[{"taxonomy":"category","embeddable":true,"href":"https:\/\/radiorevelacionfm.cl\/index.php?rest_route=%2Fwp%2Fv2%2Fcategories&post=40941"},{"taxonomy":"post_tag","embeddable":true,"href":"https:\/\/radiorevelacionfm.cl\/index.php?rest_route=%2Fwp%2Fv2%2Ftags&post=40941"}],"curies":[{"name":"wp","href":"https:\/\/api.w.org\/{rel}","templated":true}]}}