{"id":40937,"date":"2024-04-02T21:30:09","date_gmt":"2024-04-03T00:30:09","guid":{"rendered":"https:\/\/radiorevelacionfm.cl\/?p=40937"},"modified":"2024-04-02T21:41:04","modified_gmt":"2024-04-03T00:41:04","slug":"en-el-dia-internacional-de-la-concientizacion-diputada-raphael-la-ley-tea-no-ha-logrado-el-objetivo-de-aportar-significativamente-a-una-mayor-inclusion","status":"publish","type":"post","link":"https:\/\/radiorevelacionfm.cl\/?p=40937","title":{"rendered":"En el D\u00eda Internacional de la Concientizaci\u00f3n, diputada Raphael: \u201cLa Ley TEA no ha logrado el objetivo de aportar significativamente a una mayor inclusi\u00f3n\u201d"},"content":{"rendered":"<div class=\"flex_column av_one_full  flex_column_div av-zero-column-padding first  avia-builder-el-0  el_before_av_one_full  avia-builder-el-first  \" style='border-radius:0px; '><div  class='avia-image-container  av-styling-    avia-builder-el-1  avia-builder-el-no-sibling  avia-align-center '  itemprop=\"image\" itemscope=\"itemscope\" itemtype=\"https:\/\/schema.org\/ImageObject\"  ><div class='avia-image-container-inner'><div class='avia-image-overlay-wrap'><img decoding=\"async\" class='wp-image-37248 avia-img-lazy-loading-not-37248 avia_image' src=\"https:\/\/radiorevelacionfm.cl\/wp-content\/uploads\/2023\/11\/Foto-diputada-1-1.jpeg\" alt='' title='Foto diputada (1) (1)' height=\"600\" width=\"901\"  itemprop=\"thumbnailUrl\" srcset=\"https:\/\/radiorevelacionfm.cl\/wp-content\/uploads\/2023\/11\/Foto-diputada-1-1.jpeg 901w, https:\/\/radiorevelacionfm.cl\/wp-content\/uploads\/2023\/11\/Foto-diputada-1-1-300x200.jpeg 300w, https:\/\/radiorevelacionfm.cl\/wp-content\/uploads\/2023\/11\/Foto-diputada-1-1-768x511.jpeg 768w, https:\/\/radiorevelacionfm.cl\/wp-content\/uploads\/2023\/11\/Foto-diputada-1-1-705x469.jpeg 705w, https:\/\/radiorevelacionfm.cl\/wp-content\/uploads\/2023\/11\/Foto-diputada-1-1-450x300.jpeg 450w, https:\/\/radiorevelacionfm.cl\/wp-content\/uploads\/2023\/11\/Foto-diputada-1-1-600x400.jpeg 600w\" sizes=\"(max-width: 901px) 100vw, 901px\" \/><\/div><\/div><\/div><\/div>\n<div class=\"flex_column av_one_full  flex_column_div av-zero-column-padding first  avia-builder-el-2  el_after_av_one_full  el_before_av_one_full  column-top-margin\" style='border-radius:0px; '><section class=\"av_textblock_section \"  itemscope=\"itemscope\" itemtype=\"https:\/\/schema.org\/BlogPosting\" itemprop=\"blogPost\" ><div class='avia_textblock  '   itemprop=\"text\" ><p style=\"text-align: center;\"><strong><span style=\"font-size: 18pt;\">En el D\u00eda Internacional de la Concientizaci\u00f3n, diputada Raphael: \u201cLa Ley TEA no ha logrado el objetivo de aportar significativamente a una mayor inclusi\u00f3n\u201d<\/span><\/strong><\/p>\n<div id=\"gtx-trans\" style=\"position: absolute; left: -50px; top: 4.31534px;\">\n<div class=\"gtx-trans-icon\"><\/div>\n<\/div>\n<\/div><\/section><\/div><div class=\"flex_column av_one_full  flex_column_div av-zero-column-padding first  avia-builder-el-4  el_after_av_one_full  el_before_av_hr  column-top-margin\" style='border-radius:0px; '><section class=\"av_textblock_section \"  itemscope=\"itemscope\" itemtype=\"https:\/\/schema.org\/BlogPosting\" itemprop=\"blogPost\" ><div class='avia_textblock  '   itemprop=\"text\" ><p style=\"text-align: justify;\">La diputada por la Regi\u00f3n de Ays\u00e9n Marcia Raphael Mora, en el d\u00eda mundial de la concientizaci\u00f3n del TEA, ha hecho un llamado a la reflexi\u00f3n sobre los desaf\u00edos que, a su juicio, tienen los tomadores de decisiones, en c\u00f3mo lograr una sociedad m\u00e1s inclusiva y emp\u00e1tica con las personas con trastorno espectro autista.<\/p>\n<p style=\"text-align: justify;\">A juicio de la legisladora, a m\u00e1s de un a\u00f1o de la promulgaci\u00f3n de la Ley Tea, las personas que tienen la condici\u00f3n espectro autista junto a sus cuidadores no han visto avances significativos en su calidad de vida y en materias tan relevantes; como en la inserci\u00f3n en la sociedad; menos en el diagn\u00f3stico oportuno que deben tener las personas con TEA para recibir el apoyo y atenci\u00f3n necesaria por parte de especialistas.<\/p>\n<p style=\"text-align: justify;\">\u201cFamilias y organizaciones nos han alertado sobre la dificultad que tienen los pacientes TEA en ser diagnosticados y que en muchas ocasiones al ser de car\u00e1cter tard\u00edo retrasan el acompa\u00f1amiento por parte de especialistas. Esto producto de la cobertura de la legislaci\u00f3n actual que solo aplica a ni\u00f1os hasta de 30 meses de edad, en el control de ni\u00f1o sano\u201d se\u00f1al\u00f3 Raphael.<\/p>\n<p style=\"text-align: justify;\">En materia educacional y seg\u00fan lo establecido en Ley 21.545 el Ministerio de Educaci\u00f3n, lanz\u00f3 una circular que aplica para todos los establecimientos de educaci\u00f3n y que refiere a la inclusi\u00f3n, atenci\u00f3n integral y la protecci\u00f3n de los derechos de los estudiantes y p\u00e1rvulos con trastorno espectro autista. Lo que seg\u00fan se\u00f1alado por Raphael \u201clamentablemente no se ha visto reflejado en la realidad\u201d.<\/p>\n<p style=\"text-align: justify;\">\u201cExisten denuncias a distintos establecimientos que no han actualizado su reglamento y que en muchas ocasiones han vulnerado los derechos de estudiantes con TEA en promover espacios seguros y libres de cualquier tipo de discriminaci\u00f3n, lo que habla que nuestra sociedad se encuentra al debe en brindar una verdadera inclusi\u00f3n. Sumado a que la Superintendencia de Educaci\u00f3n no est\u00e1 haciendo el trabajo necesario de fiscalizaci\u00f3n ante estos graves acontecimientos\u201d, sentenci\u00f3 Raphael.<\/p>\n<p style=\"text-align: justify;\">Por \u00faltimo, la diputada por Ays\u00e9n Marcia Raphael hace un llamado a que tanto las autoridades como los distintos actores de la sociedad puedan hacer una profunda reflexi\u00f3n en el d\u00eda internacional de la concientizaci\u00f3n del trastorno espectro autista, en c\u00f3mo cada uno desde su posici\u00f3n pueda aportar en primer lugar en la implementaci\u00f3n de la Ley TEA, y por \u00faltimo, en nuestro d\u00eda a d\u00eda a una mayor y real inclusi\u00f3n.<\/p>\n<\/div><\/section><\/div><\/p>\n<div  style='height:50px' class='hr hr-invisible   avia-builder-el-6  el_after_av_one_full  el_before_av_social_share '><span class='hr-inner ' ><span class='hr-inner-style'><\/span><\/span><\/div>\n<div  class='av-social-sharing-box  avia-builder-el-7  el_after_av_hr  el_before_av_hr  '><div class='av-share-box'><h5 class='av-share-link-description av-no-toc '>Compartir esta noticia<\/h5><ul class='av-share-box-list noLightbox'><li class='av-share-link av-social-link-facebook' ><a target=\"_blank\" aria-label=\"Compartir en Facebook\" href='https:\/\/www.facebook.com\/sharer.php?u=https:\/\/radiorevelacionfm.cl\/?p=40937&#038;t=En%20el%20D%C3%ADa%20Internacional%20de%20la%20Concientizaci%C3%B3n%2C%20diputada%20Raphael%3A%20%E2%80%9CLa%20Ley%20TEA%20no%20ha%20logrado%20el%20objetivo%20de%20aportar%20significativamente%20a%20una%20mayor%20inclusi%C3%B3n%E2%80%9D' aria-hidden='false' data-av_icon='\ue8f3' data-av_iconfont='entypo-fontello' title='' data-avia-related-tooltip='Compartir en Facebook' rel=\"noopener\"><span class='avia_hidden_link_text'>Compartir en Facebook<\/span><\/a><\/li><li class='av-share-link av-social-link-twitter' ><a target=\"_blank\" aria-label=\"Compartir en Twitter\" href='https:\/\/twitter.com\/share?text=En%20el%20D%C3%ADa%20Internacional%20de%20la%20Concientizaci%C3%B3n%2C%20diputada%20Raphael%3A%20%E2%80%9CLa%20Ley%20TEA%20no%20ha%20logrado%20el%20objetivo%20de%20aportar%20significativamente%20a%20una%20mayor%20inclusi%C3%B3n%E2%80%9D&#038;url=https:\/\/radiorevelacionfm.cl\/?p=40937' aria-hidden='false' data-av_icon='\ue8f1' data-av_iconfont='entypo-fontello' title='' data-avia-related-tooltip='Compartir en Twitter' rel=\"noopener\"><span class='avia_hidden_link_text'>Compartir en Twitter<\/span><\/a><\/li><li class='av-share-link av-social-link-whatsapp' ><a target=\"_blank\" aria-label=\"Compartir en Whatsapp\" href='https:\/\/api.whatsapp.com\/send?text=https:\/\/radiorevelacionfm.cl\/?p=40937' aria-hidden='false' data-av_icon='\uf232' data-av_iconfont='entypo-fontello' title='' data-avia-related-tooltip='Compartir en Whatsapp' rel=\"noopener\"><span class='avia_hidden_link_text'>Compartir en Whatsapp<\/span><\/a><\/li><li class='av-share-link av-social-link-linkedin' ><a target=\"_blank\" aria-label=\"Compartir en LinkedIn\" href='https:\/\/linkedin.com\/shareArticle?mini=true&#038;title=En%20el%20D%C3%ADa%20Internacional%20de%20la%20Concientizaci%C3%B3n%2C%20diputada%20Raphael%3A%20%E2%80%9CLa%20Ley%20TEA%20no%20ha%20logrado%20el%20objetivo%20de%20aportar%20significativamente%20a%20una%20mayor%20inclusi%C3%B3n%E2%80%9D&#038;url=https:\/\/radiorevelacionfm.cl\/?p=40937' aria-hidden='false' data-av_icon='\ue8fc' data-av_iconfont='entypo-fontello' title='' data-avia-related-tooltip='Compartir en LinkedIn' rel=\"noopener\"><span class='avia_hidden_link_text'>Compartir en LinkedIn<\/span><\/a><\/li><li class='av-share-link av-social-link-mail' ><a  aria-label=\"Compartir por correo\" href='mailto:?subject=En%20el%20D%C3%ADa%20Internacional%20de%20la%20Concientizaci%C3%B3n%2C%20diputada%20Raphael%3A%20%E2%80%9CLa%20Ley%20TEA%20no%20ha%20logrado%20el%20objetivo%20de%20aportar%20significativamente%20a%20una%20mayor%20inclusi%C3%B3n%E2%80%9D&#038;body=https:\/\/radiorevelacionfm.cl\/?p=40937' aria-hidden='false' data-av_icon='\ue805' data-av_iconfont='entypo-fontello' title='' data-avia-related-tooltip='Compartir por correo'><span class='avia_hidden_link_text'>Compartir por correo<\/span><\/a><\/li><\/ul><\/div><\/div>\n<div  style='height:50px' class='hr hr-invisible   avia-builder-el-8  el_after_av_social_share  el_before_av_comments_list '><span class='hr-inner ' ><span class='hr-inner-style'><\/span><\/span><\/div>\n<div  class='av-buildercomment  av-blog-meta-html-info-disabled av-blog-meta-tag-disabled  '><\/div>\n","protected":false},"excerpt":{"rendered":"","protected":false},"author":1,"featured_media":37248,"comment_status":"open","ping_status":"open","sticky":false,"template":"","format":"standard","meta":{"footnotes":""},"categories":[35],"tags":[],"class_list":["post-40937","post","type-post","status-publish","format-standard","has-post-thumbnail","hentry","category-politica"],"jetpack_featured_media_url":"https:\/\/radiorevelacionfm.cl\/wp-content\/uploads\/2023\/11\/Foto-diputada-1-1.jpeg","_links":{"self":[{"href":"https:\/\/radiorevelacionfm.cl\/index.php?rest_route=\/wp\/v2\/posts\/40937","targetHints":{"allow":["GET"]}}],"collection":[{"href":"https:\/\/radiorevelacionfm.cl\/index.php?rest_route=\/wp\/v2\/posts"}],"about":[{"href":"https:\/\/radiorevelacionfm.cl\/index.php?rest_route=\/wp\/v2\/types\/post"}],"author":[{"embeddable":true,"href":"https:\/\/radiorevelacionfm.cl\/index.php?rest_route=\/wp\/v2\/users\/1"}],"replies":[{"embeddable":true,"href":"https:\/\/radiorevelacionfm.cl\/index.php?rest_route=%2Fwp%2Fv2%2Fcomments&post=40937"}],"version-history":[{"count":3,"href":"https:\/\/radiorevelacionfm.cl\/index.php?rest_route=\/wp\/v2\/posts\/40937\/revisions"}],"predecessor-version":[{"id":40959,"href":"https:\/\/radiorevelacionfm.cl\/index.php?rest_route=\/wp\/v2\/posts\/40937\/revisions\/40959"}],"wp:featuredmedia":[{"embeddable":true,"href":"https:\/\/radiorevelacionfm.cl\/index.php?rest_route=\/wp\/v2\/media\/37248"}],"wp:attachment":[{"href":"https:\/\/radiorevelacionfm.cl\/index.php?rest_route=%2Fwp%2Fv2%2Fmedia&parent=40937"}],"wp:term":[{"taxonomy":"category","embeddable":true,"href":"https:\/\/radiorevelacionfm.cl\/index.php?rest_route=%2Fwp%2Fv2%2Fcategories&post=40937"},{"taxonomy":"post_tag","embeddable":true,"href":"https:\/\/radiorevelacionfm.cl\/index.php?rest_route=%2Fwp%2Fv2%2Ftags&post=40937"}],"curies":[{"name":"wp","href":"https:\/\/api.w.org\/{rel}","templated":true}]}}