{"id":40932,"date":"2024-04-03T10:41:29","date_gmt":"2024-04-03T13:41:29","guid":{"rendered":"https:\/\/radiorevelacionfm.cl\/?p=40932"},"modified":"2024-04-03T10:41:29","modified_gmt":"2024-04-03T13:41:29","slug":"mas-de-130-abogados-y-profesionales-dieron-vida-a-las-xvii-jornadas-patagonicas-de-derecho-penal","status":"publish","type":"post","link":"https:\/\/radiorevelacionfm.cl\/?p=40932","title":{"rendered":"M\u00e1s de 130 abogados y profesionales dieron vida a las XVII Jornadas Patag\u00f3nicas de Derecho Penal"},"content":{"rendered":"<div class=\"flex_column av_one_full  flex_column_div av-zero-column-padding first  avia-builder-el-0  el_before_av_one_full  avia-builder-el-first  \" style='border-radius:0px; '><div  class='avia-image-container  av-styling-    avia-builder-el-1  avia-builder-el-no-sibling  avia-align-center '  itemprop=\"image\" itemscope=\"itemscope\" itemtype=\"https:\/\/schema.org\/ImageObject\"  ><div class='avia-image-container-inner'><div class='avia-image-overlay-wrap'><img decoding=\"async\" class='wp-image-40933 avia-img-lazy-loading-not-40933 avia_image' src=\"https:\/\/radiorevelacionfm.cl\/wp-content\/uploads\/2024\/04\/5-15-1-2.jpeg\" alt='' title='5 (15) (1) (2)' height=\"600\" width=\"900\"  itemprop=\"thumbnailUrl\" srcset=\"https:\/\/radiorevelacionfm.cl\/wp-content\/uploads\/2024\/04\/5-15-1-2.jpeg 900w, https:\/\/radiorevelacionfm.cl\/wp-content\/uploads\/2024\/04\/5-15-1-2-300x200.jpeg 300w, https:\/\/radiorevelacionfm.cl\/wp-content\/uploads\/2024\/04\/5-15-1-2-768x512.jpeg 768w, https:\/\/radiorevelacionfm.cl\/wp-content\/uploads\/2024\/04\/5-15-1-2-705x470.jpeg 705w, https:\/\/radiorevelacionfm.cl\/wp-content\/uploads\/2024\/04\/5-15-1-2-450x300.jpeg 450w, https:\/\/radiorevelacionfm.cl\/wp-content\/uploads\/2024\/04\/5-15-1-2-600x400.jpeg 600w\" sizes=\"(max-width: 900px) 100vw, 900px\" \/><\/div><\/div><\/div><\/div><div class=\"flex_column av_one_full  flex_column_div av-zero-column-padding first  avia-builder-el-2  el_after_av_one_full  el_before_av_one_full  column-top-margin\" style='border-radius:0px; '><section class=\"av_textblock_section \"  itemscope=\"itemscope\" itemtype=\"https:\/\/schema.org\/BlogPosting\" itemprop=\"blogPost\" ><div class='avia_textblock  '   itemprop=\"text\" ><p style=\"text-align: center;\"><span style=\"font-size: 18pt;\"><b>M\u00e1s de 130 abogados y profesionales dieron vida a las XVII Jornadas Patag\u00f3nicas de Derecho Penal<\/b><\/span><\/p>\n<div id=\"gtx-trans\" style=\"position: absolute; left: -50px; top: 4.31534px;\">\n<div class=\"gtx-trans-icon\"><\/div>\n<\/div>\n<\/div><\/section><\/div><div class=\"flex_column av_one_full  flex_column_div av-zero-column-padding first  avia-builder-el-4  el_after_av_one_full  el_before_av_hr  column-top-margin\" style='border-radius:0px; '><section class=\"av_textblock_section \"  itemscope=\"itemscope\" itemtype=\"https:\/\/schema.org\/BlogPosting\" itemprop=\"blogPost\" ><div class='avia_textblock  '   itemprop=\"text\" ><p style=\"font-weight: 400; text-align: justify;\">Con la presencia en la sesi\u00f3n inaugural del Fiscal Nacional, \u00c1ngel Valencia V\u00e1squez y diversas autoridades regionales, se efectu\u00f3 la XVII versi\u00f3n de las Jornadas Patag\u00f3nicas de Derecho Penal que organiza la Fiscal\u00eda Regional de Ays\u00e9n, a la cual se inscribieron m\u00e1s de 130 abogados y profesionales desde todo el pa\u00eds.<\/p>\n<p style=\"font-weight: 400; text-align: justify;\">Este a\u00f1o, las exposiciones estuvieron a cargo del Dr. Francesco Vigan\u00f2, Juez de la Corte Constitucional de Italia; Dr. Juan Pablo Ma\u00f1alich Raffo, Profesor de la Universidad de Chile; Dra. Tatiana Vargas Pinto, Profesora de la Universidad de Los Andes; Dra. Laura Mayer Lux, Profesora de la Pontificia Universidad Cat\u00f3lica de Valpara\u00edso; Dr. Manlio Calder\u00f3n Palencia, Profesor de la Universidad de La Costa, Colombia y el Dr. Ignacio Castillo Val, de la Universidad de Mil\u00e1n, quienes abordaron aspectos dogm\u00e1ticos del crimen organizado.<\/p>\n<p style=\"font-weight: 400; text-align: justify;\">\u201cLas Jornadas Patag\u00f3nicas de Derecho Penal ya son una tradici\u00f3n, no solo por el nivel del debate y di\u00e1logo, sino que tambi\u00e9n por los v\u00ednculos de cooperaci\u00f3n, de camarader\u00eda que se generan en torno a ella\u201d, comento el Fiscal Nacional, \u00c1ngel Valencia.<\/p>\n<p style=\"font-weight: 400; text-align: justify;\">\u201cEs muy interesante ver, al analizar las distintas tem\u00e1ticas que han abordado las Jornadas, la forma como nuestra sociedad ha ido evolucionando, la forma como Ays\u00e9n y la Patagonia tambi\u00e9n han ido cambiando. Las Jornadas Patag\u00f3nicas constituyen un aporte muy significativo al desarrollo de la ciencia jur\u00eddica penal chilena\u201d, agreg\u00f3 la principal autoridad del Ministerio P\u00fablico en Chile.<\/p>\n<p style=\"font-weight: 400; text-align: justify;\">En tanto el Fiscal Regional, Carlos Palma, expres\u00f3 estar muy contento con el desarrollo de este evento de extensi\u00f3n acad\u00e9mica de la Fiscal\u00eda. \u201cHemos tenido expositores, doctores en Derecho tanto de Chile como de Italia y tambi\u00e9n de Colombia, y hemos abordado la tem\u00e1tica de la dogm\u00e1tica penal en materia del crimen organizado. Evidentemente, un tema muy contingente hoy para nuestro pa\u00eds y para la regi\u00f3n, sin lugar a dudas\u201d.<\/p>\n<p style=\"font-weight: 400; text-align: justify;\">\u201cConcurrieron todos los Fiscales Regionales del pa\u00eds y muchos fiscales y abogados de distintas zonas, tambi\u00e9n de la regi\u00f3n, que quer\u00edan participar de esta versi\u00f3n n\u00famero 17 de nuestras Jornadas Patag\u00f3nicas\u201d, a\u00f1adi\u00f3 Carlos Palma.<\/p>\n<p style=\"font-weight: 400; text-align: justify;\">MIRADA COMPARADA<\/p>\n<p style=\"font-weight: 400; text-align: justify;\">El Dr. Francesco Vigan\u00f2, Juez de la Corte Constitucional de Italia, dijo que \u201cde los acad\u00e9micos chilenos, yo dir\u00eda que est\u00e1n entre los m\u00e1s destacados y los mejores del mundo, realmente. Y esta Jornada ha estado llena de cosas interesantes, incluso para uno, un acad\u00e9mico que viene de la otra parte del mundo\u201d.<\/p>\n<p style=\"font-weight: 400; text-align: justify;\">Por su parte la Dra. Laura Mayer, asever\u00f3 que \u201ctuvimos una mirada comparada de Italia, de Colombia, algunas visiones m\u00e1s espec\u00edficas de la relaci\u00f3n entre la criminalidad organizada y la corrupci\u00f3n o la criminalidad econ\u00f3mica. El an\u00e1lisis mismo de la asociaci\u00f3n il\u00edcita, el tema del comercio. Creo que todos los temas se complementaron muy bien entre s\u00ed\u201d.<\/p>\n<p style=\"font-weight: 400; text-align: justify;\">A su vez, la Dra. Tatiana Vargas agradeci\u00f3 la oportunidad de compartir entre colegas en un ambiente \u201cmuy acogedor, con personas que est\u00e1n en el d\u00eda a d\u00eda actuando sobre temas contingentes, de fondo, sustantivo, con una mirada siempre de ayuda y para servir al otro. \u00bfQu\u00e9 puedo decir? Una experiencia fant\u00e1stica, enriquecedora en todos los sentidos\u201d.<\/p>\n<p style=\"font-weight: 400; text-align: justify;\">En tanto el Dr. Ignacio Castillo, destac\u00f3 el nivel de discusi\u00f3n acad\u00e9mica que se mostr\u00f3 en esta versi\u00f3n de las Jornadas Patag\u00f3nicas. \u201cTodos los expositores, desde luego los expositores extranjeros, pero tambi\u00e9n nuestros acad\u00e9micos nacionales, creo que fueron brillantes en t\u00e9rminos de su comprensi\u00f3n y el an\u00e1lisis dogm\u00e1tico respecto de un tema que, adem\u00e1s, es de alto inter\u00e9s nacional, como la criminalidad organizada\u201d.<\/p>\n<p style=\"font-weight: 400; text-align: justify;\">La transmisi\u00f3n completa de este evento que organiza todos los a\u00f1os el Ministerio P\u00fablico, qued\u00f3 grabada en el canal de Youtube: Fiscal\u00eda Ays\u00e9n.<\/p>\n<\/div><\/section><\/div><div  style='height:50px' class='hr hr-invisible   avia-builder-el-6  el_after_av_one_full  el_before_av_social_share '><span class='hr-inner ' ><span class='hr-inner-style'><\/span><\/span><\/div><\/p>\n<div  class='av-social-sharing-box  avia-builder-el-7  el_after_av_hr  el_before_av_hr  '><div class='av-share-box'><h5 class='av-share-link-description av-no-toc '>Compartir esta noticia<\/h5><ul class='av-share-box-list noLightbox'><li class='av-share-link av-social-link-facebook' ><a target=\"_blank\" aria-label=\"Compartir en Facebook\" href='https:\/\/www.facebook.com\/sharer.php?u=https:\/\/radiorevelacionfm.cl\/?p=40932&#038;t=M%C3%A1s%20de%20130%20abogados%20y%20profesionales%20dieron%20vida%20a%20las%20XVII%20Jornadas%20Patag%C3%B3nicas%20de%20Derecho%20Penal' aria-hidden='false' data-av_icon='\ue8f3' data-av_iconfont='entypo-fontello' title='' data-avia-related-tooltip='Compartir en Facebook' rel=\"noopener\"><span class='avia_hidden_link_text'>Compartir en Facebook<\/span><\/a><\/li><li class='av-share-link av-social-link-twitter' ><a target=\"_blank\" aria-label=\"Compartir en Twitter\" href='https:\/\/twitter.com\/share?text=M%C3%A1s%20de%20130%20abogados%20y%20profesionales%20dieron%20vida%20a%20las%20XVII%20Jornadas%20Patag%C3%B3nicas%20de%20Derecho%20Penal&#038;url=https:\/\/radiorevelacionfm.cl\/?p=40932' aria-hidden='false' data-av_icon='\ue8f1' data-av_iconfont='entypo-fontello' title='' data-avia-related-tooltip='Compartir en Twitter' rel=\"noopener\"><span class='avia_hidden_link_text'>Compartir en Twitter<\/span><\/a><\/li><li class='av-share-link av-social-link-whatsapp' ><a target=\"_blank\" aria-label=\"Compartir en Whatsapp\" href='https:\/\/api.whatsapp.com\/send?text=https:\/\/radiorevelacionfm.cl\/?p=40932' aria-hidden='false' data-av_icon='\uf232' data-av_iconfont='entypo-fontello' title='' data-avia-related-tooltip='Compartir en Whatsapp' rel=\"noopener\"><span class='avia_hidden_link_text'>Compartir en Whatsapp<\/span><\/a><\/li><li class='av-share-link av-social-link-linkedin' ><a target=\"_blank\" aria-label=\"Compartir en LinkedIn\" href='https:\/\/linkedin.com\/shareArticle?mini=true&#038;title=M%C3%A1s%20de%20130%20abogados%20y%20profesionales%20dieron%20vida%20a%20las%20XVII%20Jornadas%20Patag%C3%B3nicas%20de%20Derecho%20Penal&#038;url=https:\/\/radiorevelacionfm.cl\/?p=40932' aria-hidden='false' data-av_icon='\ue8fc' data-av_iconfont='entypo-fontello' title='' data-avia-related-tooltip='Compartir en LinkedIn' rel=\"noopener\"><span class='avia_hidden_link_text'>Compartir en LinkedIn<\/span><\/a><\/li><li class='av-share-link av-social-link-mail' ><a  aria-label=\"Compartir por correo\" href='mailto:?subject=M%C3%A1s%20de%20130%20abogados%20y%20profesionales%20dieron%20vida%20a%20las%20XVII%20Jornadas%20Patag%C3%B3nicas%20de%20Derecho%20Penal&#038;body=https:\/\/radiorevelacionfm.cl\/?p=40932' aria-hidden='false' data-av_icon='\ue805' data-av_iconfont='entypo-fontello' title='' data-avia-related-tooltip='Compartir por correo'><span class='avia_hidden_link_text'>Compartir por correo<\/span><\/a><\/li><\/ul><\/div><\/div>\n<div  style='height:50px' class='hr hr-invisible   avia-builder-el-8  el_after_av_social_share  el_before_av_comments_list '><span class='hr-inner ' ><span class='hr-inner-style'><\/span><\/span><\/div>\n<div  class='av-buildercomment  av-blog-meta-html-info-disabled av-blog-meta-tag-disabled  '><\/div>\n","protected":false},"excerpt":{"rendered":"","protected":false},"author":1,"featured_media":40933,"comment_status":"open","ping_status":"open","sticky":false,"template":"","format":"standard","meta":{"footnotes":""},"categories":[55],"tags":[],"class_list":["post-40932","post","type-post","status-publish","format-standard","has-post-thumbnail","hentry","category-justicia"],"jetpack_featured_media_url":"https:\/\/radiorevelacionfm.cl\/wp-content\/uploads\/2024\/04\/5-15-1-2.jpeg","_links":{"self":[{"href":"https:\/\/radiorevelacionfm.cl\/index.php?rest_route=\/wp\/v2\/posts\/40932","targetHints":{"allow":["GET"]}}],"collection":[{"href":"https:\/\/radiorevelacionfm.cl\/index.php?rest_route=\/wp\/v2\/posts"}],"about":[{"href":"https:\/\/radiorevelacionfm.cl\/index.php?rest_route=\/wp\/v2\/types\/post"}],"author":[{"embeddable":true,"href":"https:\/\/radiorevelacionfm.cl\/index.php?rest_route=\/wp\/v2\/users\/1"}],"replies":[{"embeddable":true,"href":"https:\/\/radiorevelacionfm.cl\/index.php?rest_route=%2Fwp%2Fv2%2Fcomments&post=40932"}],"version-history":[{"count":1,"href":"https:\/\/radiorevelacionfm.cl\/index.php?rest_route=\/wp\/v2\/posts\/40932\/revisions"}],"predecessor-version":[{"id":40934,"href":"https:\/\/radiorevelacionfm.cl\/index.php?rest_route=\/wp\/v2\/posts\/40932\/revisions\/40934"}],"wp:featuredmedia":[{"embeddable":true,"href":"https:\/\/radiorevelacionfm.cl\/index.php?rest_route=\/wp\/v2\/media\/40933"}],"wp:attachment":[{"href":"https:\/\/radiorevelacionfm.cl\/index.php?rest_route=%2Fwp%2Fv2%2Fmedia&parent=40932"}],"wp:term":[{"taxonomy":"category","embeddable":true,"href":"https:\/\/radiorevelacionfm.cl\/index.php?rest_route=%2Fwp%2Fv2%2Fcategories&post=40932"},{"taxonomy":"post_tag","embeddable":true,"href":"https:\/\/radiorevelacionfm.cl\/index.php?rest_route=%2Fwp%2Fv2%2Ftags&post=40932"}],"curies":[{"name":"wp","href":"https:\/\/api.w.org\/{rel}","templated":true}]}}