{"id":40918,"date":"2024-04-02T20:51:06","date_gmt":"2024-04-02T23:51:06","guid":{"rendered":"https:\/\/radiorevelacionfm.cl\/?p=40918"},"modified":"2024-04-02T20:51:06","modified_gmt":"2024-04-02T23:51:06","slug":"destacan-relevancia-de-la-infraestructura-de-emporcha-en-logistica-minera-de-aysen","status":"publish","type":"post","link":"https:\/\/radiorevelacionfm.cl\/?p=40918","title":{"rendered":"Destacan relevancia de la infraestructura de Emporcha en log\u00edstica minera de Ays\u00e9n"},"content":{"rendered":"<div class=\"flex_column av_one_full  flex_column_div av-zero-column-padding first  avia-builder-el-0  el_before_av_one_full  avia-builder-el-first  \" style='border-radius:0px; '><div  class='avia-image-container  av-styling-    avia-builder-el-1  avia-builder-el-no-sibling  avia-align-center '  itemprop=\"image\" itemscope=\"itemscope\" itemtype=\"https:\/\/schema.org\/ImageObject\"  ><div class='avia-image-container-inner'><div class='avia-image-overlay-wrap'><img decoding=\"async\" class='wp-image-40919 avia-img-lazy-loading-not-40919 avia_image' src=\"https:\/\/radiorevelacionfm.cl\/wp-content\/uploads\/2024\/04\/aromo-3-1_optimized.jpg\" alt='' title='aromo-3-(1)_optimized' height=\"600\" width=\"1067\"  itemprop=\"thumbnailUrl\" srcset=\"https:\/\/radiorevelacionfm.cl\/wp-content\/uploads\/2024\/04\/aromo-3-1_optimized.jpg 1067w, https:\/\/radiorevelacionfm.cl\/wp-content\/uploads\/2024\/04\/aromo-3-1_optimized-300x169.jpg 300w, https:\/\/radiorevelacionfm.cl\/wp-content\/uploads\/2024\/04\/aromo-3-1_optimized-1030x579.jpg 1030w, https:\/\/radiorevelacionfm.cl\/wp-content\/uploads\/2024\/04\/aromo-3-1_optimized-768x432.jpg 768w, https:\/\/radiorevelacionfm.cl\/wp-content\/uploads\/2024\/04\/aromo-3-1_optimized-705x396.jpg 705w, https:\/\/radiorevelacionfm.cl\/wp-content\/uploads\/2024\/04\/aromo-3-1_optimized-450x253.jpg 450w, https:\/\/radiorevelacionfm.cl\/wp-content\/uploads\/2024\/04\/aromo-3-1_optimized-600x337.jpg 600w\" sizes=\"(max-width: 1067px) 100vw, 1067px\" \/><\/div><\/div><\/div><\/div><div class=\"flex_column av_one_full  flex_column_div av-zero-column-padding first  avia-builder-el-2  el_after_av_one_full  el_before_av_one_full  column-top-margin\" style='border-radius:0px; '><section class=\"av_textblock_section \"  itemscope=\"itemscope\" itemtype=\"https:\/\/schema.org\/BlogPosting\" itemprop=\"blogPost\" ><div class='avia_textblock  '   itemprop=\"text\" ><p style=\"text-align: center;\"><span style=\"font-size: 18pt;\"><b>Destacan relevancia de la infraestructura de Emporcha en log\u00edstica minera de Ays\u00e9n<\/b><\/span><\/p>\n<div id=\"gtx-trans\" style=\"position: absolute; left: -50px; top: 4.31534px;\">\n<div class=\"gtx-trans-icon\"><\/div>\n<\/div>\n<\/div><\/section><\/div><div class=\"flex_column av_one_full  flex_column_div av-zero-column-padding first  avia-builder-el-4  el_after_av_one_full  el_before_av_hr  column-top-margin\" style='border-radius:0px; '><section class=\"av_textblock_section \"  itemscope=\"itemscope\" itemtype=\"https:\/\/schema.org\/BlogPosting\" itemprop=\"blogPost\" ><div class='avia_textblock  '   itemprop=\"text\" ><p class=\"m_4817377737520635606MsoNoSpacing\" style=\"text-align: justify;\">El seremi de Miner\u00eda de la Regi\u00f3n de Ays\u00e9n, Juan V\u00e1squez Alarc\u00f3n, valor\u00f3 el rol que la Empresa Portuaria Chacabuco (Emporcha) hoy desempe\u00f1a para el impulso de la actividad minera regional y proyectando su importancia futura de la mano de nuevos proyectos log\u00edsticos que la compa\u00f1\u00eda actualmente tiene en carpeta.<u><\/u><u><\/u><\/p>\n<p class=\"m_4817377737520635606MsoNoSpacing\" style=\"text-align: justify;\"><u><\/u>La autoridad se\u00f1al\u00f3 que \u201cqueremos destacar el papel crucial de Emporcha en la localidad de Chacabuco como un actor clave para impulsar la actividad minera en la Regi\u00f3n de Ays\u00e9n, donde el a\u00f1o pasado pudimos observar la importancia del buen funcionamiento de su muelle en la cadena log\u00edstica minera\u201d.<u><\/u><u><\/u><\/p>\n<p class=\"m_4817377737520635606MsoNoSpacing\" style=\"text-align: justify;\"><u><\/u>Seg\u00fan V\u00e1squez, \u201cEmporcha se ha destacado por su compromiso en proporcionar la infraestructura necesaria que permita satisfacer las necesidades de las operaciones mineras regionales\u201d, ejemplific\u00e1ndolo con los cuatro env\u00edos mineros que se realizaron durante 2023 desde el recinto portuario, totalizando 54 mil toneladas de exportaciones, operadas por la Sociedad Minera Pac\u00edfico.<u><\/u><u><\/u><\/p>\n<p class=\"m_4817377737520635606MsoNoSpacing\" style=\"text-align: justify;\"><u><\/u>\u201cEstos env\u00edos reflejan la confianza que hay en los servicios portuarios que presta Emporcha y en su capacidad para gestionar grandes vol\u00famenes de carga de manera eficiente y segura\u201d, asegur\u00f3 el seremi, a\u00f1adiendo que la portuaria estatal de la mano de sus nuevas iniciativas log\u00edsticas, contribuir\u00e1 \u201csignificativamente al desarrollo econ\u00f3mico y social de la regi\u00f3n\u201d, y adem\u00e1s a fortalecer \u201cla competitividad de nuestra industria minera a nivel nacional e internacional\u201d.<u><\/u><u><\/u><\/p>\n<p class=\"m_4817377737520635606MsoNoSpacing\" style=\"text-align: justify;\"><u><\/u>Por su parte el seremi de Econom\u00eda, Fomento y Turismo, Felipe Rojas Pizarro, coincidi\u00f3 en que \u201cla funci\u00f3n que realiza Emporcha es sumamente relevante cuando hablamos tambi\u00e9n de la miner\u00eda\u201d, considerando que tanto el \u00e1mbito portuario como el minero \u201cdeben hacer sinergia para potenciarse y ampliar sus horizontes (\u2026) d\u00e1ndole una mirada con perspectiva productiva a un trabajo mancomunado entre ambos, lo que generar\u00e1 importantes beneficios econ\u00f3micos para la regi\u00f3n y sus habitantes\u201d.<u><\/u><u><\/u><\/p>\n<p class=\"m_4817377737520635606MsoNoSpacing\" style=\"text-align: justify;\"><u><\/u>Rojas complement\u00f3 se\u00f1alando que la infraestructura log\u00edstica regional, que Emporcha espera seguir consolidando a partir de varias iniciativas en v\u00edas de concreci\u00f3n, es un \u201celemento estrat\u00e9gico para el desarrollo de las actividades productivas de la regi\u00f3n, entre ellas miner\u00eda, pesca, forestal y turismo\u201d.<\/p>\n<\/div><\/section><\/div><div  style='height:50px' class='hr hr-invisible   avia-builder-el-6  el_after_av_one_full  el_before_av_social_share '><span class='hr-inner ' ><span class='hr-inner-style'><\/span><\/span><\/div><\/p>\n<div  class='av-social-sharing-box  avia-builder-el-7  el_after_av_hr  el_before_av_hr  '><div class='av-share-box'><h5 class='av-share-link-description av-no-toc '>Compartir esta noticia<\/h5><ul class='av-share-box-list noLightbox'><li class='av-share-link av-social-link-facebook' ><a target=\"_blank\" aria-label=\"Compartir en Facebook\" href='https:\/\/www.facebook.com\/sharer.php?u=https:\/\/radiorevelacionfm.cl\/?p=40918&#038;t=Destacan%20relevancia%20de%20la%20infraestructura%20de%20Emporcha%20en%20log%C3%ADstica%20minera%20de%20Ays%C3%A9n' aria-hidden='false' data-av_icon='\ue8f3' data-av_iconfont='entypo-fontello' title='' data-avia-related-tooltip='Compartir en Facebook' rel=\"noopener\"><span class='avia_hidden_link_text'>Compartir en Facebook<\/span><\/a><\/li><li class='av-share-link av-social-link-twitter' ><a target=\"_blank\" aria-label=\"Compartir en Twitter\" href='https:\/\/twitter.com\/share?text=Destacan%20relevancia%20de%20la%20infraestructura%20de%20Emporcha%20en%20log%C3%ADstica%20minera%20de%20Ays%C3%A9n&#038;url=https:\/\/radiorevelacionfm.cl\/?p=40918' aria-hidden='false' data-av_icon='\ue8f1' data-av_iconfont='entypo-fontello' title='' data-avia-related-tooltip='Compartir en Twitter' rel=\"noopener\"><span class='avia_hidden_link_text'>Compartir en Twitter<\/span><\/a><\/li><li class='av-share-link av-social-link-whatsapp' ><a target=\"_blank\" aria-label=\"Compartir en Whatsapp\" href='https:\/\/api.whatsapp.com\/send?text=https:\/\/radiorevelacionfm.cl\/?p=40918' aria-hidden='false' data-av_icon='\uf232' data-av_iconfont='entypo-fontello' title='' data-avia-related-tooltip='Compartir en Whatsapp' rel=\"noopener\"><span class='avia_hidden_link_text'>Compartir en Whatsapp<\/span><\/a><\/li><li class='av-share-link av-social-link-linkedin' ><a target=\"_blank\" aria-label=\"Compartir en LinkedIn\" href='https:\/\/linkedin.com\/shareArticle?mini=true&#038;title=Destacan%20relevancia%20de%20la%20infraestructura%20de%20Emporcha%20en%20log%C3%ADstica%20minera%20de%20Ays%C3%A9n&#038;url=https:\/\/radiorevelacionfm.cl\/?p=40918' aria-hidden='false' data-av_icon='\ue8fc' data-av_iconfont='entypo-fontello' title='' data-avia-related-tooltip='Compartir en LinkedIn' rel=\"noopener\"><span class='avia_hidden_link_text'>Compartir en LinkedIn<\/span><\/a><\/li><li class='av-share-link av-social-link-mail' ><a  aria-label=\"Compartir por correo\" href='mailto:?subject=Destacan%20relevancia%20de%20la%20infraestructura%20de%20Emporcha%20en%20log%C3%ADstica%20minera%20de%20Ays%C3%A9n&#038;body=https:\/\/radiorevelacionfm.cl\/?p=40918' aria-hidden='false' data-av_icon='\ue805' data-av_iconfont='entypo-fontello' title='' data-avia-related-tooltip='Compartir por correo'><span class='avia_hidden_link_text'>Compartir por correo<\/span><\/a><\/li><\/ul><\/div><\/div>\n<div  style='height:50px' class='hr hr-invisible   avia-builder-el-8  el_after_av_social_share  el_before_av_comments_list '><span class='hr-inner ' ><span class='hr-inner-style'><\/span><\/span><\/div>\n<div  class='av-buildercomment  av-blog-meta-html-info-disabled av-blog-meta-tag-disabled  '><\/div>\n","protected":false},"excerpt":{"rendered":"","protected":false},"author":1,"featured_media":40919,"comment_status":"open","ping_status":"open","sticky":false,"template":"","format":"standard","meta":{"footnotes":""},"categories":[38],"tags":[],"class_list":["post-40918","post","type-post","status-publish","format-standard","has-post-thumbnail","hentry","category-regional"],"jetpack_featured_media_url":"https:\/\/radiorevelacionfm.cl\/wp-content\/uploads\/2024\/04\/aromo-3-1_optimized.jpg","_links":{"self":[{"href":"https:\/\/radiorevelacionfm.cl\/index.php?rest_route=\/wp\/v2\/posts\/40918","targetHints":{"allow":["GET"]}}],"collection":[{"href":"https:\/\/radiorevelacionfm.cl\/index.php?rest_route=\/wp\/v2\/posts"}],"about":[{"href":"https:\/\/radiorevelacionfm.cl\/index.php?rest_route=\/wp\/v2\/types\/post"}],"author":[{"embeddable":true,"href":"https:\/\/radiorevelacionfm.cl\/index.php?rest_route=\/wp\/v2\/users\/1"}],"replies":[{"embeddable":true,"href":"https:\/\/radiorevelacionfm.cl\/index.php?rest_route=%2Fwp%2Fv2%2Fcomments&post=40918"}],"version-history":[{"count":1,"href":"https:\/\/radiorevelacionfm.cl\/index.php?rest_route=\/wp\/v2\/posts\/40918\/revisions"}],"predecessor-version":[{"id":40920,"href":"https:\/\/radiorevelacionfm.cl\/index.php?rest_route=\/wp\/v2\/posts\/40918\/revisions\/40920"}],"wp:featuredmedia":[{"embeddable":true,"href":"https:\/\/radiorevelacionfm.cl\/index.php?rest_route=\/wp\/v2\/media\/40919"}],"wp:attachment":[{"href":"https:\/\/radiorevelacionfm.cl\/index.php?rest_route=%2Fwp%2Fv2%2Fmedia&parent=40918"}],"wp:term":[{"taxonomy":"category","embeddable":true,"href":"https:\/\/radiorevelacionfm.cl\/index.php?rest_route=%2Fwp%2Fv2%2Fcategories&post=40918"},{"taxonomy":"post_tag","embeddable":true,"href":"https:\/\/radiorevelacionfm.cl\/index.php?rest_route=%2Fwp%2Fv2%2Ftags&post=40918"}],"curies":[{"name":"wp","href":"https:\/\/api.w.org\/{rel}","templated":true}]}}