{"id":40915,"date":"2024-04-02T10:45:54","date_gmt":"2024-04-02T13:45:54","guid":{"rendered":"https:\/\/radiorevelacionfm.cl\/?p=40915"},"modified":"2024-04-02T10:45:54","modified_gmt":"2024-04-02T13:45:54","slug":"finalizan-con-gran-exito-las-fiestas-costumbristas-de-puerto-puyuhuapi-con-una-alta-concurrencia","status":"publish","type":"post","link":"https:\/\/radiorevelacionfm.cl\/?p=40915","title":{"rendered":"Finalizan con gran \u00e9xito las Fiestas Costumbristas de Puerto Puyuhuapi, con una alta concurrencia"},"content":{"rendered":"<div class=\"flex_column av_one_full  flex_column_div av-zero-column-padding first  avia-builder-el-0  el_before_av_one_full  avia-builder-el-first  \" style='border-radius:0px; '><div  class='avia-image-container  av-styling-    avia-builder-el-1  avia-builder-el-no-sibling  avia-align-center '  itemprop=\"image\" itemscope=\"itemscope\" itemtype=\"https:\/\/schema.org\/ImageObject\"  ><div class='avia-image-container-inner'><div class='avia-image-overlay-wrap'><img decoding=\"async\" class='wp-image-40916 avia-img-lazy-loading-not-40916 avia_image' src=\"https:\/\/radiorevelacionfm.cl\/wp-content\/uploads\/2024\/04\/foto-4-11-1_optimized-1.jpeg\" alt='' title='foto-4-(11)-(1)_optimized (1)' height=\"600\" width=\"1333\"  itemprop=\"thumbnailUrl\" srcset=\"https:\/\/radiorevelacionfm.cl\/wp-content\/uploads\/2024\/04\/foto-4-11-1_optimized-1.jpeg 1333w, https:\/\/radiorevelacionfm.cl\/wp-content\/uploads\/2024\/04\/foto-4-11-1_optimized-1-300x135.jpeg 300w, https:\/\/radiorevelacionfm.cl\/wp-content\/uploads\/2024\/04\/foto-4-11-1_optimized-1-1030x464.jpeg 1030w, https:\/\/radiorevelacionfm.cl\/wp-content\/uploads\/2024\/04\/foto-4-11-1_optimized-1-768x346.jpeg 768w, https:\/\/radiorevelacionfm.cl\/wp-content\/uploads\/2024\/04\/foto-4-11-1_optimized-1-705x317.jpeg 705w, https:\/\/radiorevelacionfm.cl\/wp-content\/uploads\/2024\/04\/foto-4-11-1_optimized-1-450x203.jpeg 450w, https:\/\/radiorevelacionfm.cl\/wp-content\/uploads\/2024\/04\/foto-4-11-1_optimized-1-600x270.jpeg 600w\" sizes=\"(max-width: 1333px) 100vw, 1333px\" \/><\/div><\/div><\/div><\/div><div class=\"flex_column av_one_full  flex_column_div av-zero-column-padding first  avia-builder-el-2  el_after_av_one_full  el_before_av_one_full  column-top-margin\" style='border-radius:0px; '><section class=\"av_textblock_section \"  itemscope=\"itemscope\" itemtype=\"https:\/\/schema.org\/BlogPosting\" itemprop=\"blogPost\" ><div class='avia_textblock  '   itemprop=\"text\" ><p style=\"text-align: center;\"><span style=\"font-size: 18pt;\"><b>Finalizan con gran \u00e9xito las Fiestas Costumbristas de Puerto Puyuhuapi, con una alta concurrencia<\/b><\/span><\/p>\n<div id=\"gtx-trans\" style=\"position: absolute; left: -50px; top: 4.31534px;\">\n<div class=\"gtx-trans-icon\"><\/div>\n<\/div>\n<\/div><\/section><\/div><div class=\"flex_column av_one_full  flex_column_div av-zero-column-padding first  avia-builder-el-4  el_after_av_one_full  el_before_av_hr  column-top-margin\" style='border-radius:0px; '><section class=\"av_textblock_section \"  itemscope=\"itemscope\" itemtype=\"https:\/\/schema.org\/BlogPosting\" itemprop=\"blogPost\" ><div class='avia_textblock  '   itemprop=\"text\" ><p dir=\"ltr\" style=\"text-align: justify;\">Con gran \u00e9xito culminan la Decimocuarta Versi\u00f3n de la Fiesta Costumbrista \u00abEntre Curanto y Kuchen\u00bb, organizada por el Consejo de la Cultura de Puyuhuapi, y la Segunda Versi\u00f3n de la \u00abFeria Gastron\u00f3mica del Mar\u00bb, organizada por el Sindicato de Buzos y Pescadores Artesanales de Puyuhuapi. Ambos eventos se llevaron a cabo el pasado fin de semana en el gimnasio municipal de la localidad.<\/p>\n<p dir=\"ltr\" style=\"text-align: justify;\">La alta concurrencia de p\u00fablico, tanto local como proveniente de otras regiones del pa\u00eds y del extranjero, disfrut\u00f3 durante los d\u00edas del evento de la gastronom\u00eda local, que incluy\u00f3 curanto, ceviches, empanadas, kuchenes, cervezas artesanales y mucho m\u00e1s. Adem\u00e1s, los asistentes tuvieron la oportunidad de apreciar la artesan\u00eda local, as\u00ed como de disfrutar de m\u00fasica y bailes folcl\u00f3ricos sure\u00f1os.<\/p>\n<p dir=\"ltr\" style=\"text-align: justify;\">\u201cCon esta actividad, nosotros como Comuna de Cisnes cerramos lo que es la programaci\u00f3n de actividades estivales, cerramos el verano y la temporada, y obviamente con la presencia de todos ustedes, por supuesto agradecer al Consejo de la Cultura y al Sindicato por sacar adelante esta evento y a los equipos municipales que han estado apoyando esta iniciativa\u201d, destac\u00f3 el alcalde de la Comuna de Cisnes, Francisco Roncagliolo Lepio.<\/p>\n<p dir=\"ltr\" style=\"text-align: justify;\">Muy contenta por todo lo realizado y que nuevamente haya tenido \u00e9xito la fusi\u00f3n de las dos fiestas, qued\u00f3 la presidenta del Consejo de la Cultura de Puyuhuapi, Pamela Rodr\u00edguez, quien manifest\u00f3 que la idea es \u201cposicionar a Puyuhuapi como un sector gastron\u00f3mico culinario de mar y del kuchen, rescatando siempre nuestros frutos silvestres y productos locales\u201d. Adem\u00e1s, agreg\u00f3 que retomar el concurso del mejor kuchen fue todo un desaf\u00edo, pero agradeci\u00f3 a todas las concursantes que llegaron con sus kuchenes a la competencia. El primer lugar lo obtuvo la participante de Ra\u00fal Mar\u00edn Balmaceda, segundo lugar, desde las Termas del Ventisquero y el tercer lugar proveniente de La Junta.<\/p>\n<p dir=\"ltr\" style=\"text-align: justify;\">Andrea Mac\u00edas Palma, Gobernadora Regional de Ays\u00e9n, se\u00f1alo \u201cPara nosotros como Gobierno Regional poder estar apoyando este evento, no tiene que ver solamente con un aporte de financiamiento, sino tiene que ver de c\u00f3mo, a partir del fortalecimiento de estos espacios ponemos en valor esta fusi\u00f3n tan rica que identifica la identidad de Puyuhuapi, y que es parte de nuestro territorio\u201d, se\u00f1al\u00f3 la primera autoridad regional.<\/p>\n<p dir=\"ltr\" style=\"text-align: justify;\">Momento emotivo se vivi\u00f3 en la segunda jornada, con la exhibici\u00f3n del documental \u201cMujeres del Mar en Puyuhuapi\u201d y el reconocimiento a cada una de ellas. As\u00ed lo destac\u00f3 Luis Fuentes, presidente del SIT de buzos y pescadores artesanales de Puyuhuapi. \u201cMuy contento, sobre todo las mujeres que fueron reconocidas, muy agradecidas ellas, que esta instituci\u00f3n que presido yo, la hayan tomado en cuenta y reconocer su trabajo en la pesca artesanal, un trabajo muy duro y forzoso y que nadie lo comenta\u201d.<\/p>\n<p dir=\"ltr\" style=\"text-align: justify;\">Cabe mencionar, que durante las fiestas costumbristas, estuvieron presente en el escenario el cantautor puyuhuapino Mauro Zu\u00f1iga, desde Coyhaique nuevamente el grupo Danza y Tradici\u00f3n, y todo el entusiasmo del cuadro folcl\u00f3rico desde Chilo\u00e9, Nal Hue, que con sus 21 m\u00fasicos deleitaron a los presentes. La fiesta bailable estuvo a cargo de la Sonora Dos Hileras, Los Cumpas de Coyhaique, Rafa y sus Teclados, Energ\u00eda X, Los Bravos de Chile y S\u00faper Banda Remix.<\/p>\n<div class=\"yj6qo\" style=\"text-align: justify;\"><\/div>\n<div class=\"adL\" style=\"text-align: justify;\"><\/div>\n<\/div><\/section><\/div><div  style='height:50px' class='hr hr-invisible   avia-builder-el-6  el_after_av_one_full  el_before_av_social_share '><span class='hr-inner ' ><span class='hr-inner-style'><\/span><\/span><\/div><\/p>\n<div  class='av-social-sharing-box  avia-builder-el-7  el_after_av_hr  el_before_av_hr  '><div class='av-share-box'><h5 class='av-share-link-description av-no-toc '>Compartir esta noticia<\/h5><ul class='av-share-box-list noLightbox'><li class='av-share-link av-social-link-facebook' ><a target=\"_blank\" aria-label=\"Compartir en Facebook\" href='https:\/\/www.facebook.com\/sharer.php?u=https:\/\/radiorevelacionfm.cl\/?p=40915&#038;t=Finalizan%20con%20gran%20%C3%A9xito%20las%20Fiestas%20Costumbristas%20de%20Puerto%20Puyuhuapi%2C%20con%20una%20alta%20concurrencia' aria-hidden='false' data-av_icon='\ue8f3' data-av_iconfont='entypo-fontello' title='' data-avia-related-tooltip='Compartir en Facebook' rel=\"noopener\"><span class='avia_hidden_link_text'>Compartir en Facebook<\/span><\/a><\/li><li class='av-share-link av-social-link-twitter' ><a target=\"_blank\" aria-label=\"Compartir en Twitter\" href='https:\/\/twitter.com\/share?text=Finalizan%20con%20gran%20%C3%A9xito%20las%20Fiestas%20Costumbristas%20de%20Puerto%20Puyuhuapi%2C%20con%20una%20alta%20concurrencia&#038;url=https:\/\/radiorevelacionfm.cl\/?p=40915' aria-hidden='false' data-av_icon='\ue8f1' data-av_iconfont='entypo-fontello' title='' data-avia-related-tooltip='Compartir en Twitter' rel=\"noopener\"><span class='avia_hidden_link_text'>Compartir en Twitter<\/span><\/a><\/li><li class='av-share-link av-social-link-whatsapp' ><a target=\"_blank\" aria-label=\"Compartir en Whatsapp\" href='https:\/\/api.whatsapp.com\/send?text=https:\/\/radiorevelacionfm.cl\/?p=40915' aria-hidden='false' data-av_icon='\uf232' data-av_iconfont='entypo-fontello' title='' data-avia-related-tooltip='Compartir en Whatsapp' rel=\"noopener\"><span class='avia_hidden_link_text'>Compartir en Whatsapp<\/span><\/a><\/li><li class='av-share-link av-social-link-linkedin' ><a target=\"_blank\" aria-label=\"Compartir en LinkedIn\" href='https:\/\/linkedin.com\/shareArticle?mini=true&#038;title=Finalizan%20con%20gran%20%C3%A9xito%20las%20Fiestas%20Costumbristas%20de%20Puerto%20Puyuhuapi%2C%20con%20una%20alta%20concurrencia&#038;url=https:\/\/radiorevelacionfm.cl\/?p=40915' aria-hidden='false' data-av_icon='\ue8fc' data-av_iconfont='entypo-fontello' title='' data-avia-related-tooltip='Compartir en LinkedIn' rel=\"noopener\"><span class='avia_hidden_link_text'>Compartir en LinkedIn<\/span><\/a><\/li><li class='av-share-link av-social-link-mail' ><a  aria-label=\"Compartir por correo\" href='mailto:?subject=Finalizan%20con%20gran%20%C3%A9xito%20las%20Fiestas%20Costumbristas%20de%20Puerto%20Puyuhuapi%2C%20con%20una%20alta%20concurrencia&#038;body=https:\/\/radiorevelacionfm.cl\/?p=40915' aria-hidden='false' data-av_icon='\ue805' data-av_iconfont='entypo-fontello' title='' data-avia-related-tooltip='Compartir por correo'><span class='avia_hidden_link_text'>Compartir por correo<\/span><\/a><\/li><\/ul><\/div><\/div>\n<div  style='height:50px' class='hr hr-invisible   avia-builder-el-8  el_after_av_social_share  el_before_av_comments_list '><span class='hr-inner ' ><span class='hr-inner-style'><\/span><\/span><\/div>\n<div  class='av-buildercomment  av-blog-meta-html-info-disabled av-blog-meta-tag-disabled  '><\/div>\n","protected":false},"excerpt":{"rendered":"","protected":false},"author":1,"featured_media":40916,"comment_status":"open","ping_status":"open","sticky":false,"template":"","format":"standard","meta":{"footnotes":""},"categories":[38],"tags":[],"class_list":["post-40915","post","type-post","status-publish","format-standard","has-post-thumbnail","hentry","category-regional"],"jetpack_featured_media_url":"https:\/\/radiorevelacionfm.cl\/wp-content\/uploads\/2024\/04\/foto-4-11-1_optimized-1.jpeg","_links":{"self":[{"href":"https:\/\/radiorevelacionfm.cl\/index.php?rest_route=\/wp\/v2\/posts\/40915","targetHints":{"allow":["GET"]}}],"collection":[{"href":"https:\/\/radiorevelacionfm.cl\/index.php?rest_route=\/wp\/v2\/posts"}],"about":[{"href":"https:\/\/radiorevelacionfm.cl\/index.php?rest_route=\/wp\/v2\/types\/post"}],"author":[{"embeddable":true,"href":"https:\/\/radiorevelacionfm.cl\/index.php?rest_route=\/wp\/v2\/users\/1"}],"replies":[{"embeddable":true,"href":"https:\/\/radiorevelacionfm.cl\/index.php?rest_route=%2Fwp%2Fv2%2Fcomments&post=40915"}],"version-history":[{"count":1,"href":"https:\/\/radiorevelacionfm.cl\/index.php?rest_route=\/wp\/v2\/posts\/40915\/revisions"}],"predecessor-version":[{"id":40917,"href":"https:\/\/radiorevelacionfm.cl\/index.php?rest_route=\/wp\/v2\/posts\/40915\/revisions\/40917"}],"wp:featuredmedia":[{"embeddable":true,"href":"https:\/\/radiorevelacionfm.cl\/index.php?rest_route=\/wp\/v2\/media\/40916"}],"wp:attachment":[{"href":"https:\/\/radiorevelacionfm.cl\/index.php?rest_route=%2Fwp%2Fv2%2Fmedia&parent=40915"}],"wp:term":[{"taxonomy":"category","embeddable":true,"href":"https:\/\/radiorevelacionfm.cl\/index.php?rest_route=%2Fwp%2Fv2%2Fcategories&post=40915"},{"taxonomy":"post_tag","embeddable":true,"href":"https:\/\/radiorevelacionfm.cl\/index.php?rest_route=%2Fwp%2Fv2%2Ftags&post=40915"}],"curies":[{"name":"wp","href":"https:\/\/api.w.org\/{rel}","templated":true}]}}